{"id":113087,"date":"2025-05-06T19:04:20","date_gmt":"2025-05-06T19:04:20","guid":{"rendered":"https:\/\/rdnews.al\/?p=113087"},"modified":"2025-05-06T19:04:20","modified_gmt":"2025-05-06T19:04:20","slug":"duka-me-11-maj-beni-ate-qe-duhet-pd-ashm-prezantoi-nje-program-te-qarte-dhe-serioz","status":"publish","type":"post","link":"https:\/\/rdnews.al\/index.php\/2025\/05\/06\/duka-me-11-maj-beni-ate-qe-duhet-pd-ashm-prezantoi-nje-program-te-qarte-dhe-serioz\/","title":{"rendered":"Duka: M\u00eb 11 maj b\u00ebni at\u00eb q\u00eb duhet! PD-ASHM prezantoi nj\u00eb program t\u00eb qart\u00eb dhe serioz!"},"content":{"rendered":"<p>Kryetari i Partis\u00eb Agrare Ambientaliste, Agron Duka, mbajti nj\u00eb fjalim n\u00eb Durr\u00ebs gjat\u00eb takimit p\u00ebrmbyll\u00ebs t\u00eb Sali Berish\u00ebs. Ai theksoi se fushata kishte p\u00ebr q\u00ebllim largimin e nj\u00eb qeverie q\u00eb ka kthyer korrupsionin n\u00eb model qeveris\u00ebs.<\/p>\n<p>Duka akuzoi kund\u00ebrshtar\u00ebt politik\u00eb p\u00ebr nj\u00eb fushat\u00eb t\u00eb mbushur me banalitete dhe pa asnj\u00eb shpjegim p\u00ebr premtimet e pambajtura. Ai vuri theksin te mungesa e programeve p\u00ebr sh\u00ebndet\u00ebsin\u00eb, arsimin, bujq\u00ebsin\u00eb dhe prodhimin vendas.<\/p>\n<p><strong>Duka:\u00a0<\/strong>Kur hym\u00eb n\u00eb k\u00ebt\u00eb fushat\u00eb, padyshim q\u00eb kishim nj\u00eb q\u00ebllim, ta largojm\u00eb k\u00ebt\u00eb qeveri q\u00eb korrupsionin e ka kthyer n\u00eb model qeverisje.<br \/>\nSinqerisht un\u00eb jo vet\u00ebm si politikan prej shum\u00eb vitesh, por edhe si qytetar i k\u00ebtij vendi ndihem i fyer nga gjuha e kund\u00ebrshtar\u00ebve tan\u00eb, nj\u00eb fushat\u00eb e mbushur me banalitete.<br \/>\nNj\u00eb parti q\u00eb k\u00ebrkon mandatin e 4 dhe nuk jep asnj\u00eb shpjegim pse s\u2019ka b\u00ebr\u00eb ende ato q\u00eb premtoi n\u00eb mandatin e par\u00eb, nuk meriton t\u00eb votohet.<\/p>\n<p>Kjo \u00ebsht\u00eb arsyeja e par\u00eb pse un\u00eb mendoj q\u00eb ata duhet t\u00eb ikin, jo se duhet t\u00eb vijm\u00eb ne, por sepse jan\u00eb b\u00ebr\u00eb turpi i k\u00ebtij vendi dhe k\u00ebtij populli.<\/p>\n<p>Pyetja q\u00eb duhet t\u2019i b\u00ebj\u00eb vetes \u00e7do shqiptar para se t\u00eb votoj\u00eb \u00ebsht\u00eb \u2018\u00e7far\u00eb programi kan\u00eb\u2019, \u00e7far\u00eb do t\u00eb b\u00ebjn\u00eb p\u00ebr spitalet q\u00eb nuk kan\u00eb ila\u00e7e, \u00e7far\u00eb do t\u00eb b\u00ebjn\u00eb p\u00ebr bujq\u00ebsin\u00eb dhe p\u00ebr fshatin q\u00eb po braktiset \u00e7do dit\u00eb.<\/p>\n<p>\u00c7far\u00eb programi kan\u00eb p\u00ebr mjedisin, \u00e7far\u00eb do b\u00ebjn\u00eb p\u00ebr arsimin, se arsim nuk \u00ebsht\u00eb vet\u00ebm t\u00eb lyesh shkollat me boj\u00eb.<\/p>\n<p>\u00c7far\u00eb do b\u00ebjn\u00eb p\u00ebr sektorin prodhues, asnj\u00eb projekt, asnj\u00eb program.<\/p>\n<p>Vet\u00ebm t\u2019u nxjerrin nj\u00eb pasaport\u00eb, a thua se n\u00eb BE shkohet me shumic\u00eb votash, jo me plot\u00ebsimin e kritereve.<\/p>\n<p>P\u00ebrball\u00eb programit tallava, ne prezantuam nj\u00eb program shum\u00eb t\u00eb qart\u00eb dhe serioz.<\/p>\n<p>Programi yn\u00eb \u00ebsht\u00eb i qart\u00eb dhe serioz, minimum jetik, rritje pensionesh, garantimin e rimbursimit t\u00eb ila\u00e7eve, rritjen disa fish t\u00eb subvencioneve n\u00eb bujq\u00ebsi, mbrojtjen e prodhimit bujq\u00ebsor vendas p\u00ebrball\u00eb vendeve fqinj e t\u00eb tjer\u00eb.<\/p>\n<p>M\u00eb 11 maj t\u00eb gjith\u00eb demokrat\u00eb e socialist\u00eb, me parti dhe pa parti, b\u00ebni at\u00eb q\u00eb duhet b\u00ebr\u00eb.<\/p>\n<p>N\u00eb em\u00ebr t\u00eb Partis\u00eb Agrare Ambientaliste, un\u00eb ju ftoj t\u00eb merrni pjes\u00eb masivisht n\u00eb zgjedhje, t\u00eb votoni kandidat\u00ebt tan\u00eb dhe koalicionin Shqip\u00ebria Madh\u00ebshtore.<\/p>\n","protected":false},"excerpt":{"rendered":"<p>Kryetari i Partis\u00eb Agrare Ambientaliste, Agron Duka, mbajti nj\u00eb fjalim n\u00eb Durr\u00ebs gjat\u00eb takimit p\u00ebrmbyll\u00ebs t\u00eb Sali Berish\u00ebs. Ai theksoi se fushata kishte p\u00ebr q\u00ebllim largimin e nj\u00eb qeverie q\u00eb ka kthyer korrupsionin n\u00eb model qeveris\u00ebs. Duka akuzoi kund\u00ebrshtar\u00ebt politik\u00eb p\u00ebr nj\u00eb fushat\u00eb t\u00eb mbushur me banalitete dhe pa asnj\u00eb shpjegim p\u00ebr premtimet e pambajtura. &hellip;<\/p>\n","protected":false},"author":4,"featured_media":113088,"comment_status":"closed","ping_status":"closed","sticky":false,"template":"","format":"standard","meta":{"footnotes":""},"categories":[37],"tags":[],"class_list":["post-113087","post","type-post","status-publish","format-standard","has-post-thumbnail","","category-politike"],"_links":{"self":[{"href":"https:\/\/rdnews.al\/index.php\/wp-json\/wp\/v2\/posts\/113087","targetHints":{"allow":["GET"]}}],"collection":[{"href":"https:\/\/rdnews.al\/index.php\/wp-json\/wp\/v2\/posts"}],"about":[{"href":"https:\/\/rdnews.al\/index.php\/wp-json\/wp\/v2\/types\/post"}],"author":[{"embeddable":true,"href":"https:\/\/rdnews.al\/index.php\/wp-json\/wp\/v2\/users\/4"}],"replies":[{"embeddable":true,"href":"https:\/\/rdnews.al\/index.php\/wp-json\/wp\/v2\/comments?post=113087"}],"version-history":[{"count":1,"href":"https:\/\/rdnews.al\/index.php\/wp-json\/wp\/v2\/posts\/113087\/revisions"}],"predecessor-version":[{"id":113089,"href":"https:\/\/rdnews.al\/index.php\/wp-json\/wp\/v2\/posts\/113087\/revisions\/113089"}],"wp:featuredmedia":[{"embeddable":true,"href":"https:\/\/rdnews.al\/index.php\/wp-json\/wp\/v2\/media\/113088"}],"wp:attachment":[{"href":"https:\/\/rdnews.al\/index.php\/wp-json\/wp\/v2\/media?parent=113087"}],"wp:term":[{"taxonomy":"category","embeddable":true,"href":"https:\/\/rdnews.al\/index.php\/wp-json\/wp\/v2\/categories?post=113087"},{"taxonomy":"post_tag","embeddable":true,"href":"https:\/\/rdnews.al\/index.php\/wp-json\/wp\/v2\/tags?post=113087"}],"curies":[{"name":"wp","href":"https:\/\/api.w.org\/{rel}","templated":true}]}}