{"id":113090,"date":"2025-05-06T19:09:29","date_gmt":"2025-05-06T19:09:29","guid":{"rendered":"https:\/\/rdnews.al\/?p=113090"},"modified":"2025-05-06T19:09:29","modified_gmt":"2025-05-06T19:09:29","slug":"berisha-paralajmeron-kriminelet-elektorale-ne-durres-nuk-do-gjeni-as-vrime-miu-kudo-qe-jeni-do-ju-kapim","status":"publish","type":"post","link":"https:\/\/rdnews.al\/index.php\/2025\/05\/06\/berisha-paralajmeron-kriminelet-elektorale-ne-durres-nuk-do-gjeni-as-vrime-miu-kudo-qe-jeni-do-ju-kapim\/","title":{"rendered":"Berisha paralajm\u00ebron kriminel\u00ebt elektoral\u00eb n\u00eb Durr\u00ebs: Nuk do gjeni as vrim\u00eb miu! Kudo q\u00eb jeni, do ju kapim!"},"content":{"rendered":"<p>Kryetari i Partis\u00eb Demokratike, Sali Berisha ka paralajm\u00ebruar kriminel\u00ebt elektorale q\u00eb po blejn\u00eb vota n\u00eb Durr\u00ebs, se pas 11 majit nuk do t\u00eb ken\u00eb vend ku t\u00eb fshihen.<\/p>\n<p>Berisha tha se, k\u00ebto zgjedhje ndajn\u00eb qytetar\u00ebt, atdhetar\u00ebt, ndajn\u00eb ata q\u00eb duan Durr\u00ebsin, ndajn\u00eb njer\u00ebzit me dinjitet, ndajn\u00eb njer\u00ebzit e virtytsh\u00ebm nga ata t\u00eb cil\u00ebt komandohen nga bandat dhe krimi dhe besojn\u00eb se mund t\u2019i imponojn\u00eb Durr\u00ebsit vullnetin e tyre.<\/p>\n<p>\u201cT\u00eb dashur qytetare dhe qytetar\u00eb t\u00eb Durr\u00ebsit, Shijakut, Sukthit, mir\u00ebnjohjen time m\u00eb t\u00eb pakufishme, respektin tim m\u00eb t\u00eb madh p\u00ebr k\u00ebt\u00eb miting madh\u00ebshtor, t\u00eb zjarrt\u00eb, por mbi t\u00eb gjitha p\u00ebr mb\u00ebshtetjen tuaj t\u00eb jasht\u00ebzakonshme q\u00eb i keni b\u00ebr\u00eb n\u00eb dekada demokracis\u00eb, PD-s\u00eb. Q\u00ebndrimin tuaj ndaj liris\u00eb, dinjitetit njer\u00ebzor, vlerave t\u00eb saj, dashuris\u00eb tuaj p\u00ebr Durr\u00ebsin dhe Shqip\u00ebrin\u00eb.<\/p>\n<p>I dashur zoti Oerd Bylykbashi, udh\u00ebheq\u00ebs politik i Aleanc\u00ebs p\u00ebr Shqip\u00ebrin\u00eb Madh\u00ebshtore n\u00eb Durr\u00ebs.<\/p>\n<p>I dashur zoti Agron Duka, kryetari i Partis\u00eb Ambientaliste Agrare, aleat i \u00e7muar n\u00eb aleanc\u00ebn fitimtare p\u00ebr Shqip\u00ebrin\u00eb madh\u00ebshtore.<\/p>\n<p>I dashur miku un\u00eb i shquar, Filip Grifin, mik i kryestrategut t\u00eb rikthimit m\u00eb t\u00eb jasht\u00ebzakonsh\u00ebm n\u00eb historin\u00eb e njer\u00ebzimit, Kris LaCivita, rikthimit t\u00eb presidentit Donald Trump.<\/p>\n<p>T\u00eb dashur kryetar\u00eb t\u00eb PD t\u00eb deg\u00ebs Durr\u00ebs, Sukth, Shijak.<\/p>\n<p>T\u00eb nderuar kandidat\u00eb dhe kandidate p\u00ebr deputet\u00eb t\u00eb PD dhe Aleanc\u00ebs p\u00ebr Shqip\u00ebrin\u00eb Madh\u00ebshtore, t\u00eb qarkut t\u00eb Durr\u00ebsit, krenari e v\u00ebrtet\u00eb e PD, krenari e v\u00ebrtet\u00eb e qytetar\u00ebve t\u00eb Durr\u00ebsit dhe mbar\u00eb Shqip\u00ebris\u00eb.<\/p>\n<p>T\u00eb dashur miq, ne jemi krenar\u00eb me k\u00ebta zot\u00ebrinj dhe k\u00ebto zonja se para s\u00eb gjithash dhe mbi t\u00eb gjitha k\u00ebta jan\u00eb nj\u00eb grup qytetar\u00ebsh midis jush, q\u00eb u p\u00ebrfaq\u00ebsojn\u00eb ju, p\u00ebrfaq\u00ebsojn\u00eb moralin tuaj, vlerat tuaja, interesat tuaja, virtytet tuaja.<\/p>\n<p>K\u00ebto zonja dhe zot\u00ebrinj dallojn\u00eb si nata me dit\u00ebn, si e v\u00ebrteta me g\u00ebnjeshtr\u00ebn me kandidat\u00ebt e Sakos, me kandidat\u00ebt e Poj\u00ebs, me kandidat\u00ebt e Hajrit, me kandidat\u00ebt e terrorist\u00ebve elektoral\u00eb, t\u00eb cil\u00ebt do marrin nd\u00ebshkimin m\u00eb t\u00eb merituar pas dat\u00ebs 12 maj.<\/p>\n<p>Miq, k\u00ebto zgjedhje ndajn\u00eb qytetar\u00ebt, atdhetar\u00ebt, ndajn\u00eb ata q\u00eb duan Durr\u00ebsin, ndajn\u00eb njer\u00ebzit me dinjitet, ndajn\u00eb njer\u00ebzit e virtytsh\u00ebm nga ata t\u00eb cil\u00ebt komandohen nga bandat dhe krimi dhe besojn\u00eb se mund t\u2019i imponojn\u00eb Durr\u00ebsit vullnetin e tyre.<\/p>\n<p>Ja ku po e deklaroj para jush, vrim\u00eb miu nuk do gjejn\u00eb.<\/p>\n<p>Kudo q\u00eb t\u00eb jen\u00eb do i kapim, me Sakon, me Gjushin, me kandidat\u00ebt e tyre.<\/p>\n<p>P\u00ebr ta nuk ka vend n\u00eb parlament.<\/p>\n<p>P\u00ebr ta ka vend n\u00eb koshin e plehrave t\u00eb historis\u00eb.<\/p>\n<p>E dashur Ermira, krenaria e Durr\u00ebsit, krenaria e Shqip\u00ebris\u00eb dhe krenaria e kombit.<\/p>\n<p>Historia q\u00eb tregove k\u00ebtu, arritjet tuaja jan\u00eb nj\u00eb frym\u00ebzim p\u00ebr \u00e7do shqiptar, jan\u00eb frym\u00ebzim p\u00ebr \u00e7do t\u00eb ri dhe t\u00eb re, d\u00ebshmi e asaj se \u00e7far\u00eb mund t\u00eb b\u00ebjn\u00eb me vullnetin e tyre, me karakterin e hekurt, me guximin e tyre, t\u00eb rinjt\u00eb dhe t\u00eb rejat mund t\u00eb kapin Everestet e t\u00eb gjitha fushave, n\u00eb sport, n\u00eb shkenc\u00eb dhe kudo tjet\u00ebr.<\/p>\n<p>Miq, 11 Maji \u00ebsht\u00eb nj\u00eb dit\u00eb e madhe n\u00eb betej\u00ebn e shqiptar\u00ebve p\u00ebr dinjitet njer\u00ebzor.<\/p>\n<p>N\u00eb betej\u00ebn e shqiptar\u00ebve p\u00ebr mir\u00ebqenie, begati dhe pun\u00ebsim.<\/p>\n<p>\u00cbsht\u00eb nj\u00eb dit\u00eb e madhe n\u00eb besimin e tyre tek Durr\u00ebsi dhe Shqip\u00ebria.<\/p>\n<p>Shpresat dhe besimin tek e ardhmja.<\/p>\n<p>Durr\u00ebsi i shekujve dhe mij\u00ebvje\u00e7ar\u00ebve, Durr\u00ebsi i qytetar\u00ebve t\u00eb mrekulluesh\u00ebm, kryeur\u00eb e kombit me Per\u00ebndimin, kam bindjen m\u00eb t\u00eb thell\u00eb se me 12 Maj gdhin i t\u00ebri si\u00e7 \u00ebsht\u00eb n\u00eb shpirt, fitimtar, virtuoz, i pamposhtur.<\/p>\n<p>Me 11 Maj, ne ndahemi nga nj\u00eb l\u00ebngat\u00eb. Nga nj\u00eb e keqe q\u00eb kaploi Durr\u00ebsin dhe Shqip\u00ebrin\u00eb, q\u00eb i varf\u00ebroi nga viti n\u00eb vit shqiptar\u00ebt dhe q\u00eb i largoi ata nga Shqip\u00ebria\u201d, u shpreh Berisha.<\/p>\n","protected":false},"excerpt":{"rendered":"<p>Kryetari i Partis\u00eb Demokratike, Sali Berisha ka paralajm\u00ebruar kriminel\u00ebt elektorale q\u00eb po blejn\u00eb vota n\u00eb Durr\u00ebs, se pas 11 majit nuk do t\u00eb ken\u00eb vend ku t\u00eb fshihen. Berisha tha se, k\u00ebto zgjedhje ndajn\u00eb qytetar\u00ebt, atdhetar\u00ebt, ndajn\u00eb ata q\u00eb duan Durr\u00ebsin, ndajn\u00eb njer\u00ebzit me dinjitet, ndajn\u00eb njer\u00ebzit e virtytsh\u00ebm nga ata t\u00eb cil\u00ebt komandohen nga &hellip;<\/p>\n","protected":false},"author":4,"featured_media":113091,"comment_status":"closed","ping_status":"closed","sticky":false,"template":"","format":"standard","meta":{"footnotes":""},"categories":[37],"tags":[],"class_list":["post-113090","post","type-post","status-publish","format-standard","has-post-thumbnail","","category-politike"],"_links":{"self":[{"href":"https:\/\/rdnews.al\/index.php\/wp-json\/wp\/v2\/posts\/113090","targetHints":{"allow":["GET"]}}],"collection":[{"href":"https:\/\/rdnews.al\/index.php\/wp-json\/wp\/v2\/posts"}],"about":[{"href":"https:\/\/rdnews.al\/index.php\/wp-json\/wp\/v2\/types\/post"}],"author":[{"embeddable":true,"href":"https:\/\/rdnews.al\/index.php\/wp-json\/wp\/v2\/users\/4"}],"replies":[{"embeddable":true,"href":"https:\/\/rdnews.al\/index.php\/wp-json\/wp\/v2\/comments?post=113090"}],"version-history":[{"count":1,"href":"https:\/\/rdnews.al\/index.php\/wp-json\/wp\/v2\/posts\/113090\/revisions"}],"predecessor-version":[{"id":113092,"href":"https:\/\/rdnews.al\/index.php\/wp-json\/wp\/v2\/posts\/113090\/revisions\/113092"}],"wp:featuredmedia":[{"embeddable":true,"href":"https:\/\/rdnews.al\/index.php\/wp-json\/wp\/v2\/media\/113091"}],"wp:attachment":[{"href":"https:\/\/rdnews.al\/index.php\/wp-json\/wp\/v2\/media?parent=113090"}],"wp:term":[{"taxonomy":"category","embeddable":true,"href":"https:\/\/rdnews.al\/index.php\/wp-json\/wp\/v2\/categories?post=113090"},{"taxonomy":"post_tag","embeddable":true,"href":"https:\/\/rdnews.al\/index.php\/wp-json\/wp\/v2\/tags?post=113090"}],"curies":[{"name":"wp","href":"https:\/\/api.w.org\/{rel}","templated":true}]}}