{"id":113093,"date":"2025-05-06T19:15:54","date_gmt":"2025-05-06T19:15:54","guid":{"rendered":"https:\/\/rdnews.al\/?p=113093"},"modified":"2025-05-06T19:15:54","modified_gmt":"2025-05-06T19:15:54","slug":"pakti-kombetar-per-rinine-berisha-i-premton-sportistes-se-re-do-keni-fond-te-vecante-5-milione-euro","status":"publish","type":"post","link":"https:\/\/rdnews.al\/index.php\/2025\/05\/06\/pakti-kombetar-per-rinine-berisha-i-premton-sportistes-se-re-do-keni-fond-te-vecante-5-milione-euro\/","title":{"rendered":"Pakti komb\u00ebtar p\u00ebr rinin\u00eb\/ Berisha i premton sportistes s\u00eb re: Do keni fond t\u00eb ve\u00e7ant\u00eb 5 milion\u00eb euro"},"content":{"rendered":"<p>N\u00eb fjal\u00ebn e mbajtur para mij\u00ebra qytetar\u00ebve t\u00eb mbledhur n\u00eb Durr\u00ebs, lideri i opozit\u00ebs, Sali Berisha, \u00ebsht\u00eb shprehur se sportist\u00ebt do t\u00eb ken\u00eb fondin e tyre t\u00eb ve\u00e7ant\u00eb p\u00ebr \u00e7do arritje.<\/p>\n<p>Berisha tha se, p\u00ebr talentin e t\u00eb rinjve, n\u00eb sport, kultur\u00eb, teknologji, nj\u00eb fond i ve\u00e7ant\u00eb p\u00ebr t\u00eb mb\u00ebshtetur ata, fillimisht 5 milion\u00eb euro. Dhe kjo e dashur Ermira, do t\u00eb leht\u00ebsoj\u00eb gar\u00ebn evropiane dhe bot\u00ebrore t\u00eb t\u00eb rinjve tan\u00eb. Qeveria e ardhshme ne epiqend\u00ebr t\u00eb programit t\u00eb saj do ket\u00eb f\u00ebmij\u00ebt dhe t\u00eb rinjt\u00eb e Shqip\u00ebris\u00eb. Duhet q\u00eb ata t\u00eb nd\u00ebrtojn\u00eb \u00ebndrr\u00ebn n\u00eb k\u00ebt\u00eb vend\u2019.<\/p>\n<p>\u201cMiq, sot 21 p\u00ebrqind e familjeve shqiptare nuk ushqejn\u00eb dot me tre vakte f\u00ebmij\u00ebt e tyre.<\/p>\n<p>Sot, 720 mij\u00eb burr\u00eb dhe gra marrin nj\u00eb pension qesharak dhe t\u00eb pap\u00ebrfillsh\u00ebm.<\/p>\n<p>Sot, bizneset shqiptare dhe fermat jetojn\u00eb n\u00eb pasiguri t\u00eb plot\u00eb p\u00ebr shkak t\u00eb falimentimeve.<\/p>\n<p>Sot, pasiguria ka pushtuar \u00e7do vat\u00ebr pothuajse.<\/p>\n<p>Qindra mij\u00ebra vatra shqiptare q\u00eb kan\u00eb mbetur pa t\u00eb rinj, kan\u00eb mbetur n\u00eb pasiguri. Sht\u00ebpi pa djep, klasa pa nx\u00ebn\u00ebs.<\/p>\n<p>Vendi num\u00ebron t\u00eb rinjt\u00eb si uj\u00ebt e pak\u00ebt.<\/p>\n<p>Nuk kan\u00eb ul\u00ebritur kurr\u00eb sirenat dhe klithmat e shpirtit t\u00eb k\u00ebtij kombi sa \u00e7\u2019bien ato m\u00eb 11 Maj p\u00ebr ta shp\u00ebtuar at\u00eb.<\/p>\n<p>Miqt\u00eb e mi, programi yn\u00eb ka nj\u00eb zotim solemn, t\u2019i kthej\u00eb kombit rinin\u00eb e rij. T\u00eb kthej\u00eb Durr\u00ebsin dhe kombin n\u00eb mosh\u00ebn e rinis\u00eb.<\/p>\n<p>Ndaj dhe jam k\u00ebtu sot p\u00ebr t\u00eb shpallur p\u00ebr mbar\u00eb t\u00eb rinjt\u00eb shqiptar\u00eb se pakti komb\u00ebtar p\u00ebr rinin\u00eb do t\u00eb jet\u00eb udh\u00ebrr\u00ebfyesi yn\u00eb p\u00ebr t\u00eb rikthyer kombin n\u00eb rinin\u00eb e tij.<\/p>\n<p>Do t\u00eb jet\u00eb pakti me t\u00eb cilin t\u00eb rinjt\u00eb shqiptar\u00eb do nd\u00ebrtojn\u00eb n\u00eb Durr\u00ebs dhe n\u00eb Shqip\u00ebri \u00ebndrr\u00ebn e tyre rinore.<\/p>\n<p>Do jet\u00eb pakti me t\u00eb cilin ne do rikthejm\u00eb t\u00eb rinjt\u00eb shqiptar\u00eb nga mbar\u00eb bota.<\/p>\n<p>Ndaj dhe k\u00ebtu para jush zotohem se do dyfishohet investimi p\u00ebr arsimin, p\u00ebr rikthimin tek shkollat moderne, tek m\u00ebsues q\u00eb nuk do paguhen kurr\u00eb n\u00ebn 1500 euro.<\/p>\n<p>Tek shkollat me teknologjit\u00eb m\u00eb t\u00eb larta.<\/p>\n<p>Hiqet mesatarja p\u00ebr universitetet.<\/p>\n<p>\u00c7do i ri dhe e re q\u00eb diplomohet, n\u00eb kuadrin e paktit komb\u00ebtar p\u00ebr rinin\u00eb, do ket\u00eb nj\u00eb vend pune t\u00eb garantuar n\u00eb sektor publik ose privat.<\/p>\n<p>N\u00eb 100 dit\u00ebt e para, krijohet fondi i rinis\u00eb, me t\u00eb cilin ne do mb\u00ebshtesim me grante \u00e7do t\u00eb ri 5 mij\u00eb euro grant p\u00ebr \u00e7do t\u00eb ri q\u00eb nis biznes apo startup.<\/p>\n<p>Startup Albania do ket\u00eb fondin e ve\u00e7ant\u00eb.<\/p>\n<p>\u00c7do sip\u00ebrmarr\u00ebs q\u00eb pun\u00ebson t\u00eb rinjt\u00eb do ket\u00eb 70 p\u00ebrqind zbritje n\u00eb taksa.<\/p>\n<p>P\u00ebr talentin e t\u00eb rinjve, n\u00eb sport, kultur\u00eb, teknologji, nj\u00eb fond i ve\u00e7ant\u00eb p\u00ebr t\u00eb mb\u00ebshtetur ata, fillimisht 5 milion\u00eb euro.<\/p>\n<p>Dhe kjo e dashur Ermira, do t\u00eb leht\u00ebsoj\u00eb gar\u00ebn evropiane dhe bot\u00ebrore t\u00eb t\u00eb rinjve tan\u00eb.<\/p>\n<p>Qeveria e ardhshme ne epiqend\u00ebr t\u00eb programit t\u00eb saj do ket\u00eb f\u00ebmij\u00ebt dhe t\u00eb rinjt\u00eb e Shqip\u00ebris\u00eb.<\/p>\n<p>Duhet q\u00eb ata t\u00eb nd\u00ebrtojn\u00eb \u00ebndrr\u00ebn n\u00eb k\u00ebt\u00eb vend.<\/p>\n<p>Vet\u00ebm \u00ebndrra e tyre e b\u00ebn Shqip\u00ebrin\u00eb me t\u00eb ardhme.<\/p>\n<p>Vet\u00ebm \u00ebndrra e tyre e lart\u00ebson Shqip\u00ebrin\u00eb n\u00eb madh\u00ebshtin\u00eb e saj\u201d, tha Berisha.<\/p>\n","protected":false},"excerpt":{"rendered":"<p>N\u00eb fjal\u00ebn e mbajtur para mij\u00ebra qytetar\u00ebve t\u00eb mbledhur n\u00eb Durr\u00ebs, lideri i opozit\u00ebs, Sali Berisha, \u00ebsht\u00eb shprehur se sportist\u00ebt do t\u00eb ken\u00eb fondin e tyre t\u00eb ve\u00e7ant\u00eb p\u00ebr \u00e7do arritje. Berisha tha se, p\u00ebr talentin e t\u00eb rinjve, n\u00eb sport, kultur\u00eb, teknologji, nj\u00eb fond i ve\u00e7ant\u00eb p\u00ebr t\u00eb mb\u00ebshtetur ata, fillimisht 5 milion\u00eb euro. &hellip;<\/p>\n","protected":false},"author":4,"featured_media":113094,"comment_status":"closed","ping_status":"closed","sticky":false,"template":"","format":"standard","meta":{"footnotes":""},"categories":[37],"tags":[],"class_list":["post-113093","post","type-post","status-publish","format-standard","has-post-thumbnail","","category-politike"],"_links":{"self":[{"href":"https:\/\/rdnews.al\/index.php\/wp-json\/wp\/v2\/posts\/113093","targetHints":{"allow":["GET"]}}],"collection":[{"href":"https:\/\/rdnews.al\/index.php\/wp-json\/wp\/v2\/posts"}],"about":[{"href":"https:\/\/rdnews.al\/index.php\/wp-json\/wp\/v2\/types\/post"}],"author":[{"embeddable":true,"href":"https:\/\/rdnews.al\/index.php\/wp-json\/wp\/v2\/users\/4"}],"replies":[{"embeddable":true,"href":"https:\/\/rdnews.al\/index.php\/wp-json\/wp\/v2\/comments?post=113093"}],"version-history":[{"count":1,"href":"https:\/\/rdnews.al\/index.php\/wp-json\/wp\/v2\/posts\/113093\/revisions"}],"predecessor-version":[{"id":113095,"href":"https:\/\/rdnews.al\/index.php\/wp-json\/wp\/v2\/posts\/113093\/revisions\/113095"}],"wp:featuredmedia":[{"embeddable":true,"href":"https:\/\/rdnews.al\/index.php\/wp-json\/wp\/v2\/media\/113094"}],"wp:attachment":[{"href":"https:\/\/rdnews.al\/index.php\/wp-json\/wp\/v2\/media?parent=113093"}],"wp:term":[{"taxonomy":"category","embeddable":true,"href":"https:\/\/rdnews.al\/index.php\/wp-json\/wp\/v2\/categories?post=113093"},{"taxonomy":"post_tag","embeddable":true,"href":"https:\/\/rdnews.al\/index.php\/wp-json\/wp\/v2\/tags?post=113093"}],"curies":[{"name":"wp","href":"https:\/\/api.w.org\/{rel}","templated":true}]}}