{"id":113099,"date":"2025-05-06T19:30:26","date_gmt":"2025-05-06T19:30:26","guid":{"rendered":"https:\/\/rdnews.al\/?p=113099"},"modified":"2025-05-06T19:31:46","modified_gmt":"2025-05-06T19:31:46","slug":"berisha-rames-te-garantoj-se-ai-djeges-qe-nuk-u-ndez-kurre-do-te-te-djege","status":"publish","type":"post","link":"https:\/\/rdnews.al\/index.php\/2025\/05\/06\/berisha-rames-te-garantoj-se-ai-djeges-qe-nuk-u-ndez-kurre-do-te-te-djege\/","title":{"rendered":"Berisha-Ram\u00ebs: T\u00eb garantoj se ai djeg\u00ebs q\u00eb nuk u ndez kurr\u00eb do t\u00eb t\u00eb djeg\u00eb&#8230;"},"content":{"rendered":"<p>Kryetari i PD, Sali Berisha n\u00eb fjal\u00ebn e mbajtur n\u00eb Durr\u00ebs, u shpreh se, djeg\u00ebsi i Sharr\u00ebs q\u00eb nuk u ndez kurr\u00eb do t\u00eb djeg\u00eb karrier\u00ebn politike t\u00eb Edi Ram\u00ebs.<\/p>\n<p>\u2018Pasi ka marr\u00eb 130 milion\u00eb euro, tani kur i k\u00ebrkojn\u00eb llogari, u djegshi thot\u00eb.<\/p>\n<p>Jo Edi Rama. T\u00eb garantoj se ai djeg\u00ebs q\u00eb nuk u ndez kurr\u00eb, do t\u00eb djeg\u00eb n\u00eb m\u00ebnyr\u00eb p\u00ebrfundimtare karrier\u00ebn t\u00ebnde politike.<\/p>\n<p>Dhe kjo q\u00eb me dat\u00ebn 11 Maj, shqiptar\u00ebt do t\u00eb presin bilet\u00ebn\u2019, n\u00ebnvizoi kryetari i Partis\u00eb Demokratike, Sali Berisha n\u00eb takimin e zhvilluar n\u00eb Durr\u00ebs.<\/p>\n<p><strong>Berisha: \u00a0<\/strong>Miq, pastrimi i sht\u00ebpis\u00eb \u00ebsht\u00eb detyr\u00eb e detyrave.<\/p>\n<p>N\u00eb m\u00ebnyr\u00ebn m\u00eb t\u00eb pap\u00ebrgjegjshme, Edi Rama deklaronte mbr\u00ebm\u00eb p\u00ebr djeg\u00ebsin, p\u00ebr shkak t\u00eb cilit ju paguanit taks\u00ebn m\u00eb t\u00eb lart\u00eb n\u00eb Europ\u00eb p\u00ebr plehrat, 44 euro p\u00ebr ton pleh, ua merr Gjushi me fustan ju p\u00ebr Edi Ram\u00ebn, dhe deklaronte mbr\u00ebm\u00eb se i thoshte gazetarit, epo u djegshi n\u00eb djeg\u00ebs.<\/p>\n<p>Pasi ka marr\u00eb 130 milion\u00eb euro, tani kur i k\u00ebrkojn\u00eb llogari, u djegshi thot\u00eb.<\/p>\n<p>Jo Edi Rama. T\u00eb garantoj se ai djeg\u00ebs q\u00eb nuk u ndez kurr\u00eb, do t\u00eb djeg\u00eb n\u00eb m\u00ebnyr\u00eb p\u00ebrfundimtare karrier\u00ebn t\u00ebnde politike.<\/p>\n<p>Dhe kjo q\u00eb me dat\u00ebn 11 Maj, shqiptar\u00ebt do t\u00eb presin bilet\u00ebn.<\/p>\n<p>Tre dit\u00eb n\u00eb jet\u00eb jan\u00eb tre dit\u00ebt e jet\u00ebs ton\u00eb. Jan\u00eb sa 30 dit\u00eb, jan\u00eb sa tre muaj, jan\u00eb sa tre vite.<\/p>\n<p>Ndaj dhe u ftoj ju k\u00ebto tre dit\u00eb t\u00eb kontaktojm\u00eb \u00e7do t\u00eb njohur kudo q\u00eb \u00ebsht\u00eb, n\u00eb Durr\u00ebs, n\u00eb Shqip\u00ebri, n\u00eb diaspor\u00eb, n\u00eb t\u00eb kat\u00ebr an\u00ebt e dheut. T\u00eb ftojm\u00eb t\u00eb firmosim bashk\u00eb 11 Majin, ndarjen nga e keqja e madhe e kombit.<\/p>\n<p>Hapjen e nj\u00eb kapitulli t\u00eb ri p\u00ebr dinjitetin e durrsak\u00ebve dhe shqiptar\u00ebve.<\/p>\n<p>P\u00ebr mir\u00ebqenien, begatimin, pun\u00ebsimin.<\/p>\n<p>P\u00ebr biznesin, p\u00ebr ferm\u00ebn, p\u00ebr prodhimin.<\/p>\n<p>P\u00ebr madh\u00ebshtin\u00eb e Durr\u00ebsit, p\u00ebr madh\u00ebshtin\u00eb e Shqip\u00ebris\u00eb.<\/p>\n<p>Edhe nj\u00ebher\u00eb, mir\u00ebnjohje nt\u00eb pakufishme.<\/p>\n<p>11 Maji, dita e fitores, dita e triumfit t\u00eb idealeve tuaja!<\/p>\n<p>E triumfit t\u00eb dinjitetit tuaj, t\u00eb shpres\u00ebs, t\u00eb t\u00eb ardhmes.<\/p>\n<p>Rroft\u00eb Durr\u00ebsi, rroft\u00eb Shqip\u00ebria.<\/p>\n<p>Fitore, fitore, fitore!<\/p>\n","protected":false},"excerpt":{"rendered":"<p>Kryetari i PD, Sali Berisha n\u00eb fjal\u00ebn e mbajtur n\u00eb Durr\u00ebs, u shpreh se, djeg\u00ebsi i Sharr\u00ebs q\u00eb nuk u ndez kurr\u00eb do t\u00eb djeg\u00eb karrier\u00ebn politike t\u00eb Edi Ram\u00ebs. \u2018Pasi ka marr\u00eb 130 milion\u00eb euro, tani kur i k\u00ebrkojn\u00eb llogari, u djegshi thot\u00eb. Jo Edi Rama. T\u00eb garantoj se ai djeg\u00ebs q\u00eb nuk u &hellip;<\/p>\n","protected":false},"author":4,"featured_media":113101,"comment_status":"closed","ping_status":"closed","sticky":false,"template":"","format":"standard","meta":{"footnotes":""},"categories":[37],"tags":[],"class_list":["post-113099","post","type-post","status-publish","format-standard","has-post-thumbnail","","category-politike"],"_links":{"self":[{"href":"https:\/\/rdnews.al\/index.php\/wp-json\/wp\/v2\/posts\/113099","targetHints":{"allow":["GET"]}}],"collection":[{"href":"https:\/\/rdnews.al\/index.php\/wp-json\/wp\/v2\/posts"}],"about":[{"href":"https:\/\/rdnews.al\/index.php\/wp-json\/wp\/v2\/types\/post"}],"author":[{"embeddable":true,"href":"https:\/\/rdnews.al\/index.php\/wp-json\/wp\/v2\/users\/4"}],"replies":[{"embeddable":true,"href":"https:\/\/rdnews.al\/index.php\/wp-json\/wp\/v2\/comments?post=113099"}],"version-history":[{"count":2,"href":"https:\/\/rdnews.al\/index.php\/wp-json\/wp\/v2\/posts\/113099\/revisions"}],"predecessor-version":[{"id":113103,"href":"https:\/\/rdnews.al\/index.php\/wp-json\/wp\/v2\/posts\/113099\/revisions\/113103"}],"wp:featuredmedia":[{"embeddable":true,"href":"https:\/\/rdnews.al\/index.php\/wp-json\/wp\/v2\/media\/113101"}],"wp:attachment":[{"href":"https:\/\/rdnews.al\/index.php\/wp-json\/wp\/v2\/media?parent=113099"}],"wp:term":[{"taxonomy":"category","embeddable":true,"href":"https:\/\/rdnews.al\/index.php\/wp-json\/wp\/v2\/categories?post=113099"},{"taxonomy":"post_tag","embeddable":true,"href":"https:\/\/rdnews.al\/index.php\/wp-json\/wp\/v2\/tags?post=113099"}],"curies":[{"name":"wp","href":"https:\/\/api.w.org\/{rel}","templated":true}]}}