{"id":113104,"date":"2025-05-06T19:55:48","date_gmt":"2025-05-06T19:55:48","guid":{"rendered":"https:\/\/rdnews.al\/?p=113104"},"modified":"2025-05-06T19:55:48","modified_gmt":"2025-05-06T19:55:48","slug":"bylykbashi-sali-berisha-simbol-i-qendreses-100-ditet-e-para-do-te-jene-ndryshimi","status":"publish","type":"post","link":"https:\/\/rdnews.al\/index.php\/2025\/05\/06\/bylykbashi-sali-berisha-simbol-i-qendreses-100-ditet-e-para-do-te-jene-ndryshimi\/","title":{"rendered":"Bylykbashi: Sali Berisha, simbol i q\u00ebndres\u00ebs! 100 dit\u00ebt e para do t\u00eb jen\u00eb ndryshimi!"},"content":{"rendered":"<p>Drejtuesi politik i PD n\u00eb qarkun e Durr\u00ebsit, Oerd Bylykbashi u shpreh se vota ndaj Ram\u00ebs, \u00ebsht\u00eb grabitja edhe p\u00ebr kat\u00ebr vite t\u00eb tjera.<\/p>\n<p>P\u00ebrpara qytetar\u00ebve dhe demokrat\u00ebve n\u00eb qytetin bregdetar, Bylykbashii tha se n\u00eb 100 dit\u00ebt e para t\u00eb qeverisjes s\u00eb demokrat\u00ebve, do t\u00eb shihet e ndihet ndryshimi i shum\u00ebpritur.<\/p>\n<p>Pavar\u00ebsisht goditjeve dhe izolimit, u shpreh Bylykbashi, PD dhe lideri i saj, Sali Berisha ia dol\u00ebn t\u00eb triumfojn\u00eb, duke u b\u00ebr\u00eb simbol I q\u00ebndres\u00ebs dhe duke iu drejtuar shqiptar\u00ebve me kurajon m\u00eb t\u00eb madhe.<\/p>\n<p>\u201cPara 620 vitesh ndryshoi historia e shqiptar\u00ebve, lindi Gjergjj kastriot Sk\u00ebnd\u00ebrbeu. Koicidenc\u00eb fatlume. Po mbyllim nj\u00eb fushat\u00eb t\u00eb jasht\u00ebzoakonshme. Shpirti u vlon njer\u00ebzve, sepse nuk pranojn\u00eb t\u2019i p\u00ebr\u00e7mosh. T\u2019u marr\u00ebsh pronat e t\u2019u prish\u00ebsh sht\u00ebpit\u00eb, dhe m\u00eb pas t\u2019i d\u00ebrgosh policin\u00eb.<\/p>\n<p>Edi Rama, ju premton se do t\u2019u rr\u00ebmbej\u00eb pushtetin, ne u themi vendosni ju ndryshimin. Do q\u00eb t\u2019ju marr\u00eb edhe 4 vite tjera, n\u00eb ju premtojm\u00eb ndryshimin n\u00eb 100 dit\u00ebt e para. Ata kan\u00eb nevoj\u00eb p\u00ebr dinjitet, oferta jon\u00eb zhduk varf\u00ebrin\u00eb. Njer\u00ebzit dinjitoz\u00eb jan\u00eb njer\u00ebz t\u00eb lir\u00eb dhe themeli i vizionit tuaj.<\/p>\n<p>Na izoluan, por vum\u00eb p\u00ebrfund izolimin q\u00eb Rama donte t\u2019i b\u00ebnte PD e opozit\u00ebs, ne kemi mb\u00ebshtetjen e Amerik\u00ebs e nd\u00ebrkomb\u00ebtar\u00ebve. Sali Berisha \u00ebsht\u00eb simbol i q\u00ebndres\u00ebs, ne s\u2019e ul\u00ebm shpin\u00ebn, dhe sot u drejtohemi shqiptar\u00ebve me kurajo\u201d, tha Bylykbashi.<\/p>\n","protected":false},"excerpt":{"rendered":"<p>Drejtuesi politik i PD n\u00eb qarkun e Durr\u00ebsit, Oerd Bylykbashi u shpreh se vota ndaj Ram\u00ebs, \u00ebsht\u00eb grabitja edhe p\u00ebr kat\u00ebr vite t\u00eb tjera. P\u00ebrpara qytetar\u00ebve dhe demokrat\u00ebve n\u00eb qytetin bregdetar, Bylykbashii tha se n\u00eb 100 dit\u00ebt e para t\u00eb qeverisjes s\u00eb demokrat\u00ebve, do t\u00eb shihet e ndihet ndryshimi i shum\u00ebpritur. Pavar\u00ebsisht goditjeve dhe izolimit, &hellip;<\/p>\n","protected":false},"author":4,"featured_media":113107,"comment_status":"closed","ping_status":"closed","sticky":false,"template":"","format":"standard","meta":{"footnotes":""},"categories":[37],"tags":[],"class_list":["post-113104","post","type-post","status-publish","format-standard","has-post-thumbnail","","category-politike"],"_links":{"self":[{"href":"https:\/\/rdnews.al\/index.php\/wp-json\/wp\/v2\/posts\/113104","targetHints":{"allow":["GET"]}}],"collection":[{"href":"https:\/\/rdnews.al\/index.php\/wp-json\/wp\/v2\/posts"}],"about":[{"href":"https:\/\/rdnews.al\/index.php\/wp-json\/wp\/v2\/types\/post"}],"author":[{"embeddable":true,"href":"https:\/\/rdnews.al\/index.php\/wp-json\/wp\/v2\/users\/4"}],"replies":[{"embeddable":true,"href":"https:\/\/rdnews.al\/index.php\/wp-json\/wp\/v2\/comments?post=113104"}],"version-history":[{"count":1,"href":"https:\/\/rdnews.al\/index.php\/wp-json\/wp\/v2\/posts\/113104\/revisions"}],"predecessor-version":[{"id":113108,"href":"https:\/\/rdnews.al\/index.php\/wp-json\/wp\/v2\/posts\/113104\/revisions\/113108"}],"wp:featuredmedia":[{"embeddable":true,"href":"https:\/\/rdnews.al\/index.php\/wp-json\/wp\/v2\/media\/113107"}],"wp:attachment":[{"href":"https:\/\/rdnews.al\/index.php\/wp-json\/wp\/v2\/media?parent=113104"}],"wp:term":[{"taxonomy":"category","embeddable":true,"href":"https:\/\/rdnews.al\/index.php\/wp-json\/wp\/v2\/categories?post=113104"},{"taxonomy":"post_tag","embeddable":true,"href":"https:\/\/rdnews.al\/index.php\/wp-json\/wp\/v2\/tags?post=113104"}],"curies":[{"name":"wp","href":"https:\/\/api.w.org\/{rel}","templated":true}]}}