{"id":113115,"date":"2025-05-06T20:02:57","date_gmt":"2025-05-06T20:02:57","guid":{"rendered":"https:\/\/rdnews.al\/?p=113115"},"modified":"2025-05-07T09:31:41","modified_gmt":"2025-05-07T09:31:41","slug":"berisha-per-edi-ramen-rruga-e-arbrit-nuk-behej-kurre-agron-malaj-nga-oficer-garde-u-be-njeriu-me-i-pasur-i-matit","status":"publish","type":"post","link":"https:\/\/rdnews.al\/index.php\/2025\/05\/06\/berisha-per-edi-ramen-rruga-e-arbrit-nuk-behej-kurre-agron-malaj-nga-oficer-garde-u-be-njeriu-me-i-pasur-i-matit\/","title":{"rendered":"Berisha: P\u00ebr Edi Ram\u00ebn: Rruga e Arbrit nuk b\u00ebhej kurr\u00eb! Agron Malaj nga oficer garde u b\u00eb njeriu m\u00eb i pasur i Matit"},"content":{"rendered":"<p>Kryetari i Partis\u00eb Demokratike, Sali Berisha ka zhvilluar nj\u00eb bised\u00eb me banor\u00ebt e Klosit, ku ka akuzuar kryeministrin Edi Rama se dikur shprehej se Rruga e Arbrit nuk b\u00ebhej dhe kryebashkiakun Agron Malaj, si njeriun m\u00eb t\u00eb pasur t\u00eb zon\u00ebs.<\/p>\n<p>Berisha tha se, p\u00ebr Edi Ram\u00ebn, Rruga e Arbrit nuk b\u00ebhej kurr\u00eb. Agron Malaj nga oficer garde u b\u00eb njeriu m\u00eb i pasur i Matit.<\/p>\n<p><strong>Berisha:<\/strong>\u00a0Ju fal\u00ebnderoj shum\u00eb p\u00ebrzem\u00ebrsisht, p\u00ebr k\u00ebt\u00eb pritje kaq t\u00eb ngroht\u00eb, kaq von\u00eb, por un\u00eb nuk mund ta kaloja turin tim n\u00eb Dib\u00ebr pa u ndal tek ju.<\/p>\n<p>Banor\u00ebt e mrekulluesh\u00ebm, mb\u00ebshtet\u00ebsit e fuqish\u00ebm t\u00eb PD, pa u p\u00ebrsh\u00ebndetur me ju dhe kam shum\u00eb k\u00ebnaq\u00ebsi q\u00eb vij k\u00ebtu me Xhelal Mziun, udh\u00ebheq\u00ebsin e qarkut t\u00eb Dibr\u00ebs p\u00ebr PD-ASHM, dhe k\u00ebta kandidat\u00eb p\u00ebr deputet\u00eb, personalitete t\u00eb v\u00ebrtet\u00eb t\u00eb k\u00ebtij qarku, t\u00eb PD dhe t\u00eb vendit n\u00eb t\u00ebr\u00ebsi, t\u00eb cil\u00ebt do t\u2019ju p\u00ebrfaq\u00ebsojn\u00eb ju dhe interesat tuaja me dinjitet t\u00eb madh n\u00eb parlamentin e ardhsh\u00ebm.<\/p>\n<p>Un\u00eb, nuk ka nevoj\u00eb t\u2019ju flas p\u00ebr k\u00ebta kandidat\u00eb p\u00ebr deputet\u00eb, se i njihni vet, sa i njoh dhe un\u00eb. Por nj\u00eb gj\u00eb \u00ebsht\u00eb e sigurt, se midis Basir \u00c7ollakut, Xhemal Gjunkshit, Xhelal Mziut. Midis P\u00ebrparim Spahiut, dhe ish-kryetares s\u00eb PD dhe tani kandidate, Denisa Vata, dhe p\u00ebrfaq\u00ebsuesve t\u00eb tyre n\u00eb Mat dhe n\u00eb Dib\u00ebr, \u00ebsht\u00eb nj\u00eb ndryshim i jasht\u00ebzakonsh\u00ebm.<\/p>\n<p>Miq, ky Agron Malaj, para disa vitesh, ky ishte oficer n\u00eb organet e rendit apo t\u00eb Gard\u00ebs s\u00eb Republik\u00ebs. Sot ky, \u00ebsht\u00eb njeriu m\u00eb i pasur i Matit dhe ju siguroj se, at\u00eb pasuri, s\u00eb bashku me v\u00ebllain e tij, Fatosin, e ka qindark\u00eb p\u00ebr qindark\u00eb t\u00eb vendosur vet\u00ebm nga korrupsioni shtet\u00ebror, nga tenderat, q\u00eb normalisht nuk duhet t\u2019i fitonte kurr\u00eb n\u00eb shtet.<\/p>\n<p>K\u00ebta krijuan nj\u00eb sistem q\u00eb nuk ka ekzistuar kurr\u00eb. K\u00ebta krijuan sistemin q\u00eb, parat\u00eb dhe taksat tuaja q\u00eb p\u00ebrdoren p\u00ebr shkolla, p\u00ebr nd\u00ebrtime, p\u00ebr t\u00eb gjitha, t\u2019i marrin p\u00ebr vete. T\u00eb krijojn\u00eb sip\u00ebrmarrje dhe t\u2019i marrin vet.<\/p>\n<p>Dhe, \u00e7far\u00eb solli kjo? Kjo solli, po t\u00eb vish sot n\u00eb Mat, dhe kudo n\u00eb jug, jan\u00eb t\u00eb mbetura aty ku kan\u00eb qen\u00eb, asnj\u00eb investim t\u00eb p\u00ebrfillsh\u00ebm. Rrug\u00eb t\u00eb rr\u00ebnuara, shkolla t\u00eb rr\u00ebnuara, qendra sh\u00ebndet\u00ebsore t\u00eb shkat\u00ebrruara. Nd\u00ebrkoh\u00eb, miliarda e miliarda euro tendera t\u00eb shnd\u00ebrruara n\u00eb pasuri t\u00eb tyre.<\/p>\n<p>Ndaj dhe, \u00e7far\u00eb b\u00ebri Edi Rama, miq.<\/p>\n<p>Edi Rama i mori nj\u00eb e nga nj\u00eb k\u00ebta dhe i tha: k\u00ebto para q\u00eb keni vjedhur, un\u00eb i dua vota.<\/p>\n<p>Ju v\u00ebrtet\u00eb u b\u00ebt\u00eb pasanik\u00eb, por tani un\u00eb dua vota.<\/p>\n<p>Secili prej tyre, n\u00eb m\u00ebnyr\u00eb absolute, ka dosje n\u00eb prokurori p\u00ebr vjedhje dhe korrupsion. Dhe k\u00ebta tani, b\u00ebjn\u00eb gjith\u00e7ka t\u00eb rr\u00ebmbejn\u00eb votat tuaja.<\/p>\n<p>Por ky \u00ebsht\u00eb vet\u00ebm nj\u00ebri aspekt. E keni d\u00ebgjuar shum\u00eb ju se ka akuzuar Edi Ram\u00ebn se ka diskriminuar veriun. E ka diskriminuar, ua them un\u00eb, se kot nuk mund ta akuzoja kurr\u00eb.<\/p>\n<p>Ai \u00ebsht\u00eb nj\u00eb njeri q\u00eb trash\u00ebgon urrejtje p\u00ebr veriun, sepse e kan\u00eb patur baballar\u00ebt e tij at\u00eb urrejtje dhe me radh\u00eb. Por, \u00e7far\u00eb mund t\u2019ju them p\u00ebr k\u00ebt\u00eb.<\/p>\n<p>Ai, edhe jugun. Parat\u00eb i ka \u00e7uar atje, por ai ka vjedhur, nuk ka investuar p\u00ebr qytetar\u00ebt. Jo, absolutisht!<\/p>\n<p>Un\u00eb isha n\u00eb Gramsh. Asnj\u00eb kilomet\u00ebr rrug\u00eb. Edhe t\u2019u them nj\u00eb gj\u00eb, Gramshi \u00ebsht\u00eb jasht\u00ebzakonisht i paurbanizuar, t\u00eb themi t\u00eb v\u00ebrtet\u00ebn. Asnj\u00eb kilomet\u00ebr, asnj\u00eb investim. Vet\u00ebm propagand\u00eb.<\/p>\n<p>Ishte n\u00eb dib\u00ebr dhe foli tha: nuk them m\u00eb q\u00eb nuk do b\u00ebj Rrug\u00ebn e Arbrit. Dy gj\u00ebra do t\u2019u them ju dhe t\u00eb gjith\u00eb banor\u00ebve t\u00eb k\u00ebtij qarku.<\/p>\n<p>N\u00eb m\u00ebnyr\u00eb absolute, Rruga e Arbrit p\u00ebr Edi Ram\u00ebn nuk b\u00ebhej kurr\u00eb, ta dini k\u00ebt\u00eb.<\/p>\n<p>Se, nuk thot\u00eb dot 1 kilomet\u00ebr rrug\u00eb t\u00eb re q\u00eb ka hapur n\u00eb t\u00eb gjith\u00eb zon\u00ebn e veriut, 1 kilomet\u00ebr, po jo m\u00eb t\u00eb hapte Rrug\u00ebn e Arbrit. E dyta, ju garantoj, sepse thash\u00eb, ne e nd\u00ebrtuam 32 kilometrat mbet\u00ebn 27, ato nuk mund t\u00eb lihen t\u00eb pap\u00ebrfunduara. Dhe e lam\u00eb gati. Parat\u00eb dhe kontrat\u00ebn. E prishi kontrat\u00ebn.<\/p>\n<p>Tani b\u00ebri \u00e7\u2019b\u00ebri nj\u00eb gj\u00eb dua t\u2019u them banor\u00ebve t\u00eb k\u00ebtij qarku, q\u00eb ajo rrug\u00eb, e cila n\u00eb kontrat\u00eb \u00ebsht\u00eb p\u00ebr t\u2019u vendosur taksa, nuk do vendos taks\u00eb kurr\u00eb n\u00eb at\u00eb n\u00eb rrug\u00eb. Dhe ju duhet q\u00eb do t\u00eb qarkulloni pa asnj\u00eb taks\u00eb, sikund\u00ebr ju,sikund\u00ebr t\u00eb gjith\u00eb. Se ka v\u00ebn\u00eb dy taksa. P\u00ebr t\u00eb ardhur tjetri nga Tropoja, duhet t\u00eb paguaj\u00eb nj\u00eb taks\u00eb n\u00eb Kalimash dhe nj\u00eb taks\u00eb tek Ura e Limuthit. Dy taksa, por nuk jan\u00eb pak. Se jan\u00eb 7 euro s\u00eb bashku, dhe po t\u00eb jet\u00eb kamion \u00ebsht\u00eb 40 euro, \u00ebsht\u00eb 50 euro, \u00ebsht\u00eb qamet. K\u00ebto do t\u00eb hiqen n\u00eb m\u00ebnyr\u00eb p\u00ebrfundimtare.<\/p>\n","protected":false},"excerpt":{"rendered":"<p>Kryetari i Partis\u00eb Demokratike, Sali Berisha ka zhvilluar nj\u00eb bised\u00eb me banor\u00ebt e Klosit, ku ka akuzuar kryeministrin Edi Rama se dikur shprehej se Rruga e Arbrit nuk b\u00ebhej dhe kryebashkiakun Agron Malaj, si njeriun m\u00eb t\u00eb pasur t\u00eb zon\u00ebs. Berisha tha se, p\u00ebr Edi Ram\u00ebn, Rruga e Arbrit nuk b\u00ebhej kurr\u00eb. Agron Malaj nga &hellip;<\/p>\n","protected":false},"author":4,"featured_media":113116,"comment_status":"closed","ping_status":"closed","sticky":false,"template":"","format":"standard","meta":{"footnotes":""},"categories":[37],"tags":[],"class_list":["post-113115","post","type-post","status-publish","format-standard","has-post-thumbnail","","category-politike"],"_links":{"self":[{"href":"https:\/\/rdnews.al\/index.php\/wp-json\/wp\/v2\/posts\/113115","targetHints":{"allow":["GET"]}}],"collection":[{"href":"https:\/\/rdnews.al\/index.php\/wp-json\/wp\/v2\/posts"}],"about":[{"href":"https:\/\/rdnews.al\/index.php\/wp-json\/wp\/v2\/types\/post"}],"author":[{"embeddable":true,"href":"https:\/\/rdnews.al\/index.php\/wp-json\/wp\/v2\/users\/4"}],"replies":[{"embeddable":true,"href":"https:\/\/rdnews.al\/index.php\/wp-json\/wp\/v2\/comments?post=113115"}],"version-history":[{"count":2,"href":"https:\/\/rdnews.al\/index.php\/wp-json\/wp\/v2\/posts\/113115\/revisions"}],"predecessor-version":[{"id":113148,"href":"https:\/\/rdnews.al\/index.php\/wp-json\/wp\/v2\/posts\/113115\/revisions\/113148"}],"wp:featuredmedia":[{"embeddable":true,"href":"https:\/\/rdnews.al\/index.php\/wp-json\/wp\/v2\/media\/113116"}],"wp:attachment":[{"href":"https:\/\/rdnews.al\/index.php\/wp-json\/wp\/v2\/media?parent=113115"}],"wp:term":[{"taxonomy":"category","embeddable":true,"href":"https:\/\/rdnews.al\/index.php\/wp-json\/wp\/v2\/categories?post=113115"},{"taxonomy":"post_tag","embeddable":true,"href":"https:\/\/rdnews.al\/index.php\/wp-json\/wp\/v2\/tags?post=113115"}],"curies":[{"name":"wp","href":"https:\/\/api.w.org\/{rel}","templated":true}]}}