{"id":113133,"date":"2025-05-07T08:23:10","date_gmt":"2025-05-07T08:23:10","guid":{"rendered":"https:\/\/rdnews.al\/?p=113133"},"modified":"2025-05-07T08:23:56","modified_gmt":"2025-05-07T08:23:56","slug":"berisha-me-9-maj-ora-1900-ne-bulevardin-e-ri-permbyllim-nje-rrugetim-nisim-nje-mision","status":"publish","type":"post","link":"https:\/\/rdnews.al\/index.php\/2025\/05\/07\/berisha-me-9-maj-ora-1900-ne-bulevardin-e-ri-permbyllim-nje-rrugetim-nisim-nje-mision\/","title":{"rendered":"Berisha: M\u00eb 9 maj ora 19:00 n\u00eb Bulevardin e Ri, p\u00ebrmbyllim nj\u00eb rrug\u00ebtim, nisim nj\u00eb mision!"},"content":{"rendered":"<p>Lideri i opozit\u00ebs, Sali Berisha, njoftoi se mitingu p\u00ebrmbyll\u00ebs i fushat\u00ebs elektorale do mbahet me dat\u00eb 9 maj n\u00eb ora 19:00 n\u00eb Bulevardin e Ri.<\/p>\n<p>\u201cT\u00eb gjith\u00eb bashk\u00eb p\u00ebr nj\u00eb \u201cShqip\u00ebri Madh\u00ebshtore\u201d<\/p>\n<p>M\u00eb 9 maj n\u00eb ora 19:00 n\u00eb Bulevardin e Ri, p\u00ebrmbyllim nj\u00eb rrug\u00ebtim, nisim nj\u00eb mision\u201d, shkruan Berisha.<\/p>\n<div class=\"readmore-text-here\">\n<p><iframe loading=\"lazy\" src=\"https:\/\/www.facebook.com\/plugins\/video.php?height=476&amp;href=https%3A%2F%2Fwww.facebook.com%2FSaliBerisha%2Fvideos%2F992560436384638%2F&amp;show_text=false&amp;width=267&amp;t=0\" width=\"267\" height=\"476\" frameborder=\"0\" scrolling=\"no\" allowfullscreen=\"allowfullscreen\" data-mce-fragment=\"1\"><\/iframe><\/p>\n<div id=\"rekl-57\"><\/div>\n<\/div>\n","protected":false},"excerpt":{"rendered":"<p>Lideri i opozit\u00ebs, Sali Berisha, njoftoi se mitingu p\u00ebrmbyll\u00ebs i fushat\u00ebs elektorale do mbahet me dat\u00eb 9 maj n\u00eb ora 19:00 n\u00eb Bulevardin e Ri. \u201cT\u00eb gjith\u00eb bashk\u00eb p\u00ebr nj\u00eb \u201cShqip\u00ebri Madh\u00ebshtore\u201d M\u00eb 9 maj n\u00eb ora 19:00 n\u00eb Bulevardin e Ri, p\u00ebrmbyllim nj\u00eb rrug\u00ebtim, nisim nj\u00eb mision\u201d, shkruan Berisha.<\/p>\n","protected":false},"author":4,"featured_media":113134,"comment_status":"closed","ping_status":"closed","sticky":false,"template":"","format":"standard","meta":{"footnotes":""},"categories":[37],"tags":[],"class_list":["post-113133","post","type-post","status-publish","format-standard","has-post-thumbnail","","category-politike"],"_links":{"self":[{"href":"https:\/\/rdnews.al\/index.php\/wp-json\/wp\/v2\/posts\/113133","targetHints":{"allow":["GET"]}}],"collection":[{"href":"https:\/\/rdnews.al\/index.php\/wp-json\/wp\/v2\/posts"}],"about":[{"href":"https:\/\/rdnews.al\/index.php\/wp-json\/wp\/v2\/types\/post"}],"author":[{"embeddable":true,"href":"https:\/\/rdnews.al\/index.php\/wp-json\/wp\/v2\/users\/4"}],"replies":[{"embeddable":true,"href":"https:\/\/rdnews.al\/index.php\/wp-json\/wp\/v2\/comments?post=113133"}],"version-history":[{"count":2,"href":"https:\/\/rdnews.al\/index.php\/wp-json\/wp\/v2\/posts\/113133\/revisions"}],"predecessor-version":[{"id":113136,"href":"https:\/\/rdnews.al\/index.php\/wp-json\/wp\/v2\/posts\/113133\/revisions\/113136"}],"wp:featuredmedia":[{"embeddable":true,"href":"https:\/\/rdnews.al\/index.php\/wp-json\/wp\/v2\/media\/113134"}],"wp:attachment":[{"href":"https:\/\/rdnews.al\/index.php\/wp-json\/wp\/v2\/media?parent=113133"}],"wp:term":[{"taxonomy":"category","embeddable":true,"href":"https:\/\/rdnews.al\/index.php\/wp-json\/wp\/v2\/categories?post=113133"},{"taxonomy":"post_tag","embeddable":true,"href":"https:\/\/rdnews.al\/index.php\/wp-json\/wp\/v2\/tags?post=113133"}],"curies":[{"name":"wp","href":"https:\/\/api.w.org\/{rel}","templated":true}]}}