{"id":113142,"date":"2025-05-07T08:59:58","date_gmt":"2025-05-07T08:59:58","guid":{"rendered":"https:\/\/rdnews.al\/?p=113142"},"modified":"2025-05-07T09:02:17","modified_gmt":"2025-05-07T09:02:17","slug":"ik-aty-ku-ke-vendin-ne-koshin-e-plehrave-te-historise","status":"publish","type":"post","link":"https:\/\/rdnews.al\/index.php\/2025\/05\/07\/ik-aty-ku-ke-vendin-ne-koshin-e-plehrave-te-historise\/","title":{"rendered":"Ik Borat, aty ku ke vendin! N\u00eb koshin e plehrave t\u00eb historis\u00eb\u2026"},"content":{"rendered":"<p><strong>Nga\u00a0Erion DASHO<\/strong><\/p>\n<p>Ajo q\u00eb shqiptar\u00ebt pan\u00eb me z\u00eb e figur\u00eb n\u00eb studion e Ylli Rakipit dit\u00ebn e h\u00ebn\u00eb n\u00eb mbr\u00ebmje ishte skena klasike q\u00eb paraqet fundin e pashmangsh\u00ebm t\u00eb autokrat\u00ebve dhe diktator\u00ebve.<\/p>\n<p>Nj\u00eb Borat i \u00e7\u2019fazuar q\u00eb n\u00eb 99% t\u00eb koh\u00ebs televizive b\u00ebri megalomanin e shk\u00ebputur nga realiteti.<\/p>\n<p>Foli p\u00ebr shqiptar\u00eb krenar\u00eb, n\u00eb vend q\u00eb t\u00eb fliste p\u00ebr emigrant\u00eb q\u00eb braktisin me dhimbje vendin.<\/p>\n<p>Foli p\u00ebr pensionist\u00eb me pensione mesatare 400 apo 500 euro, n\u00eb vend q\u00eb t\u00eb fliste p\u00ebr hallexhinjt\u00eb q\u00eb nuk blejn\u00eb dot as ila\u00e7et.<\/p>\n<p>Foli p\u00ebr spitale dhe shkolla evropiane, n\u00eb vend q\u00eb t\u00eb fliste p\u00ebr kalamajt\u00eb q\u00eb dol\u00ebn t\u00eb fundit n\u00eb Testin e Piz\u00ebs. Etj., etj.<\/p>\n<p>N\u00eb 10 minutat e fundit t\u00eb emisionit, l\u00ebshoi edhe deklarat\u00ebn q\u00eb me siguri do t\u00eb mbahet mend gjat\u00eb, \u201cUn\u00eb jam k\u00ebtu p\u00ebr t\u00eb b\u00ebr\u00eb historin\u00eb\u201d!!! Edhe paraardh\u00ebsi dhe bamir\u00ebsi i vet politik po kaq megaloman dhe i pap\u00ebrgjegjsh\u00ebm, Fatos Nano, nuk guxoi deri n\u00eb k\u00ebt\u00eb pik\u00eb. Ai u \u201cmjaftua\u201d q\u00eb historia t\u2019i vinte nga pas, nd\u00ebrsa Borati sikund\u00ebr Sk\u00ebnderbeu, Napoleoni, \u00c7ezari, etj., e \u201cb\u00ebn historin\u00eb\u201d!!!<\/p>\n<p>Borat!<\/p>\n<p>E kam deklaruar me dhjet\u00ebra her\u00eb! \u00cbsht\u00eb e sigurt q\u00eb ti do t\u00eb hysh n\u00eb historin\u00eb e Shqip\u00ebris\u00eb! Mos ki asnj\u00eb merak p\u00ebr k\u00ebt\u00eb!<\/p>\n<p>Do t\u00eb hysh n\u00eb histori si hajdut, si grabit\u00ebs, si ortak narkotrafikant\u00ebsh, si sh\u00ebrb\u00ebtor kriminel\u00ebsh dhe si kone e oligark\u00ebve!<\/p>\n<p>Historia gjithmon\u00eb p\u00ebrs\u00ebritet dy her\u00eb, t\u00eb par\u00ebn si tragjedi dhe t\u00eb dyt\u00ebn si komedi. Babai yt shpirt\u00ebror, Enveri, vrau, burgosi, persekutoi dhe shkat\u00ebrroi shqiptar\u00ebt 40 vjet. Ai hyri n\u00eb histori si figura m\u00eb e urryer n\u00eb memorien e kombit.<\/p>\n<p>Ti at\u00eb vend nuk e arrin dot!<\/p>\n<p>Ti, pas 12 viteve tragjikomike n\u00eb krye t\u00eb shqiptar\u00ebve, do t\u00eb largohesh p\u00ebr t\u00eb p\u00ebrfunduar jo n\u00eb librat e historis\u00eb, por n\u00eb qelit\u00eb ku t\u00eb presin Lali yt hajdut, Beqja yt i koncesioneve dhe antar\u00ebt e tjer\u00eb t\u00eb band\u00ebs t\u00ebnde!<\/p>\n<p>Ik, Borat! Aty ku ke vendin. N\u00eb koshin e plehrave t\u00eb historis\u00eb\u2026<\/p>\n","protected":false},"excerpt":{"rendered":"<p>Nga\u00a0Erion DASHO Ajo q\u00eb shqiptar\u00ebt pan\u00eb me z\u00eb e figur\u00eb n\u00eb studion e Ylli Rakipit dit\u00ebn e h\u00ebn\u00eb n\u00eb mbr\u00ebmje ishte skena klasike q\u00eb paraqet fundin e pashmangsh\u00ebm t\u00eb autokrat\u00ebve dhe diktator\u00ebve. Nj\u00eb Borat i \u00e7\u2019fazuar q\u00eb n\u00eb 99% t\u00eb koh\u00ebs televizive b\u00ebri megalomanin e shk\u00ebputur nga realiteti. Foli p\u00ebr shqiptar\u00eb krenar\u00eb, n\u00eb vend q\u00eb &hellip;<\/p>\n","protected":false},"author":4,"featured_media":93872,"comment_status":"closed","ping_status":"closed","sticky":false,"template":"","format":"standard","meta":{"footnotes":""},"categories":[37],"tags":[],"class_list":["post-113142","post","type-post","status-publish","format-standard","has-post-thumbnail","","category-politike"],"_links":{"self":[{"href":"https:\/\/rdnews.al\/index.php\/wp-json\/wp\/v2\/posts\/113142","targetHints":{"allow":["GET"]}}],"collection":[{"href":"https:\/\/rdnews.al\/index.php\/wp-json\/wp\/v2\/posts"}],"about":[{"href":"https:\/\/rdnews.al\/index.php\/wp-json\/wp\/v2\/types\/post"}],"author":[{"embeddable":true,"href":"https:\/\/rdnews.al\/index.php\/wp-json\/wp\/v2\/users\/4"}],"replies":[{"embeddable":true,"href":"https:\/\/rdnews.al\/index.php\/wp-json\/wp\/v2\/comments?post=113142"}],"version-history":[{"count":2,"href":"https:\/\/rdnews.al\/index.php\/wp-json\/wp\/v2\/posts\/113142\/revisions"}],"predecessor-version":[{"id":113144,"href":"https:\/\/rdnews.al\/index.php\/wp-json\/wp\/v2\/posts\/113142\/revisions\/113144"}],"wp:featuredmedia":[{"embeddable":true,"href":"https:\/\/rdnews.al\/index.php\/wp-json\/wp\/v2\/media\/93872"}],"wp:attachment":[{"href":"https:\/\/rdnews.al\/index.php\/wp-json\/wp\/v2\/media?parent=113142"}],"wp:term":[{"taxonomy":"category","embeddable":true,"href":"https:\/\/rdnews.al\/index.php\/wp-json\/wp\/v2\/categories?post=113142"},{"taxonomy":"post_tag","embeddable":true,"href":"https:\/\/rdnews.al\/index.php\/wp-json\/wp\/v2\/tags?post=113142"}],"curies":[{"name":"wp","href":"https:\/\/api.w.org\/{rel}","templated":true}]}}