{"id":113145,"date":"2025-05-07T09:28:46","date_gmt":"2025-05-07T09:28:46","guid":{"rendered":"https:\/\/rdnews.al\/?p=113145"},"modified":"2025-05-07T09:28:46","modified_gmt":"2025-05-07T09:28:46","slug":"kraja-logoja-kryesore-e-fushates-se-ps-abuzim-me-financat-e-taksapaguesve-shqiptare-dhe-europiane-be-te-reagoje","status":"publish","type":"post","link":"https:\/\/rdnews.al\/index.php\/2025\/05\/07\/kraja-logoja-kryesore-e-fushates-se-ps-abuzim-me-financat-e-taksapaguesve-shqiptare-dhe-europiane-be-te-reagoje\/","title":{"rendered":"Kraja: Logoja kryesore e fushat\u00ebs s\u00eb PS abuzim me financat e taksapaguesve shqiptar\u00eb dhe Europian\u00eb, BE t\u00eb reagoj\u00eb!"},"content":{"rendered":"<p><strong>Deklarata e an\u00ebtarit t\u00eb K\u00ebshillit Komb\u00ebtar t\u00eb PD, Akil Kraja:<\/strong><\/p>\n<p>Logoja kryesore e fushat\u00ebs s\u00eb Partis\u00eb Socialiste \u00ebsht\u00eb n\u00eb kufijt\u00eb e nj\u00eb abuzimi me financat publike n\u00eb rastin m\u00eb t\u00eb keq, dhe n\u00eb pragun e prodhimit t\u00eb nj\u00eb incidenti diplomatik, n\u00eb rastin m\u00eb t\u00eb mir\u00eb.<\/p>\n<p>N\u00eb takime elektorale, n\u00eb daljet n\u00eb terren apo n\u00eb media komb\u00ebtare, Edi Rama dhe kandidat\u00ebt e tjer\u00eb t\u00eb Partis\u00eb Socialiste, shfaqen publikisht duke promovuar numrin e tyre n\u00eb flet\u00ebn e votimit n\u00ebp\u00ebrmjet nj\u00eb logoje t\u00eb stilizuar n\u00eb form\u00ebn e nj\u00eb ylli.<\/p>\n<p>Nj\u00eb logo e cila n\u00eb fakt rezulton t\u00eb jet\u00eb logoja zyrtare e Samitit t\u00eb Komunitetit Politik Europian, q\u00eb do t\u00eb zhvillohet n\u00eb Tiran\u00eb s\u00eb shpejti.<\/p>\n<p>Ky p\u00ebrb\u00ebn nj\u00eb skandal diplomatik t\u00eb pahasur m\u00eb par\u00eb n\u00eb republika demokratike, e q\u00eb mund t\u00eb ndodh\u00eb ve\u00e7se n\u00eb shtete autoritare ku \u00e7do vendimmarrje \u00ebsht\u00eb e mbledhur n\u00eb nj\u00eb dor\u00eb t\u00eb vetme.<\/p>\n<p>Prej vitesh Partia Demokratike denoncon shfryt\u00ebzimin e aseteve publike p\u00ebr q\u00ebllime elektorale, duke shkelur ligjet shqiptare n\u00eb fuqi. Sot erdhi radha e Bashkimit Europian p\u00ebr t\u2019u b\u00ebr\u00eb d\u00ebshmitar\u00eb sesi Edi Rama keqp\u00ebrdor \u00e7do lloj aseti publik apo europian, sado i vog\u00ebl apo i madh qofte ai, n\u00eb sh\u00ebrbim t\u00eb interesave t\u00eb tij elektorale.<\/p>\n<p>N\u00ebse logoja dhe materialet e tjera t\u00eb samitit t\u00eb Komunitetit Politik Europian jan\u00eb paguar nga taksapaguesit shqiptar\u00eb, p\u00ebrdorimi i tyre p\u00ebr q\u00ebllime elektorale nga Edi Rama, p\u00ebrben qartazi nj\u00eb abuzim dhe shkelje ligjore t\u00eb kodit zgjedhor.<\/p>\n<figure class=\"wp-block-image size-large\"><img loading=\"lazy\" decoding=\"async\" class=\"wp-image-21337\" src=\"https:\/\/pd.al\/wp-content\/uploads\/2025\/05\/WhatsApp-Image-2025-05-07-at-10.44.11-1024x614.jpeg\" sizes=\"auto, (max-width: 1024px) 100vw, 1024px\" srcset=\"https:\/\/pd.al\/wp-content\/uploads\/2025\/05\/WhatsApp-Image-2025-05-07-at-10.44.11-1024x614.jpeg 1024w, https:\/\/pd.al\/wp-content\/uploads\/2025\/05\/WhatsApp-Image-2025-05-07-at-10.44.11-300x180.jpeg 300w, https:\/\/pd.al\/wp-content\/uploads\/2025\/05\/WhatsApp-Image-2025-05-07-at-10.44.11-768x461.jpeg 768w, https:\/\/pd.al\/wp-content\/uploads\/2025\/05\/WhatsApp-Image-2025-05-07-at-10.44.11-1536x922.jpeg 1536w, https:\/\/pd.al\/wp-content\/uploads\/2025\/05\/WhatsApp-Image-2025-05-07-at-10.44.11.jpeg 1600w\" alt=\"\" width=\"1024\" height=\"614\" \/><\/figure>\n<p>Por dhe n\u00ebse k\u00ebto kosto jan\u00eb t\u00eb ndara me partner\u00ebt europian\u00eb, s\u00ebrisht p\u00ebrdorimi i aseteve t\u00eb komunikimit t\u00eb k\u00ebtij samiti nga ana e Edi Ram\u00ebs me q\u00ebllime elektorale, p\u00ebrb\u00ebn nj\u00eb shkelje flagrante t\u00eb \u00e7do protokolli bashk\u00ebpunimi diplomatik.<\/p>\n<p>Abuzimi me logon e takimit t\u00eb Komunitetit Politik Europian \u00ebsht\u00eb nj\u00eb rast jasht\u00ebzakonisht simbolik dhe material p\u00ebr m\u00ebnyr\u00ebn sesi financat publike keqshfryt\u00ebzohen nga Edi Rama n\u00eb sh\u00ebrbim t\u00eb objektivave t\u00eb tij elektorale.<\/p>\n<p>Bashkimi Europian, ashtu si p\u00ebr fondet IPARD, para t\u00eb takspaguesve europian\u00eb, duhet t\u00eb shprehet edhe p\u00ebr fondet e keqp\u00ebrdorura p\u00ebr Samitin, fonde t\u00eb taksapaguesve shqiptar\u00eb.<\/p>\n","protected":false},"excerpt":{"rendered":"<p>Deklarata e an\u00ebtarit t\u00eb K\u00ebshillit Komb\u00ebtar t\u00eb PD, Akil Kraja: Logoja kryesore e fushat\u00ebs s\u00eb Partis\u00eb Socialiste \u00ebsht\u00eb n\u00eb kufijt\u00eb e nj\u00eb abuzimi me financat publike n\u00eb rastin m\u00eb t\u00eb keq, dhe n\u00eb pragun e prodhimit t\u00eb nj\u00eb incidenti diplomatik, n\u00eb rastin m\u00eb t\u00eb mir\u00eb. N\u00eb takime elektorale, n\u00eb daljet n\u00eb terren apo n\u00eb media &hellip;<\/p>\n","protected":false},"author":4,"featured_media":113146,"comment_status":"closed","ping_status":"closed","sticky":false,"template":"","format":"standard","meta":{"footnotes":""},"categories":[37],"tags":[],"class_list":["post-113145","post","type-post","status-publish","format-standard","has-post-thumbnail","","category-politike"],"_links":{"self":[{"href":"https:\/\/rdnews.al\/index.php\/wp-json\/wp\/v2\/posts\/113145","targetHints":{"allow":["GET"]}}],"collection":[{"href":"https:\/\/rdnews.al\/index.php\/wp-json\/wp\/v2\/posts"}],"about":[{"href":"https:\/\/rdnews.al\/index.php\/wp-json\/wp\/v2\/types\/post"}],"author":[{"embeddable":true,"href":"https:\/\/rdnews.al\/index.php\/wp-json\/wp\/v2\/users\/4"}],"replies":[{"embeddable":true,"href":"https:\/\/rdnews.al\/index.php\/wp-json\/wp\/v2\/comments?post=113145"}],"version-history":[{"count":1,"href":"https:\/\/rdnews.al\/index.php\/wp-json\/wp\/v2\/posts\/113145\/revisions"}],"predecessor-version":[{"id":113147,"href":"https:\/\/rdnews.al\/index.php\/wp-json\/wp\/v2\/posts\/113145\/revisions\/113147"}],"wp:featuredmedia":[{"embeddable":true,"href":"https:\/\/rdnews.al\/index.php\/wp-json\/wp\/v2\/media\/113146"}],"wp:attachment":[{"href":"https:\/\/rdnews.al\/index.php\/wp-json\/wp\/v2\/media?parent=113145"}],"wp:term":[{"taxonomy":"category","embeddable":true,"href":"https:\/\/rdnews.al\/index.php\/wp-json\/wp\/v2\/categories?post=113145"},{"taxonomy":"post_tag","embeddable":true,"href":"https:\/\/rdnews.al\/index.php\/wp-json\/wp\/v2\/tags?post=113145"}],"curies":[{"name":"wp","href":"https:\/\/api.w.org\/{rel}","templated":true}]}}