{"id":113149,"date":"2025-05-07T09:41:35","date_gmt":"2025-05-07T09:41:35","guid":{"rendered":"https:\/\/rdnews.al\/?p=113149"},"modified":"2025-05-07T09:55:14","modified_gmt":"2025-05-07T09:55:14","slug":"skandalet-nder-vite-te-maznikut-dhe-perse-rama-e-dergoi-ne-elbasan","status":"publish","type":"post","link":"https:\/\/rdnews.al\/index.php\/2025\/05\/07\/skandalet-nder-vite-te-maznikut-dhe-perse-rama-e-dergoi-ne-elbasan\/","title":{"rendered":"Skandalet e Maznikut nd\u00ebr vite dhe p\u00ebrse Rama e d\u00ebrgoi n\u00eb Elbasan?!"},"content":{"rendered":"<p>Edi Rama gjat\u00eb takimit me militant\u00ebt socialist\u00eb n\u00eb Elbasan pyeti se \u00e7far\u00eb t\u00eb mire ka sjell\u00eb Alizoti p\u00ebr k\u00ebt\u00eb qytet?<\/p>\n<p>\u201cK\u00ebtu soll\u00ebm Tomor Alizotin. A mund t\u00eb m\u00eb thot\u00eb dikush se \u00e7far\u00eb do t\u00eb b\u00ebjn\u00eb demokrat\u00ebt e Elbasanit?\u201d, thot\u00eb Rama.<\/p>\n<div><iframe loading=\"lazy\" src=\"https:\/\/streamable.com\/e\/dl0b3z?\" width=\"100%\" height=\"100%\" allowfullscreen=\"allowfullscreen\" data-mce-fragment=\"1\"><\/iframe><\/div>\n<p>Nj\u00eb p\u00ebrgjigje ndaj kreut t\u00eb qeveris\u00eb ka menduar Partia Demokratike e cila ka shp\u00ebrndar\u00eb n\u00eb rrjetet sociale nj\u00eb video t\u00eb transformimit nd\u00ebr vite t\u00eb Arbjan Maznikut, i cili tashm\u00eb \u00ebsht\u00eb shp\u00ebrblyer nga lideri duke u pozicionuar i pari n\u00eb list\u00ebn e mbyllur t\u00eb Partis\u00eb Socialiste n\u00eb qarkun e Elbasanit.<\/p>\n<p>Tashm\u00eb Mazniku \u00ebsht\u00eb shp\u00ebrblyer nga lideri duke e vendosur si kandidat t\u00eb parin n\u00eb list\u00ebn e mbyllur, at\u00eb q\u00eb nd\u00ebr vite njihet si shp\u00ebrdorues i parave publike.<\/p>\n<div class=\"jnews_inline_related_post_wrapper left\">\n<div class=\"jnews_inline_related_post\">\n<div class=\"jeg_postblock_29 jeg_postblock jeg_module_hook jeg_pagination_disable jeg_col_2o3 jnews_module_1543694_1_681b2216e8434 \" data-unique=\"jnews_module_1543694_1_681b2216e8434\">\n<div class=\"jeg_block_heading jeg_block_heading_6 jeg_subcat_right\"><\/div>\n<div class=\"jeg_block_navigation\">Mazniku njihet p\u00ebr shp\u00ebrdorimin e parave publike dhe p\u00ebrfshirjen e tij n\u00eb shum\u00eb skandale, duke filluar nga bifteku me ar n\u00eb Dubai dhe duke p\u00ebrfunduar n\u00eb fjetjen e hoteleve luksoze t\u00eb paguar nga oligark\u00ebt.<\/div>\n<\/div>\n<\/div>\n<\/div>\n<p>PD i b\u00ebn thirrje Maznikut q\u00eb t\u00eb mbyll\u00eb \u201chesapet\u201d n\u00eb SPAK, m\u00eb pas t\u00eb vij\u00eb dhe t\u00eb k\u00ebrkoj\u00eb vot\u00ebn n\u00eb Elbasan.<\/p>\n","protected":false},"excerpt":{"rendered":"<p>Edi Rama gjat\u00eb takimit me militant\u00ebt socialist\u00eb n\u00eb Elbasan pyeti se \u00e7far\u00eb t\u00eb mire ka sjell\u00eb Alizoti p\u00ebr k\u00ebt\u00eb qytet? \u201cK\u00ebtu soll\u00ebm Tomor Alizotin. A mund t\u00eb m\u00eb thot\u00eb dikush se \u00e7far\u00eb do t\u00eb b\u00ebjn\u00eb demokrat\u00ebt e Elbasanit?\u201d, thot\u00eb Rama. Nj\u00eb p\u00ebrgjigje ndaj kreut t\u00eb qeveris\u00eb ka menduar Partia Demokratike e cila ka shp\u00ebrndar\u00eb n\u00eb &hellip;<\/p>\n","protected":false},"author":4,"featured_media":113150,"comment_status":"closed","ping_status":"closed","sticky":false,"template":"","format":"standard","meta":{"footnotes":""},"categories":[37],"tags":[],"class_list":["post-113149","post","type-post","status-publish","format-standard","has-post-thumbnail","","category-politike"],"_links":{"self":[{"href":"https:\/\/rdnews.al\/index.php\/wp-json\/wp\/v2\/posts\/113149","targetHints":{"allow":["GET"]}}],"collection":[{"href":"https:\/\/rdnews.al\/index.php\/wp-json\/wp\/v2\/posts"}],"about":[{"href":"https:\/\/rdnews.al\/index.php\/wp-json\/wp\/v2\/types\/post"}],"author":[{"embeddable":true,"href":"https:\/\/rdnews.al\/index.php\/wp-json\/wp\/v2\/users\/4"}],"replies":[{"embeddable":true,"href":"https:\/\/rdnews.al\/index.php\/wp-json\/wp\/v2\/comments?post=113149"}],"version-history":[{"count":4,"href":"https:\/\/rdnews.al\/index.php\/wp-json\/wp\/v2\/posts\/113149\/revisions"}],"predecessor-version":[{"id":113156,"href":"https:\/\/rdnews.al\/index.php\/wp-json\/wp\/v2\/posts\/113149\/revisions\/113156"}],"wp:featuredmedia":[{"embeddable":true,"href":"https:\/\/rdnews.al\/index.php\/wp-json\/wp\/v2\/media\/113150"}],"wp:attachment":[{"href":"https:\/\/rdnews.al\/index.php\/wp-json\/wp\/v2\/media?parent=113149"}],"wp:term":[{"taxonomy":"category","embeddable":true,"href":"https:\/\/rdnews.al\/index.php\/wp-json\/wp\/v2\/categories?post=113149"},{"taxonomy":"post_tag","embeddable":true,"href":"https:\/\/rdnews.al\/index.php\/wp-json\/wp\/v2\/tags?post=113149"}],"curies":[{"name":"wp","href":"https:\/\/api.w.org\/{rel}","templated":true}]}}