{"id":113158,"date":"2025-05-07T10:07:22","date_gmt":"2025-05-07T10:07:22","guid":{"rendered":"https:\/\/rdnews.al\/?p=113158"},"modified":"2025-05-07T10:07:22","modified_gmt":"2025-05-07T10:07:22","slug":"edhe-ne-mitingun-e-ps-brohoritet-rama-ik-terbohet-kreu-i-sektit-mavi","status":"publish","type":"post","link":"https:\/\/rdnews.al\/index.php\/2025\/05\/07\/edhe-ne-mitingun-e-ps-brohoritet-rama-ik-terbohet-kreu-i-sektit-mavi\/","title":{"rendered":"Edhe n\u00eb mitingun e PS brohoritet \u201cRama ik\u201d! T\u00ebrbohet kreu i sektit mavi"},"content":{"rendered":"<p>Edi Rama ishte duke folur p\u00ebr arritjet e qeveris\u00eb s\u00eb tij n\u00eb nj\u00eb takim elektoral n\u00eb Kruj\u00eb, kur n\u00eb nj\u00eb moment dikush brohoret \u201cRama ik\u201d.<\/p>\n<p>I t\u00ebrbuar nga thirrja e qytetarit, Rama e cil\u00ebsoi at\u00eb si nj\u00eb hudh\u00ebr q\u00eb i plasi syrin e keq. M\u00eb tej, me nota bullizuese, Rama shprehet\u00a0<em>\u201cnuk e pat\u00eb si ishte, se i kishte flok\u00ebt e lagur sepse sa kishte dal\u00eb nga dushi\u201d<\/em>.<\/p>\n<p><em>\u201c\u2026aman vdeksha, se po e prisja k\u00ebt\u00eb. A vdeksha un\u00eb p\u00ebr ty, rrofsh q\u00eb kalove. Tani jemi n\u00eb rregull. Po e prisja q\u00eb n\u00eb Kruj\u00eb duhet patjet\u00ebr t\u00eb d\u00ebgjoj nj\u00eb \u2018Rama ik\u2019 q\u00eb t\u00eb plas\u00eb syri i keq, e plasi syrin e keq, tani kan\u00eb p\u00ebr ta par\u00eb n\u00eb 11 maj. E ku e tha?! Sa p\u00ebrmenda un\u00eb fjal\u00ebn k\u00ebnet\u00eb. Po ju nuk e pat\u00eb si ishte, se i kishte flok\u00ebt e lagur sepse sa kishte dal\u00eb nga dushi\u201d,<\/em>\u00a0tha Rama.<\/p>\n","protected":false},"excerpt":{"rendered":"<p>Edi Rama ishte duke folur p\u00ebr arritjet e qeveris\u00eb s\u00eb tij n\u00eb nj\u00eb takim elektoral n\u00eb Kruj\u00eb, kur n\u00eb nj\u00eb moment dikush brohoret \u201cRama ik\u201d. I t\u00ebrbuar nga thirrja e qytetarit, Rama e cil\u00ebsoi at\u00eb si nj\u00eb hudh\u00ebr q\u00eb i plasi syrin e keq. M\u00eb tej, me nota bullizuese, Rama shprehet\u00a0\u201cnuk e pat\u00eb si ishte, &hellip;<\/p>\n","protected":false},"author":4,"featured_media":113159,"comment_status":"closed","ping_status":"closed","sticky":false,"template":"","format":"standard","meta":{"footnotes":""},"categories":[37],"tags":[],"class_list":["post-113158","post","type-post","status-publish","format-standard","has-post-thumbnail","","category-politike"],"_links":{"self":[{"href":"https:\/\/rdnews.al\/index.php\/wp-json\/wp\/v2\/posts\/113158","targetHints":{"allow":["GET"]}}],"collection":[{"href":"https:\/\/rdnews.al\/index.php\/wp-json\/wp\/v2\/posts"}],"about":[{"href":"https:\/\/rdnews.al\/index.php\/wp-json\/wp\/v2\/types\/post"}],"author":[{"embeddable":true,"href":"https:\/\/rdnews.al\/index.php\/wp-json\/wp\/v2\/users\/4"}],"replies":[{"embeddable":true,"href":"https:\/\/rdnews.al\/index.php\/wp-json\/wp\/v2\/comments?post=113158"}],"version-history":[{"count":1,"href":"https:\/\/rdnews.al\/index.php\/wp-json\/wp\/v2\/posts\/113158\/revisions"}],"predecessor-version":[{"id":113160,"href":"https:\/\/rdnews.al\/index.php\/wp-json\/wp\/v2\/posts\/113158\/revisions\/113160"}],"wp:featuredmedia":[{"embeddable":true,"href":"https:\/\/rdnews.al\/index.php\/wp-json\/wp\/v2\/media\/113159"}],"wp:attachment":[{"href":"https:\/\/rdnews.al\/index.php\/wp-json\/wp\/v2\/media?parent=113158"}],"wp:term":[{"taxonomy":"category","embeddable":true,"href":"https:\/\/rdnews.al\/index.php\/wp-json\/wp\/v2\/categories?post=113158"},{"taxonomy":"post_tag","embeddable":true,"href":"https:\/\/rdnews.al\/index.php\/wp-json\/wp\/v2\/tags?post=113158"}],"curies":[{"name":"wp","href":"https:\/\/api.w.org\/{rel}","templated":true}]}}