{"id":113161,"date":"2025-05-07T10:20:43","date_gmt":"2025-05-07T10:20:43","guid":{"rendered":"https:\/\/rdnews.al\/?p=113161"},"modified":"2025-05-07T10:23:56","modified_gmt":"2025-05-07T10:23:56","slug":"rama-u-dorezoi-celesat-para-nje-viti-por-pallatet-e-rindertimit-ne-kruje-jane-te-pabanueshme-banoret-erdhi-beri-ca-qyfyre-dha-ca-celesa-por-nuk-mund-te-jetohet","status":"publish","type":"post","link":"https:\/\/rdnews.al\/index.php\/2025\/05\/07\/rama-u-dorezoi-celesat-para-nje-viti-por-pallatet-e-rindertimit-ne-kruje-jane-te-pabanueshme-banoret-erdhi-beri-ca-qyfyre-dha-ca-celesa-por-nuk-mund-te-jetohet\/","title":{"rendered":"Pallatet e Rind\u00ebrtimit n\u00eb Kruj\u00eb jan\u00eb t\u00eb pabanueshme! Banor\u00ebt: Erdhi Rama, b\u00ebri ca qyfyre, dha ca \u00e7el\u00ebsa, por aty nuk jetohet"},"content":{"rendered":"<p>Nga\u00a0<strong>Boldnews.al<\/strong><\/p>\n<p>Nj\u00eb vit pasi kryeministri Edi Rama udh\u00ebhoqi ceremonin\u00eb\u00eb e inagurimit dhe dor\u00ebzimit t\u00eb \u00e7el\u00ebsave t\u00eb apartamenteve t\u00eb ngritura pas \u201cRind\u00ebrtimit\u201d, pallatet n\u00eb Kruj\u00eb vijojn\u00eb t\u00eb jen\u00eb t\u00ebr\u00ebsisht t\u00eb boshatisur.<\/p>\n<p>N\u00eb 27 Maj 2024, Rama dhe bashk\u00ebpun\u00ebtorja e tij e ngusht\u00eb, Belinda Balluku, shp\u00ebrndan\u00eb nj\u00eb video, n\u00eb t\u00eb cil\u00ebn shfaqeshin duke takuar ata q\u00eb konsideroheshin si t\u00eb d\u00ebmtuar nga t\u00ebrmeti tragjik i 26 n\u00ebntorit 2019, n\u00eb qytetin e Kruj\u00ebs.<\/p>\n<p>Pasi shprehu vet\u00ebk\u00ebnaq\u00ebsin\u00eb p\u00ebr at\u00eb q\u00eb ai e konsideroi si \u201cpremtim t\u00eb mbajtur\u201d, Rama, madje, k\u00ebshilloi Bashkin\u00eb e Kruj\u00ebs, t\u00eb drejtuar nga Artur Bushi, q\u00eb t\u00eb mbillnin pem\u00eb n\u00eb ambjentet rrethuese t\u00eb kompleksit me disa pallate, n\u00eb periferi t\u00eb qytetit.<\/p>\n<figure id=\"attachment_1543672\" class=\"wp-caption alignnone\" aria-describedby=\"caption-attachment-1543672\"><img loading=\"lazy\" decoding=\"async\" class=\"wp-image-1543672 size-medium\" src=\"https:\/\/boldnews.al\/wp-content\/uploads\/2025\/05\/WhatsApp-Image-2025-05-07-at-9.44.14-AM-1-640x420.jpeg\" sizes=\"auto, (max-width: 640px) 100vw, 640px\" srcset=\"https:\/\/boldnews.al\/wp-content\/uploads\/2025\/05\/WhatsApp-Image-2025-05-07-at-9.44.14-AM-1-640x420.jpeg 640w, https:\/\/boldnews.al\/wp-content\/uploads\/2025\/05\/WhatsApp-Image-2025-05-07-at-9.44.14-AM-1-750x492.jpeg 750w, https:\/\/boldnews.al\/wp-content\/uploads\/2025\/05\/WhatsApp-Image-2025-05-07-at-9.44.14-AM-1.jpeg 948w\" alt=\"\" width=\"640\" height=\"420\" data-pin-no-hover=\"true\" \/><figcaption id=\"caption-attachment-1543672\" class=\"wp-caption-text\"><strong><em>N\u00eb foto: Rama dhe Balluku, duke \u201cshp\u00ebrndar\u00eb \u00e7el\u00ebsat e apartamenteve t\u00eb reja\u201d n\u00eb Kruj\u00eb<\/em><\/strong><\/figcaption><\/figure>\n<p>Pra, sipas kryeministrit, \u00e7do gj\u00eb ishte mbaruar. Ai dor\u00ebzoi \u00e7el\u00ebsat dhe duhej menduar vet\u00ebm p\u00ebr sh\u00ebndetin e banor\u00ebve t\u00eb rinj.<\/p>\n<p>Por, p\u00ebrtej videos propagandistike t\u00eb shp\u00ebrndar\u00eb me regji nga zyra e kryeministrit, situata n\u00eb terren \u00ebsht\u00eb t\u00ebr\u00ebsisht m\u00eb ndryshe.<\/p>\n<p>N\u00eb nj\u00eb v\u00ebzhgim t\u00eb kryer s\u00eb fundmi nga \u201c<strong>Boldnews.al\u201d<\/strong>\u00a0rezulton se pallatet e reja jan\u00eb t\u00ebr\u00ebsisht bosh. Aty nuk ka frym\u00eb njeriu. Godinat jan\u00eb ngritur dhe jan\u00eb lyer nga jasht\u00eb, por ato nuk kan\u00eb mir\u00ebpritur banor\u00ebt, edhe pse ka kaluar m\u00eb shum\u00eb se nj\u00eb vit nga inagurimi dhe dor\u00ebzimi i \u00e7el\u00ebsave.<\/p>\n<figure id=\"attachment_1543671\" class=\"wp-caption alignnone\" aria-describedby=\"caption-attachment-1543671\"><img loading=\"lazy\" decoding=\"async\" class=\"wp-image-1543671 size-medium\" src=\"https:\/\/boldnews.al\/wp-content\/uploads\/2025\/05\/WhatsApp-Image-2025-05-07-at-9.44.14-AM-640x490.jpeg\" sizes=\"auto, (max-width: 640px) 100vw, 640px\" srcset=\"https:\/\/boldnews.al\/wp-content\/uploads\/2025\/05\/WhatsApp-Image-2025-05-07-at-9.44.14-AM-640x490.jpeg 640w, https:\/\/boldnews.al\/wp-content\/uploads\/2025\/05\/WhatsApp-Image-2025-05-07-at-9.44.14-AM-1024x784.jpeg 1024w, https:\/\/boldnews.al\/wp-content\/uploads\/2025\/05\/WhatsApp-Image-2025-05-07-at-9.44.14-AM-750x574.jpeg 750w, https:\/\/boldnews.al\/wp-content\/uploads\/2025\/05\/WhatsApp-Image-2025-05-07-at-9.44.14-AM-1140x873.jpeg 1140w, https:\/\/boldnews.al\/wp-content\/uploads\/2025\/05\/WhatsApp-Image-2025-05-07-at-9.44.14-AM.jpeg 1200w\" alt=\"\" width=\"640\" height=\"490\" data-pin-no-hover=\"true\" \/><figcaption id=\"caption-attachment-1543671\" class=\"wp-caption-text\"><em><strong>N\u00eb foto: Pallatet bosh t\u00eb \u201cRind\u00ebrtimit\u201d n\u00eb Kruj\u00eb<\/strong><\/em><\/figcaption><\/figure>\n<p>Behari 63-vje\u00e7ar \u00ebsht\u00eb nj\u00eb banor i hersh\u00ebm i zon\u00ebs. Ai ishte nj\u00eb nga ata q\u00eb i ka besuar fillimisht premtimet e kryeministrit Edi Rama p\u00ebr rind\u00ebrtimin e shpejt, kur ai u shfaq me poza t\u00eb pik\u00eblluara p\u00ebrball\u00eb banor\u00ebve t\u00eb tronditur t\u00eb Kruj\u00ebs, n\u00eb fillim t\u00eb dhjetorit 2020.<\/p>\n<p>N\u00eb nj\u00eb bised\u00eb me \u201c<strong>Boldnews.al<\/strong>\u201d, ai tregon se pallatet u nd\u00ebrtuan, por ato jan\u00eb t\u00eb pabanueshme. \u201cJan\u00eb bosh, pasi aty nuk mund t\u00eb jetohet\u201d, -tregon ai. Nuk kan\u00eb dyer, kanalizime, nuk ka tubacione, pra jan\u00eb vet\u00ebm disa kasolle prej tulle, ku nuk mund t\u00eb jetojn\u00eb njer\u00ebz\u201d.<\/p>\n<p>Edhe Astriti, nj\u00eb 53-vje\u00e7ar q\u00eb ka nj\u00eb lokal t\u00eb vog\u00ebl pran\u00eb zon\u00ebs e sheh me skepticiz\u00ebm t\u00eb gjith\u00eb shfaqjen e kryeministrit n\u00eb Kruj\u00eb.<\/p>\n<p>\u201c<em>Erdhi, b\u00ebri ca qyfyre, dha ca \u00e7el\u00ebsa dhe m\u00eb pas asgj\u00eb<\/em>\u201d, tregon ai i pezmatuar, pasi kishte shpresuar q\u00eb banor\u00ebt e lagjes s\u00eb re do t\u00eb shtonin klientel\u00ebn n\u00eb lokalin e tij me pak tavolina.<\/p>\n<div class=\"wp-video\">\n<p><span class=\"mejs-offscreen\">Video Player<\/span><\/p>\n<div id=\"mep_0\" class=\"mejs-container mejs-container-keyboard-inactive wp-video-shortcode mejs-video\" tabindex=\"0\" role=\"application\" aria-label=\"Video Player\">\n<div class=\"mejs-inner\">\n<div class=\"mejs-mediaelement\"><video id=\"video-1543669-1_html5\" class=\"wp-video-shortcode\" src=\"https:\/\/boldnews.al\/wp-content\/uploads\/2025\/05\/WhatsApp-Video-2025-05-07-at-9.44.14-AM.mp4?_=1\" preload=\"metadata\" width=\"480\" height=\"848\" data-mce-fragment=\"1\"><\/video><\/div>\n<\/div>\n<\/div>\n<\/div>\n<p>Nga t\u00ebrmeti i n\u00ebntorit t\u00eb vitit 2019, n\u00eb Kruj\u00eb mbet\u00ebn pa streh\u00eb 336 familje. Godinat e reja, 8 pallate, t\u00eb financuara disa dhjetra miliona euro nga Buxhetit i Shtetit, jan\u00eb projektuar p\u00ebr t\u00eb mir\u00ebpritur rreth 250 familje.<\/p>\n<p>Gjat\u00eb procesit t\u00eb Rind\u00ebrtimit, qeveria e Ram\u00ebs ka deklaruar n\u00eb vijim\u00ebsi se ka p\u00ebrfunduar apartamentet e reja dhe se shum\u00eb familje tashm\u00eb kan\u00eb nisur jetes\u00ebn aty.<\/p>\n<p>Por, t\u00eb dh\u00ebnat konkrete tregojn\u00eb se, p\u00ebrtej propagand\u00ebs s\u00eb Ram\u00ebs, apartamentet e reja n\u00eb shum\u00eb zona t\u00eb vendit jan\u00eb bosh.<\/p>\n<p>N\u00eb Kurbin, t\u00eb gjitha godinat e Rind\u00ebrtimit jan\u00eb t\u00eb pabanuara, megjith\u00ebse kryeministri edhe aty ka dor\u00ebzuar \u00e7el\u00ebsat e sht\u00ebpive. Kronikat mediatike kan\u00eb treguar se sht\u00ebpin\u00eb n\u00eb ato pallate jan\u00eb t\u00eb pabanueshme.<\/p>\n<p>N\u00eb Durr\u00ebs, po e nj\u00ebjta situat\u00eb. Shum\u00eb prej banor\u00ebve n\u00eb qytetin bregdetar jetojn\u00eb ende n\u00eb godinat e d\u00ebmtuara, n\u00eb pritje t\u00eb p\u00ebrmbushjes s\u00eb premtimeve t\u00eb Ram\u00ebs, kur kan\u00eb kaluar 6 vjet nga t\u00ebrmeti tragjik.<\/p>\n<div class=\"jnews_inline_related_post_wrapper left\">\n<div class=\"jnews_inline_related_post\">\n<div class=\"jeg_postblock_29 jeg_postblock jeg_module_hook jeg_pagination_disable jeg_col_2o3 jnews_module_1543669_1_681b30f1925f9 \" data-unique=\"jnews_module_1543669_1_681b30f1925f9\">\n<div class=\"jeg_block_heading jeg_block_heading_6 jeg_subcat_right\"><\/div>\n<div class=\"jeg_block_navigation\">N\u00eb Tiran\u00eb, n\u00eb zon\u00ebn e Ndroqit u nd\u00ebrtuan nj\u00eb kompleks godinash nj\u00eb-kat\u00ebshe, t\u00eb cilat p\u00ebr banor\u00ebt e zon\u00ebs ngjajn\u00eb m\u00eb shum\u00eb me kotece pulash. Ato jan\u00eb t\u00eb gjitha bosh.<\/div>\n<\/div>\n<\/div>\n<\/div>\n<p>N\u00eb Kombinat, gjithashtu pallatet e reja vijojn\u00eb t\u00eb jen\u00eb n\u00eb nd\u00ebrtim, nd\u00ebrkoh\u00eb q\u00eb mij\u00ebra banor\u00eb t\u00eb zon\u00ebs kan\u00eb nisur t\u00eb humbin shpresat p\u00ebr sistemim t\u00eb shpejt\u00eb, p\u00ebrkund\u00ebr deklaratave t\u00eb kryeministrit, q\u00eb u premtoi sistemim n\u00eb banesa brenda nj\u00eb viti (pra, n\u00eb vitin 2020).<\/p>\n<p>Po ashtu, edhe n\u00eb zon\u00ebn e \u201c5 Majit\u201d, shfaqet e nj\u00ebjta panoram\u00eb, ku godinat e reja jan\u00eb t\u00eb pap\u00ebrfunduara dhe mij\u00ebra familje vijojn\u00eb \u201csh\u00ebtitjen\u201d n\u00eb sht\u00ebpi me qira.<\/p>\n","protected":false},"excerpt":{"rendered":"<p>Nga\u00a0Boldnews.al Nj\u00eb vit pasi kryeministri Edi Rama udh\u00ebhoqi ceremonin\u00eb\u00eb e inagurimit dhe dor\u00ebzimit t\u00eb \u00e7el\u00ebsave t\u00eb apartamenteve t\u00eb ngritura pas \u201cRind\u00ebrtimit\u201d, pallatet n\u00eb Kruj\u00eb vijojn\u00eb t\u00eb jen\u00eb t\u00ebr\u00ebsisht t\u00eb boshatisur. N\u00eb 27 Maj 2024, Rama dhe bashk\u00ebpun\u00ebtorja e tij e ngusht\u00eb, Belinda Balluku, shp\u00ebrndan\u00eb nj\u00eb video, n\u00eb t\u00eb cil\u00ebn shfaqeshin duke takuar ata q\u00eb konsideroheshin &hellip;<\/p>\n","protected":false},"author":4,"featured_media":113162,"comment_status":"closed","ping_status":"closed","sticky":false,"template":"","format":"standard","meta":{"footnotes":""},"categories":[37],"tags":[],"class_list":["post-113161","post","type-post","status-publish","format-standard","has-post-thumbnail","","category-politike"],"_links":{"self":[{"href":"https:\/\/rdnews.al\/index.php\/wp-json\/wp\/v2\/posts\/113161","targetHints":{"allow":["GET"]}}],"collection":[{"href":"https:\/\/rdnews.al\/index.php\/wp-json\/wp\/v2\/posts"}],"about":[{"href":"https:\/\/rdnews.al\/index.php\/wp-json\/wp\/v2\/types\/post"}],"author":[{"embeddable":true,"href":"https:\/\/rdnews.al\/index.php\/wp-json\/wp\/v2\/users\/4"}],"replies":[{"embeddable":true,"href":"https:\/\/rdnews.al\/index.php\/wp-json\/wp\/v2\/comments?post=113161"}],"version-history":[{"count":5,"href":"https:\/\/rdnews.al\/index.php\/wp-json\/wp\/v2\/posts\/113161\/revisions"}],"predecessor-version":[{"id":113167,"href":"https:\/\/rdnews.al\/index.php\/wp-json\/wp\/v2\/posts\/113161\/revisions\/113167"}],"wp:featuredmedia":[{"embeddable":true,"href":"https:\/\/rdnews.al\/index.php\/wp-json\/wp\/v2\/media\/113162"}],"wp:attachment":[{"href":"https:\/\/rdnews.al\/index.php\/wp-json\/wp\/v2\/media?parent=113161"}],"wp:term":[{"taxonomy":"category","embeddable":true,"href":"https:\/\/rdnews.al\/index.php\/wp-json\/wp\/v2\/categories?post=113161"},{"taxonomy":"post_tag","embeddable":true,"href":"https:\/\/rdnews.al\/index.php\/wp-json\/wp\/v2\/tags?post=113161"}],"curies":[{"name":"wp","href":"https:\/\/api.w.org\/{rel}","templated":true}]}}