{"id":113168,"date":"2025-05-07T10:39:21","date_gmt":"2025-05-07T10:39:21","guid":{"rendered":"https:\/\/rdnews.al\/?p=113168"},"modified":"2025-05-07T10:39:21","modified_gmt":"2025-05-07T10:39:21","slug":"bardh-spahia-11-maji-do-te-jete-nje-fillim-i-ri-per-shkodren-dhe-shqiperine","status":"publish","type":"post","link":"https:\/\/rdnews.al\/index.php\/2025\/05\/07\/bardh-spahia-11-maji-do-te-jete-nje-fillim-i-ri-per-shkodren-dhe-shqiperine\/","title":{"rendered":"Bardh Spahia: 11 Maji do t\u00eb jet\u00eb nj\u00eb fillim i ri p\u00ebr Shkodr\u00ebn dhe Shqip\u00ebrin\u00eb!"},"content":{"rendered":"<p>Kandidati i PD, Bardh Spahia ka zhvilluar nj\u00eb takim takimi me banor\u00ebt n\u00eb rajonin nr. 3 t\u00eb Shkodr\u00ebs. Spahia, tha nd\u00ebr t\u00eb tjera se, 11 maji\u00a0do t\u00eb jet\u00eb nj\u00eb fillim i ri p\u00ebr Shkodr\u00ebn dhe Shqip\u00ebrin\u00eb, fillim i shpres\u00ebs<\/p>\n<p>Ai i ftoi qytetar\u00ebt t\u00eb votojn\u00eb masivisht numrin 1, edhe ata socialist\u00eb q\u00eb jan\u00eb zhg\u00ebnjyer nga keqqeverisja 12-vje\u00e7are e Edi Ram\u00ebs.<\/p>\n<p>\u201cKat\u00ebr dit\u00ebt e mbetura deri n\u00eb zgjedhjet e s\u00eb diel\u00ebs, m\u00eb 11 maj, duhet t\u00eb na sh\u00ebrbejn\u00eb p\u00ebr t\u00eb punuar edhe m\u00eb shum\u00eb me \u00e7do qytetar q\u00eb t&#8217;i drejtohet kutive t\u00eb votimit, duke mb\u00ebshtetur programin e PD dhe Aleanc\u00ebn p\u00ebr Shqip\u00ebrin\u00eb Madh\u00ebshtore\u201d, ishte ftesa q\u00eb kandidati Bardh Spahia u b\u00ebri t\u00eb pranishm\u00ebve.<\/p>\n<div class=\"aspect-ratio\"><iframe loading=\"lazy\" class=\"rumble\" src=\"https:\/\/rumble.com\/embed\/v6qvrkd\/?pub=1j3sut\" width=\"640\" height=\"360\" frameborder=\"0\" allowfullscreen=\"allowfullscreen\" data-mce-fragment=\"1\"><\/iframe><\/div>\n","protected":false},"excerpt":{"rendered":"<p>Kandidati i PD, Bardh Spahia ka zhvilluar nj\u00eb takim takimi me banor\u00ebt n\u00eb rajonin nr. 3 t\u00eb Shkodr\u00ebs. Spahia, tha nd\u00ebr t\u00eb tjera se, 11 maji\u00a0do t\u00eb jet\u00eb nj\u00eb fillim i ri p\u00ebr Shkodr\u00ebn dhe Shqip\u00ebrin\u00eb, fillim i shpres\u00ebs Ai i ftoi qytetar\u00ebt t\u00eb votojn\u00eb masivisht numrin 1, edhe ata socialist\u00eb q\u00eb jan\u00eb zhg\u00ebnjyer nga &hellip;<\/p>\n","protected":false},"author":4,"featured_media":113169,"comment_status":"closed","ping_status":"closed","sticky":false,"template":"","format":"standard","meta":{"footnotes":""},"categories":[37],"tags":[],"class_list":["post-113168","post","type-post","status-publish","format-standard","has-post-thumbnail","","category-politike"],"_links":{"self":[{"href":"https:\/\/rdnews.al\/index.php\/wp-json\/wp\/v2\/posts\/113168","targetHints":{"allow":["GET"]}}],"collection":[{"href":"https:\/\/rdnews.al\/index.php\/wp-json\/wp\/v2\/posts"}],"about":[{"href":"https:\/\/rdnews.al\/index.php\/wp-json\/wp\/v2\/types\/post"}],"author":[{"embeddable":true,"href":"https:\/\/rdnews.al\/index.php\/wp-json\/wp\/v2\/users\/4"}],"replies":[{"embeddable":true,"href":"https:\/\/rdnews.al\/index.php\/wp-json\/wp\/v2\/comments?post=113168"}],"version-history":[{"count":1,"href":"https:\/\/rdnews.al\/index.php\/wp-json\/wp\/v2\/posts\/113168\/revisions"}],"predecessor-version":[{"id":113170,"href":"https:\/\/rdnews.al\/index.php\/wp-json\/wp\/v2\/posts\/113168\/revisions\/113170"}],"wp:featuredmedia":[{"embeddable":true,"href":"https:\/\/rdnews.al\/index.php\/wp-json\/wp\/v2\/media\/113169"}],"wp:attachment":[{"href":"https:\/\/rdnews.al\/index.php\/wp-json\/wp\/v2\/media?parent=113168"}],"wp:term":[{"taxonomy":"category","embeddable":true,"href":"https:\/\/rdnews.al\/index.php\/wp-json\/wp\/v2\/categories?post=113168"},{"taxonomy":"post_tag","embeddable":true,"href":"https:\/\/rdnews.al\/index.php\/wp-json\/wp\/v2\/tags?post=113168"}],"curies":[{"name":"wp","href":"https:\/\/api.w.org\/{rel}","templated":true}]}}