{"id":113173,"date":"2025-05-07T10:53:45","date_gmt":"2025-05-07T10:53:45","guid":{"rendered":"https:\/\/rdnews.al\/?p=113173"},"modified":"2025-05-07T13:16:37","modified_gmt":"2025-05-07T13:16:37","slug":"deklarata-e-forte-e-osbe-pa-zgjedhje-te-lira-nuk-ka-be-dilni-dhe-votoni-masivisht","status":"publish","type":"post","link":"https:\/\/rdnews.al\/index.php\/2025\/05\/07\/deklarata-e-forte-e-osbe-pa-zgjedhje-te-lira-nuk-ka-be-dilni-dhe-votoni-masivisht\/","title":{"rendered":"Deklarata e fort\u00eb e OSBE: Pa zgjedhje t\u00eb lira nuk ka BE, dilni dhe votoni masivisht"},"content":{"rendered":"<h5><strong>OSBE ka b\u00ebr\u00eb nj\u00eb nga deklaratat m\u00eb t\u00eb forta politike vet\u00ebm 4 dit\u00eb para dit\u00ebs s\u00eb zgjedhjeve. Ambasadori i OSBE n\u00eb Tiran\u00eb, Michel Tarran ka paralajm\u00ebruar regjimin e Ram\u00ebs se pa zgjedhje t\u00eb lira dhe t\u00eb ndershme nuk do t\u00eb ket\u00eb integrimin n\u00eb BE. Po ashtu OSBE \u00a0u ka b\u00ebr\u00eb thirrje shqiptar\u00ebve q\u00eb t\u00eb dalin dhe t\u00eb votojn\u00eb masivisht, pasi votimi n\u00eb dit\u00ebn e zgjedhjeve \u00ebsht\u00eb detyrim.<\/strong><\/h5>\n<p>Ambasadori Michel Tarran deklaroi sot gjate nj\u00eb takimi me student\u00ebt e Universitetit &#8220;Luarasi&#8221; se pjes\u00ebmarrja n\u00eb zgjedhje nuk duhet par\u00eb vet\u00ebm si nj\u00eb e drejt\u00eb, por si nj\u00eb detyrim qytetar, i lidhur ngusht\u00eb me p\u00ebrgjegj\u00ebsin\u00eb q\u00eb ka \u00e7do individ n\u00eb forcimin e demokracis\u00eb. Ai n\u00ebnvizoi se nj\u00eb demokraci funksionale k\u00ebrkon angazhim t\u00eb vazhduesh\u00ebm, dhe jo vet\u00ebm n\u00eb dit\u00ebn e votimit.<\/p>\n<p>Ambasadori vuri theksin edhe te ruajtja e standardeve t\u00eb larta n\u00eb procesin zgjedhor, sidomos n\u00eb nj\u00eb moment ky\u00e7 p\u00ebr Shqip\u00ebrin\u00eb, e cila ndodhet n\u00eb nj\u00eb faz\u00eb t\u00eb r\u00ebnd\u00ebsishme t\u00eb negociatave p\u00ebr an\u00ebtar\u00ebsimin n\u00eb Bashkimin Europian. Ai kujtoi se zgjedhjet e ndershme, transparente dhe gjith\u00ebp\u00ebrfshir\u00ebse jan\u00eb pjes\u00eb e p\u00ebrmbushjes s\u00eb kritereve politike q\u00eb k\u00ebrkon BE-ja, dhe \u00e7do devijim nga k\u00ebto standarde mund t\u00eb ndikoj\u00eb negativisht n\u00eb rrug\u00ebn e integrimit.<\/p>\n<p>Nj\u00eb tjet\u00ebr aspekt i r\u00ebnd\u00ebsish\u00ebm q\u00eb Ambasadori solli n\u00eb v\u00ebmendje ishte roli i medias n\u00eb raportimin e procesit zgjedhor. Ai k\u00ebrkoi q\u00eb media t\u00eb jet\u00eb transparente dhe t\u00eb ushtroj\u00eb nj\u00eb rol aktiv, jo pasiv, n\u00eb pasqyrimin e programeve t\u00eb partive politike, duke ndihmuar qytetar\u00ebt t\u00eb informohen dhe t\u00eb marrin vendime t\u00eb nd\u00ebrgjegjshme.<\/p>\n","protected":false},"excerpt":{"rendered":"<p>OSBE ka b\u00ebr\u00eb nj\u00eb nga deklaratat m\u00eb t\u00eb forta politike vet\u00ebm 4 dit\u00eb para dit\u00ebs s\u00eb zgjedhjeve. Ambasadori i OSBE n\u00eb Tiran\u00eb, Michel Tarran ka paralajm\u00ebruar regjimin e Ram\u00ebs se pa zgjedhje t\u00eb lira dhe t\u00eb ndershme nuk do t\u00eb ket\u00eb integrimin n\u00eb BE. Po ashtu OSBE \u00a0u ka b\u00ebr\u00eb thirrje shqiptar\u00ebve q\u00eb t\u00eb dalin &hellip;<\/p>\n","protected":false},"author":3,"featured_media":113177,"comment_status":"closed","ping_status":"closed","sticky":false,"template":"","format":"standard","meta":{"footnotes":""},"categories":[37],"tags":[],"class_list":["post-113173","post","type-post","status-publish","format-standard","has-post-thumbnail","","category-politike"],"_links":{"self":[{"href":"https:\/\/rdnews.al\/index.php\/wp-json\/wp\/v2\/posts\/113173","targetHints":{"allow":["GET"]}}],"collection":[{"href":"https:\/\/rdnews.al\/index.php\/wp-json\/wp\/v2\/posts"}],"about":[{"href":"https:\/\/rdnews.al\/index.php\/wp-json\/wp\/v2\/types\/post"}],"author":[{"embeddable":true,"href":"https:\/\/rdnews.al\/index.php\/wp-json\/wp\/v2\/users\/3"}],"replies":[{"embeddable":true,"href":"https:\/\/rdnews.al\/index.php\/wp-json\/wp\/v2\/comments?post=113173"}],"version-history":[{"count":6,"href":"https:\/\/rdnews.al\/index.php\/wp-json\/wp\/v2\/posts\/113173\/revisions"}],"predecessor-version":[{"id":113199,"href":"https:\/\/rdnews.al\/index.php\/wp-json\/wp\/v2\/posts\/113173\/revisions\/113199"}],"wp:featuredmedia":[{"embeddable":true,"href":"https:\/\/rdnews.al\/index.php\/wp-json\/wp\/v2\/media\/113177"}],"wp:attachment":[{"href":"https:\/\/rdnews.al\/index.php\/wp-json\/wp\/v2\/media?parent=113173"}],"wp:term":[{"taxonomy":"category","embeddable":true,"href":"https:\/\/rdnews.al\/index.php\/wp-json\/wp\/v2\/categories?post=113173"},{"taxonomy":"post_tag","embeddable":true,"href":"https:\/\/rdnews.al\/index.php\/wp-json\/wp\/v2\/tags?post=113173"}],"curies":[{"name":"wp","href":"https:\/\/api.w.org\/{rel}","templated":true}]}}