{"id":113192,"date":"2025-05-07T12:01:21","date_gmt":"2025-05-07T12:01:21","guid":{"rendered":"https:\/\/rdnews.al\/?p=113192"},"modified":"2025-05-07T12:01:21","modified_gmt":"2025-05-07T12:01:21","slug":"tre-pyetje-publike-per-irenen-me-3-mbiemra","status":"publish","type":"post","link":"https:\/\/rdnews.al\/index.php\/2025\/05\/07\/tre-pyetje-publike-per-irenen-me-3-mbiemra\/","title":{"rendered":"Tre pyetje publike p\u00ebr Iren\u00ebn me 3 mbiemra"},"content":{"rendered":"<p><strong>Nga Adriana KALAJA<\/strong><\/p>\n<p>Tre pyetje publike p\u00ebr Iren\u00ebn me 3 mbiemra:<\/p>\n<p>1. Pse Prokuroria e P\u00ebrgjithshme vijon hetimet sipas shkres\u00ebs dat\u00eb 24.4.2025, nd\u00ebrkoh\u00eb p\u00ebrgjigja &#8220;negative&#8221; ka ardhur me shkres\u00ebn e dates 23.01.2025 (foto1)?<\/p>\n<p>2. Pse tutori yt, Ministri 184, ndryshe, Ulusi Manja i \u00ebsht\u00eb drejtuar Gjykat\u00ebs s\u00eb Athin\u00ebs, nd\u00ebrkoh\u00eb q\u00eb vendimi i d\u00ebbimit dhe ai penal jan\u00eb dh\u00ebn\u00eb nga Gjykata Administrative dhe e Shkall\u00ebs s\u00eb Par\u00eb Janin\u00eb (foto 2 dhe 3)?<\/p>\n<p>3. Pse n\u00eb prokur\u00ebn e dat\u00ebs 31.3.2003, ke deklaruar q\u00eb Stefanaq Gjoka \u00ebsht\u00eb bashk\u00ebshorti yt, nd\u00ebrkoh\u00eb q\u00eb (foto 4):<\/p>\n<p>a. E mban mend q\u00eb bashk\u00eb me k\u00ebt\u00eb shtetas ke mar\u00eb 2 her\u00eb ekspuls nga shteti grek n\u00eb vitin 2002 e 2003, nd\u00ebrkoh\u00eb q\u00eb ky figuronte i martuar me tjet\u00ebr person?<\/p>\n<p>b. E mban mend q\u00eb shtetasit Stefanaq Gjoka, i martuar k\u00ebt\u00eb periudh\u00eb me dik\u00eb tjet\u00ebr por shofer n\u00eb Gjykat\u00ebn e Fierit, i ke justifikuar t\u00eb ardhurat nga &#8220;qiraja&#8221; e babait t\u00ebnd 960,000 lek\u00eb n\u00eb vit?<\/p>\n<p>c. E mban mend q\u00eb m\u00eb t\u00eb ardhurat e paligjshme t\u00eb shtetasit Stefanaq Gjoka, ke &#8220;kaluar&#8221; vettingum, duke paguar tatim fitimin n\u00eb 2019?<\/p>\n<p>Pasi t\u00eb m\u00eb p\u00ebrgjigjesh n\u00ebse do mundesh se m\u00eb than\u00eb se je shim\u00eb &#8220;s\u00ebmur\u00eb&#8221;, ashtu si\u00e7 e deklarova dje para SPAK, t\u00eb sfidoj t\u00eb m\u00eb kall\u00ebzosh p\u00ebr fallsifikim, kall\u00ebzik t\u00eb rreme apo shpifje.<\/p>\n<p>T\u00eb siguroj se kam aq shum\u00eb prova, sa nuk t\u00eb shp\u00ebton as Rama, Ulsiu, Metani e Dumani, dhe p\u00ebr at\u00eb q\u00eb ke b\u00ebr\u00eb ndaj Opozit\u00ebs Shqiptare dhe rrjedhimisht pluralizmit dhe demokracis\u00eb n\u00eb Shqip\u00ebri, do t\u00eb t\u00eb shoh shum\u00eb shpejt pas hekurave.<\/p>\n<p>Ti e di q\u00eb un\u00eb e mbaj fjal\u00ebn dhe i \u00e7oj gj\u00ebrat deri n\u00eb fund.<\/p>\n<p>Deri at\u00ebhere, shihemi&#8230;&#8230;. n\u00ebse &#8220;b\u00ebhesh m\u00eb mir\u00eb<\/p>\n<p>PS: Kam shum\u00eb pyetje, por kemi koh\u00eb&#8230;&#8230;<\/p>\n","protected":false},"excerpt":{"rendered":"<p>Nga Adriana KALAJA Tre pyetje publike p\u00ebr Iren\u00ebn me 3 mbiemra: 1. Pse Prokuroria e P\u00ebrgjithshme vijon hetimet sipas shkres\u00ebs dat\u00eb 24.4.2025, nd\u00ebrkoh\u00eb p\u00ebrgjigja &#8220;negative&#8221; ka ardhur me shkres\u00ebn e dates 23.01.2025 (foto1)? 2. Pse tutori yt, Ministri 184, ndryshe, Ulusi Manja i \u00ebsht\u00eb drejtuar Gjykat\u00ebs s\u00eb Athin\u00ebs, nd\u00ebrkoh\u00eb q\u00eb vendimi i d\u00ebbimit dhe ai &hellip;<\/p>\n","protected":false},"author":4,"featured_media":67658,"comment_status":"closed","ping_status":"closed","sticky":false,"template":"","format":"standard","meta":{"footnotes":""},"categories":[44],"tags":[],"class_list":["post-113192","post","type-post","status-publish","format-standard","has-post-thumbnail","","category-editorial"],"_links":{"self":[{"href":"https:\/\/rdnews.al\/index.php\/wp-json\/wp\/v2\/posts\/113192","targetHints":{"allow":["GET"]}}],"collection":[{"href":"https:\/\/rdnews.al\/index.php\/wp-json\/wp\/v2\/posts"}],"about":[{"href":"https:\/\/rdnews.al\/index.php\/wp-json\/wp\/v2\/types\/post"}],"author":[{"embeddable":true,"href":"https:\/\/rdnews.al\/index.php\/wp-json\/wp\/v2\/users\/4"}],"replies":[{"embeddable":true,"href":"https:\/\/rdnews.al\/index.php\/wp-json\/wp\/v2\/comments?post=113192"}],"version-history":[{"count":1,"href":"https:\/\/rdnews.al\/index.php\/wp-json\/wp\/v2\/posts\/113192\/revisions"}],"predecessor-version":[{"id":113193,"href":"https:\/\/rdnews.al\/index.php\/wp-json\/wp\/v2\/posts\/113192\/revisions\/113193"}],"wp:featuredmedia":[{"embeddable":true,"href":"https:\/\/rdnews.al\/index.php\/wp-json\/wp\/v2\/media\/67658"}],"wp:attachment":[{"href":"https:\/\/rdnews.al\/index.php\/wp-json\/wp\/v2\/media?parent=113192"}],"wp:term":[{"taxonomy":"category","embeddable":true,"href":"https:\/\/rdnews.al\/index.php\/wp-json\/wp\/v2\/categories?post=113192"},{"taxonomy":"post_tag","embeddable":true,"href":"https:\/\/rdnews.al\/index.php\/wp-json\/wp\/v2\/tags?post=113192"}],"curies":[{"name":"wp","href":"https:\/\/api.w.org\/{rel}","templated":true}]}}