{"id":113197,"date":"2025-05-07T13:13:22","date_gmt":"2025-05-07T13:13:22","guid":{"rendered":"https:\/\/rdnews.al\/?p=113197"},"modified":"2025-05-07T13:13:22","modified_gmt":"2025-05-07T13:13:22","slug":"opozita-do-te-mbylle-fushaten-me-nje-takim-madheshtor-ne-bulevardin-e-ri-rama-bllokoi-sheshin-skenderbej","status":"publish","type":"post","link":"https:\/\/rdnews.al\/index.php\/2025\/05\/07\/opozita-do-te-mbylle-fushaten-me-nje-takim-madheshtor-ne-bulevardin-e-ri-rama-bllokoi-sheshin-skenderbej\/","title":{"rendered":"Opozita do t\u00eb mbyll\u00eb fushat\u00ebn me nj\u00eb takim madh\u00ebshtor n\u00eb Bulevardin e Ri. Rama bllokoi sheshin Sk\u00ebnd\u00ebrbej"},"content":{"rendered":"<p>Rama bllokoi Sheshin Sk\u00ebnd\u00ebrbej p\u00ebr nj\u00eb gar\u00eb bi\u00e7ikletash nga frika e mbushjes s\u00eb tij me mb\u00ebshtet\u00ebsit e opozit\u00ebs q\u00eb kishin parasshikuar q\u00eb takimi p\u00ebrmbyll\u00ebs i fushat\u00ebs t\u00eb mbahej atje.<\/p>\n<p>Opozita do t\u00eb mbaj\u00eb takimin p\u00ebrmbyll\u00ebs t\u00eb fushat\u00ebs s\u00eb saj elektorale n\u00eb 9 maj, n\u00eb Bulevardin e Ri t\u00eb Tiran\u00ebs, te ish-Stacioni i Trenit, t\u00eb udh\u00ebhequr nga kryedemokrati Sali Berisha.<\/p>\n<p>Pas p\u00ebrmbylljes s\u00eb aktiviteteve politike, e shtuna do t\u2019i p\u00ebrkas\u00eb heshtjes zgjedhore, nj\u00eb dit\u00eb reflektimi p\u00ebr qytetar\u00ebt, p\u00ebrpara se t\u00eb diel\u00ebn m\u00eb 11 maj t\u00eb votojn\u00eb p\u00ebr p\u00ebrfaq\u00ebsuesit e tyre dhe p\u00ebr drejtimin q\u00eb do t\u00eb marr\u00eb vendi n\u00eb vitet e ardhshme.<\/p>\n","protected":false},"excerpt":{"rendered":"<p>Rama bllokoi Sheshin Sk\u00ebnd\u00ebrbej p\u00ebr nj\u00eb gar\u00eb bi\u00e7ikletash nga frika e mbushjes s\u00eb tij me mb\u00ebshtet\u00ebsit e opozit\u00ebs q\u00eb kishin parasshikuar q\u00eb takimi p\u00ebrmbyll\u00ebs i fushat\u00ebs t\u00eb mbahej atje. Opozita do t\u00eb mbaj\u00eb takimin p\u00ebrmbyll\u00ebs t\u00eb fushat\u00ebs s\u00eb saj elektorale n\u00eb 9 maj, n\u00eb Bulevardin e Ri t\u00eb Tiran\u00ebs, te ish-Stacioni i Trenit, t\u00eb udh\u00ebhequr &hellip;<\/p>\n","protected":false},"author":3,"featured_media":112300,"comment_status":"closed","ping_status":"closed","sticky":false,"template":"","format":"standard","meta":{"footnotes":""},"categories":[37],"tags":[],"class_list":["post-113197","post","type-post","status-publish","format-standard","has-post-thumbnail","","category-politike"],"_links":{"self":[{"href":"https:\/\/rdnews.al\/index.php\/wp-json\/wp\/v2\/posts\/113197","targetHints":{"allow":["GET"]}}],"collection":[{"href":"https:\/\/rdnews.al\/index.php\/wp-json\/wp\/v2\/posts"}],"about":[{"href":"https:\/\/rdnews.al\/index.php\/wp-json\/wp\/v2\/types\/post"}],"author":[{"embeddable":true,"href":"https:\/\/rdnews.al\/index.php\/wp-json\/wp\/v2\/users\/3"}],"replies":[{"embeddable":true,"href":"https:\/\/rdnews.al\/index.php\/wp-json\/wp\/v2\/comments?post=113197"}],"version-history":[{"count":1,"href":"https:\/\/rdnews.al\/index.php\/wp-json\/wp\/v2\/posts\/113197\/revisions"}],"predecessor-version":[{"id":113198,"href":"https:\/\/rdnews.al\/index.php\/wp-json\/wp\/v2\/posts\/113197\/revisions\/113198"}],"wp:featuredmedia":[{"embeddable":true,"href":"https:\/\/rdnews.al\/index.php\/wp-json\/wp\/v2\/media\/112300"}],"wp:attachment":[{"href":"https:\/\/rdnews.al\/index.php\/wp-json\/wp\/v2\/media?parent=113197"}],"wp:term":[{"taxonomy":"category","embeddable":true,"href":"https:\/\/rdnews.al\/index.php\/wp-json\/wp\/v2\/categories?post=113197"},{"taxonomy":"post_tag","embeddable":true,"href":"https:\/\/rdnews.al\/index.php\/wp-json\/wp\/v2\/tags?post=113197"}],"curies":[{"name":"wp","href":"https:\/\/api.w.org\/{rel}","templated":true}]}}