{"id":113205,"date":"2025-05-07T16:32:07","date_gmt":"2025-05-07T16:32:07","guid":{"rendered":"https:\/\/rdnews.al\/?p=113205"},"modified":"2025-05-07T21:33:57","modified_gmt":"2025-05-07T21:33:57","slug":"ivi-kaso-me-11-maj-do-ti-japim-fund-nje-periudhe-te-zymte-dhe-kriminale-te-rilindjes","status":"publish","type":"post","link":"https:\/\/rdnews.al\/index.php\/2025\/05\/07\/ivi-kaso-me-11-maj-do-ti-japim-fund-nje-periudhe-te-zymte-dhe-kriminale-te-rilindjes\/","title":{"rendered":"Ivi Kaso: M\u00eb 11 Maj do t\u2019i japim fund nj\u00eb periudhe t\u00eb zymt\u00eb dhe kriminale t\u00eb Rilindjes!"},"content":{"rendered":"<p>Partia Demokratike dhe Aleanca p\u00ebr Shqip\u00ebrin\u00eb Madh\u00ebshtore zhvilloi n\u00ebn nj\u00eb atmosfer\u00eb elektrizuese n\u00eb Kor\u00e7\u00eb mitingun p\u00ebrmbyll\u00ebs p\u00ebr zgjedhjet e 11 majit n\u00eb k\u00ebt\u00eb qark.<\/p>\n<p>Drejtuesi politik i Qarkut Kor\u00e7\u00eb, Ivi Kaso, n\u00eb fjal\u00ebn e tij tha se demokrat\u00ebt jo vet\u00ebm kor\u00e7ar\u00eb, por n\u00eb t\u00eb gjith\u00eb vendit kan\u00eb p\u00ebrkrahur ndryshimin dhe do t\u00eb votojn\u00eb p\u00ebr largimin e Edi Ram\u00ebs, Niko Peleshit dhe Rilindjes nga pushteti, ku sipas tij do t\u00eb vendoset p\u00ebrfundimisht mbarimi i nj\u00eb periudhe t\u00eb zymt\u00eb dhe kriminale.<\/p>\n<p>\u201c\u00cbsht\u00eb k\u00ebnaq\u00ebsi dhe frym\u00ebzim teksa shoh k\u00ebt\u00eb shesh t\u00eb mbushur plot e p\u00ebrplot me njer\u00ebz me shpirt t\u00eb lir\u00eb. Ka qen\u00eb nder dhe k\u00ebnaq\u00ebsi t\u00eb takoj me shumic\u00ebn prej jush. Kam d\u00ebgjuar plot shqet\u00ebsime dhe probleme, por jam mbushur me shpres\u00eb dhe optimiz\u00ebm t\u00eb jasht\u00ebzakonsh\u00ebm p\u00ebr ndryshim.<\/p>\n<p>Ndryshimi po vjen, po troket dhe \u00ebsht\u00eb shum\u00eb pran\u00eb. Do t\u00eb vij\u00eb nga demokrat\u00ebt e Kor\u00e7\u00ebs dhe t\u00eb gjith\u00eb Shqip\u00ebris\u00eb. Kemi kaluar 12 vite t\u00eb v\u00ebshtir\u00eb, i kemi p\u00ebrballuar, kemi q\u00ebndruar dhe sot ky shesh i mbushur me njer\u00ebz t\u00eb lir\u00eb i vret syt\u00eb dhe i tmerron Edi Ram\u00ebn dhe Niko Peleshin\u201d, tha Ivi Kaso.<\/p>\n<p>M\u00eb tej, drejtuesi politik i PD-s\u00eb p\u00ebr Qarkun e Kor\u00e7\u00ebs vijoi: \u201cAta premtojn\u00eb gj\u00ebra p\u00ebr t\u2019i b\u00ebr\u00eb pas 5 vitesh, por ato duhet t\u2019i kishin b\u00ebr\u00eb 5 vite m\u00eb par\u00eb. Ata e gjet\u00ebn rrug\u00ebn evropiane t\u00eb shtruar nga Partia Demokratike, por nuk dit\u00ebn ta \u00e7onin p\u00ebrpara. N\u00eb fakt, jo se nuk dit\u00ebn ta \u00e7onin p\u00ebrpara, por nuk desh\u00ebn. Edi Rama pa patur q\u00ebllim t\u00eb shtrydh\u00eb k\u00ebt\u00eb vend p\u00ebr 12 vite dhe i ka \u00e7uar njer\u00ebzit e thjesht\u00eb n\u00eb kufijt\u00eb e mbijetes\u00ebs.<\/p>\n<p>Rama s\u2019ka m\u00eb \u00e7far\u00eb t\u2019i ofroj\u00eb k\u00ebtij vendi, asgj\u00eb t\u00eb mir\u00eb nuk presim m\u00eb tani prej tyre.<\/p>\n<p>M\u00eb 11 maj ne do t\u00eb vendosim p\u00ebrfundimisht mbarimin e nj\u00eb periudhe t\u00eb zymt\u00eb dhe kriminale, do t\u00eb rivendosim piketat p\u00ebr zhvillimin e vendit\u201d, tha Ivi Kaso.<\/p>\n","protected":false},"excerpt":{"rendered":"<p>Partia Demokratike dhe Aleanca p\u00ebr Shqip\u00ebrin\u00eb Madh\u00ebshtore zhvilloi n\u00ebn nj\u00eb atmosfer\u00eb elektrizuese n\u00eb Kor\u00e7\u00eb mitingun p\u00ebrmbyll\u00ebs p\u00ebr zgjedhjet e 11 majit n\u00eb k\u00ebt\u00eb qark. Drejtuesi politik i Qarkut Kor\u00e7\u00eb, Ivi Kaso, n\u00eb fjal\u00ebn e tij tha se demokrat\u00ebt jo vet\u00ebm kor\u00e7ar\u00eb, por n\u00eb t\u00eb gjith\u00eb vendit kan\u00eb p\u00ebrkrahur ndryshimin dhe do t\u00eb votojn\u00eb p\u00ebr largimin &hellip;<\/p>\n","protected":false},"author":4,"featured_media":113206,"comment_status":"closed","ping_status":"closed","sticky":false,"template":"","format":"standard","meta":{"footnotes":""},"categories":[37],"tags":[],"class_list":["post-113205","post","type-post","status-publish","format-standard","has-post-thumbnail","","category-politike"],"_links":{"self":[{"href":"https:\/\/rdnews.al\/index.php\/wp-json\/wp\/v2\/posts\/113205","targetHints":{"allow":["GET"]}}],"collection":[{"href":"https:\/\/rdnews.al\/index.php\/wp-json\/wp\/v2\/posts"}],"about":[{"href":"https:\/\/rdnews.al\/index.php\/wp-json\/wp\/v2\/types\/post"}],"author":[{"embeddable":true,"href":"https:\/\/rdnews.al\/index.php\/wp-json\/wp\/v2\/users\/4"}],"replies":[{"embeddable":true,"href":"https:\/\/rdnews.al\/index.php\/wp-json\/wp\/v2\/comments?post=113205"}],"version-history":[{"count":2,"href":"https:\/\/rdnews.al\/index.php\/wp-json\/wp\/v2\/posts\/113205\/revisions"}],"predecessor-version":[{"id":113284,"href":"https:\/\/rdnews.al\/index.php\/wp-json\/wp\/v2\/posts\/113205\/revisions\/113284"}],"wp:featuredmedia":[{"embeddable":true,"href":"https:\/\/rdnews.al\/index.php\/wp-json\/wp\/v2\/media\/113206"}],"wp:attachment":[{"href":"https:\/\/rdnews.al\/index.php\/wp-json\/wp\/v2\/media?parent=113205"}],"wp:term":[{"taxonomy":"category","embeddable":true,"href":"https:\/\/rdnews.al\/index.php\/wp-json\/wp\/v2\/categories?post=113205"},{"taxonomy":"post_tag","embeddable":true,"href":"https:\/\/rdnews.al\/index.php\/wp-json\/wp\/v2\/tags?post=113205"}],"curies":[{"name":"wp","href":"https:\/\/api.w.org\/{rel}","templated":true}]}}