{"id":113208,"date":"2025-05-07T16:38:30","date_gmt":"2025-05-07T16:38:30","guid":{"rendered":"https:\/\/rdnews.al\/?p=113208"},"modified":"2025-05-07T16:38:30","modified_gmt":"2025-05-07T16:38:30","slug":"i-perndjekuri-politik-11-maji-dita-e-shpreses-per-korcen-dhe-shqiperine","status":"publish","type":"post","link":"https:\/\/rdnews.al\/index.php\/2025\/05\/07\/i-perndjekuri-politik-11-maji-dita-e-shpreses-per-korcen-dhe-shqiperine\/","title":{"rendered":"I p\u00ebrndjekuri politik: 11 maji dita e shpres\u00ebs p\u00ebr Kor\u00e7\u00ebn dhe Shqip\u00ebrin\u00eb!"},"content":{"rendered":"<p>Semi Begollari, p\u00ebrfaq\u00ebsuese e t\u00eb p\u00ebrndjekurve politik\u00eb, mbajti fjal\u00ebn e saj n\u00eb takimin p\u00ebrmbyll\u00ebs t\u00eb liderit t\u00eb PD-s\u00eb, Sali Berisha, n\u00eb Kor\u00e7\u00eb. Ajo theksoi se vjen nga nj\u00eb familje e p\u00ebrndjekur dhe e njeh mir\u00eb barr\u00ebn e padrejt\u00ebsis\u00eb.<\/p>\n<p>Begollari tha se grat\u00eb jan\u00eb z\u00ebri, dinjiteti dhe guximi i k\u00ebtij vendi. Sipas saj, Partia Demokratike ka qen\u00eb dhe do t\u00eb mbetet sht\u00ebpia e t\u00eb p\u00ebrndjekurve politik\u00eb. Ajo k\u00ebrkoi q\u00eb plag\u00ebt e diktatur\u00ebs t\u00eb mos heshten, por t\u00eb sh\u00ebrohen me drejt\u00ebsi. N\u00eb fund, ajo e cil\u00ebsoi 11 majin si dit\u00ebn e betej\u00ebs p\u00ebr kthimin e shpres\u00ebs n\u00eb Kor\u00e7\u00eb dhe n\u00eb mbar\u00eb Shqip\u00ebrin\u00eb.<\/p>\n<p><strong>Begollari:\u00a0\u00a0<\/strong>Grat\u00eb jan\u00eb z\u00ebri, dinjiteti, guximi dhe i dashuris\u00eb p\u00ebr vendin ton\u00eb, personalisht vij nga nj\u00eb familje e p\u00ebrndjekur politike dhe e di \u00e7far\u00eb do t\u00eb thot\u00eb t\u00eb jetosh me padrejt\u00ebsin\u00eb mbi supe.<\/p>\n<p>E di sa plag\u00eb la diktatura dhe sa qindra familje shqiptare u persekutuan, por ajo q\u00eb dua t\u00eb theksoj sot \u00ebsht\u00eb se Partia Demokratike ka qen\u00eb dhe do t\u00eb mbetet sht\u00ebpia e t\u00eb p\u00ebrndjekurve politik\u00eb, z\u00ebri aty ku ju mohua liria.<\/p>\n<p>K\u00ebto plag\u00eb nuk mund t\u2019i sh\u00ebrojm\u00eb me heshtje, por me drejt\u00ebsi.<\/p>\n<p>Fushata po mbyllet, por beteja sot po fillon, ne na pret nj\u00eb luft\u00eb e ashp\u00ebr me kund\u00ebrshtarin politik.<\/p>\n<p>N\u00eb k\u00ebt\u00eb fushat\u00eb beteja e ka emrin 11 maj, aty ne me vot\u00ebn ton\u00eb do t\u00eb b\u00ebjm\u00eb zgjidhjen e madhe, t\u00eb kthejm\u00eb shpres\u00ebn n\u00eb Kor\u00e7\u00eb dhe n\u00eb gjith\u00eb Shqip\u00ebrin\u00eb.<\/p>\n","protected":false},"excerpt":{"rendered":"<p>Semi Begollari, p\u00ebrfaq\u00ebsuese e t\u00eb p\u00ebrndjekurve politik\u00eb, mbajti fjal\u00ebn e saj n\u00eb takimin p\u00ebrmbyll\u00ebs t\u00eb liderit t\u00eb PD-s\u00eb, Sali Berisha, n\u00eb Kor\u00e7\u00eb. Ajo theksoi se vjen nga nj\u00eb familje e p\u00ebrndjekur dhe e njeh mir\u00eb barr\u00ebn e padrejt\u00ebsis\u00eb. Begollari tha se grat\u00eb jan\u00eb z\u00ebri, dinjiteti dhe guximi i k\u00ebtij vendi. Sipas saj, Partia Demokratike ka &hellip;<\/p>\n","protected":false},"author":4,"featured_media":113209,"comment_status":"closed","ping_status":"closed","sticky":false,"template":"","format":"standard","meta":{"footnotes":""},"categories":[37],"tags":[],"class_list":["post-113208","post","type-post","status-publish","format-standard","has-post-thumbnail","","category-politike"],"_links":{"self":[{"href":"https:\/\/rdnews.al\/index.php\/wp-json\/wp\/v2\/posts\/113208","targetHints":{"allow":["GET"]}}],"collection":[{"href":"https:\/\/rdnews.al\/index.php\/wp-json\/wp\/v2\/posts"}],"about":[{"href":"https:\/\/rdnews.al\/index.php\/wp-json\/wp\/v2\/types\/post"}],"author":[{"embeddable":true,"href":"https:\/\/rdnews.al\/index.php\/wp-json\/wp\/v2\/users\/4"}],"replies":[{"embeddable":true,"href":"https:\/\/rdnews.al\/index.php\/wp-json\/wp\/v2\/comments?post=113208"}],"version-history":[{"count":1,"href":"https:\/\/rdnews.al\/index.php\/wp-json\/wp\/v2\/posts\/113208\/revisions"}],"predecessor-version":[{"id":113210,"href":"https:\/\/rdnews.al\/index.php\/wp-json\/wp\/v2\/posts\/113208\/revisions\/113210"}],"wp:featuredmedia":[{"embeddable":true,"href":"https:\/\/rdnews.al\/index.php\/wp-json\/wp\/v2\/media\/113209"}],"wp:attachment":[{"href":"https:\/\/rdnews.al\/index.php\/wp-json\/wp\/v2\/media?parent=113208"}],"wp:term":[{"taxonomy":"category","embeddable":true,"href":"https:\/\/rdnews.al\/index.php\/wp-json\/wp\/v2\/categories?post=113208"},{"taxonomy":"post_tag","embeddable":true,"href":"https:\/\/rdnews.al\/index.php\/wp-json\/wp\/v2\/tags?post=113208"}],"curies":[{"name":"wp","href":"https:\/\/api.w.org\/{rel}","templated":true}]}}