{"id":113211,"date":"2025-05-07T16:45:32","date_gmt":"2025-05-07T16:45:32","guid":{"rendered":"https:\/\/rdnews.al\/?p=113211"},"modified":"2025-05-07T16:45:32","modified_gmt":"2025-05-07T16:45:32","slug":"studenti-jam-lodhur-duke-pare-njerez-qe-ikin-te-gjithe-se-bashku-11-majit","status":"publish","type":"post","link":"https:\/\/rdnews.al\/index.php\/2025\/05\/07\/studenti-jam-lodhur-duke-pare-njerez-qe-ikin-te-gjithe-se-bashku-11-majit\/","title":{"rendered":"Studenti: Jam lodhur duke par\u00eb njer\u00ebz q\u00eb ikin! T\u00eb gjith\u00eb s\u00eb bashku 11 majit!"},"content":{"rendered":"<p>N\u00eb takimin p\u00ebrmbyll\u00ebs t\u00eb fushat\u00ebs elektorale p\u00ebr zgjedhjet e 11 majit, kreu i PD-s\u00eb, Sali Berisha, n\u00eb Kor\u00e7\u00eb, mori fjal\u00ebn edhe studenti Anxhelo Peja.<\/p>\n<p>Peja u shpreh se \u00ebsht\u00eb lodhur duke par\u00eb njer\u00ebz q\u00eb ikin dhe se t\u00eb gjith\u00eb s\u00eb bashku duhet t\u00eb shkojn\u00eb sypatrembur drejt 11 majit.<\/p>\n<p><strong>Anxhelo Peja:<\/strong><\/p>\n<p>T\u00eb nderuar qytetar\u00eb! Jam nj\u00eb i ri i k\u00ebsaj toke, si shum\u00eb prej jush. Jam lodhur duke par\u00eb bashk\u00ebmoshatar\u00ebt e mi duke ikur. Familje q\u00eb ndahen dhe shohin t\u00eb ardhmen vet\u00ebm p\u00ebrtej kufirit. Sot jam k\u00ebtu p\u00ebr t\u00eb th\u00ebn\u00eb: mjaft m\u00eb me largimin e njer\u00ebzve nga Shqip\u00ebria.<\/p>\n<p>P\u00ebrgjat\u00eb k\u00ebsaj fushate, kemi par\u00eb Edi Ram\u00ebn jo me ide, por thjesht me p\u00ebr\u00e7mim ndaj meshkujve shqiptar\u00eb. Nj\u00eb burr\u00eb i fort\u00eb dhe me dinjitet nuk i sh\u00ebrben pushtetit t\u00eb tij si autoritar.<\/p>\n<p>Programi yn\u00eb \u00ebsht\u00eb i thjesht\u00eb, por i domosdosh\u00ebm dhe i p\u00ebrgjigjet nevojave tuaja. T\u00eb rinjt\u00eb duan pun\u00ebsim dhe jo papun\u00ebsi. Student\u00ebt duan diploma dhe jo burokraci. Qytetar\u00ebt duan spitale q\u00eb nuk gjykojn\u00eb nga xhepi, por nga nevoja.<\/p>\n<p>Duam nj\u00eb Shqip\u00ebri q\u00eb iu p\u00ebrket vet\u00ebm shqiptar\u00ebve. Kjo \u00ebsht\u00eb koha jon\u00eb. T\u00eb gjith\u00eb s\u00eb bashku, drejt 11 majit, t\u00eb shkojm\u00eb sypatrembur. Kor\u00e7a nuk pret m\u00eb, Kor\u00e7a \u00ebsht\u00eb zgjuar.<\/p>\n<p>Rroft\u00eb Kor\u00e7a!<\/p>\n<p>Rroft\u00eb Shqip\u00ebria!<\/p>\n<p>Rroft\u00eb PD!<\/p>\n","protected":false},"excerpt":{"rendered":"<p>N\u00eb takimin p\u00ebrmbyll\u00ebs t\u00eb fushat\u00ebs elektorale p\u00ebr zgjedhjet e 11 majit, kreu i PD-s\u00eb, Sali Berisha, n\u00eb Kor\u00e7\u00eb, mori fjal\u00ebn edhe studenti Anxhelo Peja. Peja u shpreh se \u00ebsht\u00eb lodhur duke par\u00eb njer\u00ebz q\u00eb ikin dhe se t\u00eb gjith\u00eb s\u00eb bashku duhet t\u00eb shkojn\u00eb sypatrembur drejt 11 majit. Anxhelo Peja: T\u00eb nderuar qytetar\u00eb! Jam nj\u00eb &hellip;<\/p>\n","protected":false},"author":4,"featured_media":113212,"comment_status":"closed","ping_status":"closed","sticky":false,"template":"","format":"standard","meta":{"footnotes":""},"categories":[37],"tags":[],"class_list":["post-113211","post","type-post","status-publish","format-standard","has-post-thumbnail","","category-politike"],"_links":{"self":[{"href":"https:\/\/rdnews.al\/index.php\/wp-json\/wp\/v2\/posts\/113211","targetHints":{"allow":["GET"]}}],"collection":[{"href":"https:\/\/rdnews.al\/index.php\/wp-json\/wp\/v2\/posts"}],"about":[{"href":"https:\/\/rdnews.al\/index.php\/wp-json\/wp\/v2\/types\/post"}],"author":[{"embeddable":true,"href":"https:\/\/rdnews.al\/index.php\/wp-json\/wp\/v2\/users\/4"}],"replies":[{"embeddable":true,"href":"https:\/\/rdnews.al\/index.php\/wp-json\/wp\/v2\/comments?post=113211"}],"version-history":[{"count":1,"href":"https:\/\/rdnews.al\/index.php\/wp-json\/wp\/v2\/posts\/113211\/revisions"}],"predecessor-version":[{"id":113213,"href":"https:\/\/rdnews.al\/index.php\/wp-json\/wp\/v2\/posts\/113211\/revisions\/113213"}],"wp:featuredmedia":[{"embeddable":true,"href":"https:\/\/rdnews.al\/index.php\/wp-json\/wp\/v2\/media\/113212"}],"wp:attachment":[{"href":"https:\/\/rdnews.al\/index.php\/wp-json\/wp\/v2\/media?parent=113211"}],"wp:term":[{"taxonomy":"category","embeddable":true,"href":"https:\/\/rdnews.al\/index.php\/wp-json\/wp\/v2\/categories?post=113211"},{"taxonomy":"post_tag","embeddable":true,"href":"https:\/\/rdnews.al\/index.php\/wp-json\/wp\/v2\/tags?post=113211"}],"curies":[{"name":"wp","href":"https:\/\/api.w.org\/{rel}","templated":true}]}}