{"id":113217,"date":"2025-05-07T16:54:45","date_gmt":"2025-05-07T16:54:45","guid":{"rendered":"https:\/\/rdnews.al\/?p=113217"},"modified":"2025-05-07T16:54:45","modified_gmt":"2025-05-07T16:54:45","slug":"berisha-djepi-bosh-klasat-pa-nxenes-jane-mjerim-per-cdo-shqiptar-qe-i-thote-vetes-shqiptar","status":"publish","type":"post","link":"https:\/\/rdnews.al\/index.php\/2025\/05\/07\/berisha-djepi-bosh-klasat-pa-nxenes-jane-mjerim-per-cdo-shqiptar-qe-i-thote-vetes-shqiptar\/","title":{"rendered":"Berisha: Djepi bosh, klasat pa nx\u00ebn\u00ebs jan\u00eb mjerim p\u00ebr \u00e7do shqiptar q\u00eb i thot\u00eb vetes shqiptar!"},"content":{"rendered":"<p>Gjat\u00eb fjal\u00ebs s\u00eb mbajtur n\u00eb takimin e Kor\u00e7\u00ebs, kryedemokrati Sali Berisha u shpreh se, djepi bosh dhe klasat pa f\u00ebmij\u00eb jan\u00eb mjerim p\u00ebr \u00e7do shqiptar. Sipas tij, edhe sikur prej floriri ti ket\u00eb muret nj\u00eb sht\u00ebpi pa f\u00ebmij\u00eb, \u00ebsht\u00eb nj\u00eb sht\u00ebpi pa t\u00eb zot.<\/p>\n<p>Berisha tha se, sht\u00ebpia pa f\u00ebmij\u00eb, pa t\u00eb rinj. Djepi bosh, klasat pa nx\u00ebn\u00ebs jan\u00eb mjerim p\u00ebr \u00e7do shqiptar q\u00eb i thot\u00eb vetes shqiptar, pavar\u00ebsisht nga bindjet e tij.<\/p>\n<p>\u201cMiq, kor\u00e7are dhe kor\u00e7ar\u00eb t\u00eb men\u00e7ur, mos harroni kurr\u00eb nj\u00eb moment. Ai q\u00eb erdhi n\u00eb pushtet me vot\u00eb n\u00eb 2013, ai krenarisht kalonte nga nj\u00eb studio televizive n\u00eb nj\u00eb studio televizive tjet\u00ebr me hekura n\u00eb dor\u00eb p\u00ebr t\u00eb terrorizuar qytetar\u00ebt e vet.<\/p>\n<p>Mendoi se, n\u00eb k\u00ebt\u00eb m\u00ebnyr\u00eb, ai do t\u00eb domin\u00eb mbi ta, do t\u2019i bullizoj\u00eb ata. N\u00eb k\u00ebt\u00eb m\u00ebnyr\u00eb, ai tregonte n\u00eb t\u00eb v\u00ebrtet\u00eb fytyr\u00ebn e paraardh\u00ebsve t\u00eb tij, t\u00eb cil\u00ebt kishin vendosur varje t\u00eb kund\u00ebrshtar\u00ebve politik\u00eb.<\/p>\n<p>Erdhi n\u00eb Kor\u00e7\u00eb, dhe erdhi si pazarxhi. Mendoi se k\u00ebtu, me Nikon e tij do mund t\u00eb blinte nj\u00eb qytetar t\u00eb thjesht\u00eb t\u00eb Kor\u00e7\u00ebs, nj\u00ebrin prej jush. Do mund ta blinte, sepse nuk i duronte dot kritikat e tij, nuk duronte dot shpirtin e tij t\u00eb lir\u00eb, dhe u b\u00eb gati ta blinte.<\/p>\n<p>Mir\u00ebpo, qytetari i Kor\u00e7\u00ebs, t\u00eb cilit i uroj sot dit\u00eblindjen, rastisi nj\u00ebri prej jush, rastisi me karakterin tuaj, me normat tuaja morale, jo t\u00eb sojit t\u00eb tij, as t\u00eb Peleshit t\u00eb tij. Dhe e gjith\u00eb fushata e tij, u p\u00ebrqendrua n\u00eb Kor\u00e7\u00eb tek ky njeri q\u00eb i uroj edhe 120 vite t\u00eb tjera, Ilir Vrenozit.<\/p>\n<p>Un\u00eb sot, b\u00ebj thirrje \u00e7do qytetari t\u00eb Kor\u00e7\u00ebs, Pogradecit, Kolonj\u00ebs, Devollit, m\u00eb 11 maj t\u00eb bashkohemi, sepse, sht\u00ebpia pa f\u00ebmij\u00eb, pa t\u00eb rinj, djepi bosh, klasat pa nx\u00ebn\u00ebs jan\u00eb mjerim, p\u00ebr \u00e7do shqiptar q\u00eb i thot\u00eb vetes shqiptar. Pavar\u00ebsisht nga bindjet e tij, i them \u00e7do qytetari t\u00eb Kor\u00e7\u00ebs dhe Shqip\u00ebris\u00eb, se sht\u00ebpia pa t\u00eb rinj, se djepi bosh, edhe t\u00eb florinjta po t\u2019i ket\u00eb muret p\u00ebrfundojn\u00eb n\u00eb nj\u00eb muze dhe jo n\u00eb nj\u00eb sht\u00ebpi me zot. Dhe ne, sot, nuk jemi kurr\u00eb ata q\u00eb duhet t\u00eb ishim.<\/p>\n<p>Ne sot, jemi njer\u00ebzit q\u00eb kemi braktisur n\u00eb 10 vite, m\u00eb shum\u00eb se \u00e7do komb tjet\u00ebr, Kor\u00e7\u00ebn dhe Shqip\u00ebrin\u00eb.<\/p>\n<p>Ne sot, jemi njer\u00ebzit, n\u00eb t\u00eb cil\u00ebt shkollat nx\u00ebn\u00ebs nuk kan\u00eb m\u00eb.<\/p>\n<p>Kemi sot si komb, treguesin e lindshm\u00ebris\u00eb m\u00eb t \u00ebul\u00ebt n\u00eb bot\u00eb p\u00ebr shkak t\u00eb emigracionit.<\/p>\n<p>Pra, nj\u00eb siren\u00eb, nj\u00eb klithm\u00eb buron nga shpirti i k\u00ebtij kombi. P\u00ebr \u00e7do korrcar, p\u00ebr \u00e7do shqiptar, m\u00eb 11 maj ta shp\u00ebtojm\u00eb. Ju jeni shpresa! Kor\u00e7a ka shpres\u00eb, Kor\u00e7a ka besim!<\/p>\n<p>Ju, q\u00eb keni mbushur sheshet i rikthyet shpres\u00ebn Kor\u00e7\u00ebs, i rikthyet shpres\u00ebn Shqip\u00ebris\u00eb.<\/p>\n<p>100 dit\u00eb na duhen, jo p\u00ebr pushtetin tim, kurr\u00eb. Por 100 dit\u00eb na duhen p\u00ebr t\u00eb firmosur \u00eb bashku nj\u00eb kthes\u00eb vendimtare n\u00eb k\u00ebt\u00eb r\u00ebnie t\u00eb madhe q\u00eb kemi.<\/p>\n<p>Na duhen vet\u00ebm 100 dit\u00eb, q\u00eb n\u00ebnat, baballar\u00ebt, gjyshet dhe gjysh\u00ebrit tan\u00eb t\u00eb mos num\u00ebrojn\u00eb m\u00eb kafshat\u00ebn, por t\u00eb shp\u00ebrblehen, t\u00eb marrin nj\u00eb pension minimal, kurr\u00eb m\u00eb t\u00eb ul\u00ebt se 200 euro.<\/p>\n<p>Sot, 570 mij\u00eb kan\u00eb pension n\u00ebn 172 euro.<\/p>\n<p>Na duhen q\u00eb, rrog\u00ebul\u00ebtit t\u00eb mos marrin kurr\u00eb rroga nd\u00ebn 500 euro. Q\u00eb t\u00eb mos paguani m\u00eb energjin\u00eb mbi 7 lek\u00eb kilovatin.<\/p>\n<p>Q\u00eb naft\u00ebn t\u00eb mos e blini m\u00eb kurr\u00eb m\u00eb shtrenjt\u00eb se Maqedonia.<\/p>\n<p>Na duhen 100 dit\u00eb q\u00eb, ju n\u00eb farmacit\u00eb tuaja t\u00eb mos blini m\u00eb ila\u00e7e kallpe, por vet\u00ebm ila\u00e7e q\u00eb shiten n\u00eb dy vendet e BE-s\u00eb.<\/p>\n<p>Na duhen 100\u00a0 dit\u00eb, dashur kor\u00e7are dhe kor\u00e7ar\u00eb q\u00eb, ju p\u00ebr f\u00ebmij\u00ebt tuaj, p\u00ebr veten tuaj, p\u00ebr prind\u00ebrit tuaj, t\u00eb moshuarit tuaj, t\u00eb kemi at\u00eb lsit\u00eb ila\u00e7esh q\u00eb ka sot republika italiane p\u00ebr qytetar\u00ebt e vet.<\/p>\n<p>Na duhen 100 dit\u00eb, q\u00eb t\u00eb mos mungoj\u00eb m\u00eb asnj\u00eb ila\u00e7 n\u00eb spitalet tona \u00ebpr t\u00eb s\u00ebmur\u00ebt r\u00ebnd\u00eb.<\/p>\n<p>Na duhen 100 dit\u00eb q\u00eb, ti biznesmen i vog\u00ebl, t\u00eb mos e blesh me energjin\u00eb 18 lek\u00eb, por ta blesh 6 lek\u00eb.<\/p>\n<p>T\u00eb blesh ujin me tarif\u00eb t\u00eb p\u00ebrgjysmuar. T\u00eb paguash sip\u00ebrfaqen publike 5 her\u00eb m\u00eb lir\u00eb. Ti nd\u00ebrtues, t\u00eb paguash p\u00ebr nd\u00ebrtimin taksa 10 her\u00eb m\u00eb t\u00eb ul\u00ebta, jo t\u00eb llogaritura me \u00e7mimin e shitjes, por me preventivin.<\/p>\n<p>100 dit\u00eb na duhen q\u00eb, t\u00eb vendosim taks\u00ebn e shesht\u00eb 10%, dhe \u00e7do biznesmen, \u00e7do i pun\u00ebsuar me rrog\u00eb mbi 500 euro, do paguaj\u00eb 10%, dhe 13% do i mbetet atij. Do i rritet rroga 13%. Do i rriten t\u00eb ardhurat 13%.<\/p>\n<p>N\u00eb 100 dit\u00eb, na duhen p\u00ebr t\u00eb ul\u00eb TVSH-n\u00eb 15%.<\/p>\n<p>Pra, p\u00ebr t\u00eb krijuar krejt\u00ebsisht nj\u00eb hap\u00ebsir\u00eb tjet\u00ebr, shpres\u00ebn dhe besimin p\u00ebr Kor\u00e7\u00ebn dhe Shqip\u00ebrin\u00eb tek qytetar\u00ebt.<\/p>\n<p>100 dit\u00eb na duhen q\u00eb, fermer\u00ebt e Kor\u00e7\u00ebs t\u00eb ken\u00eb t\u00eb nj\u00ebjtat subvencione, absolutisht t\u00eb nj\u00ebjta me fermer\u00ebt e Maqedonis\u00eb.<\/p>\n<p>T\u00eb keni t\u00eb nj\u00ebjtat subvencione me fermer\u00ebt e Kosov\u00ebs, Serbis\u00eb dhe Malit t\u00eb Zi.<\/p>\n<p>T\u00eb merrni 5 her\u00eb m\u00eb shum\u00eb subvencion p\u00ebr \u00e7do bag\u00ebti, p\u00ebr \u00e7do fidan t\u00eb mbjell\u00eb. Dhe ju garantoj mbrojtje t\u00eb plot\u00eb sezonale t\u00eb prodhimeve tuaja.<\/p>\n<p>100 dit\u00eb na duhen, kor\u00e7are dhe kor\u00e7ar\u00eb, pavar\u00ebsisht nga bindjet tuaja politike q\u00eb, nd\u00ebrmarrjet tuaja t\u00eb fasonit t\u00eb mos k\u00ebrc\u00ebnohen m\u00eb nga falimentimi p\u00ebr shkak t\u00eb narkoeuros.<\/p>\n<p>Jo, nj\u00eb bord q\u00eb do ju kompensoj\u00eb ju, \u00e7do qindark\u00eb p\u00ebr r\u00ebnien e narkoeuros, do t\u00eb ngrihet brenda 100 dit\u00ebve, dhe pun\u00ebtor\u00ebt tuaj do marrin rroga si\u00e7 e meritojn\u00eb dhe ju fitime si\u00e7 i meritoni\u201d, u shpreh Berisha.<\/p>\n","protected":false},"excerpt":{"rendered":"<p>Gjat\u00eb fjal\u00ebs s\u00eb mbajtur n\u00eb takimin e Kor\u00e7\u00ebs, kryedemokrati Sali Berisha u shpreh se, djepi bosh dhe klasat pa f\u00ebmij\u00eb jan\u00eb mjerim p\u00ebr \u00e7do shqiptar. Sipas tij, edhe sikur prej floriri ti ket\u00eb muret nj\u00eb sht\u00ebpi pa f\u00ebmij\u00eb, \u00ebsht\u00eb nj\u00eb sht\u00ebpi pa t\u00eb zot. Berisha tha se, sht\u00ebpia pa f\u00ebmij\u00eb, pa t\u00eb rinj. Djepi bosh, &hellip;<\/p>\n","protected":false},"author":4,"featured_media":113218,"comment_status":"closed","ping_status":"closed","sticky":false,"template":"","format":"standard","meta":{"footnotes":""},"categories":[37],"tags":[],"class_list":["post-113217","post","type-post","status-publish","format-standard","has-post-thumbnail","","category-politike"],"_links":{"self":[{"href":"https:\/\/rdnews.al\/index.php\/wp-json\/wp\/v2\/posts\/113217","targetHints":{"allow":["GET"]}}],"collection":[{"href":"https:\/\/rdnews.al\/index.php\/wp-json\/wp\/v2\/posts"}],"about":[{"href":"https:\/\/rdnews.al\/index.php\/wp-json\/wp\/v2\/types\/post"}],"author":[{"embeddable":true,"href":"https:\/\/rdnews.al\/index.php\/wp-json\/wp\/v2\/users\/4"}],"replies":[{"embeddable":true,"href":"https:\/\/rdnews.al\/index.php\/wp-json\/wp\/v2\/comments?post=113217"}],"version-history":[{"count":1,"href":"https:\/\/rdnews.al\/index.php\/wp-json\/wp\/v2\/posts\/113217\/revisions"}],"predecessor-version":[{"id":113219,"href":"https:\/\/rdnews.al\/index.php\/wp-json\/wp\/v2\/posts\/113217\/revisions\/113219"}],"wp:featuredmedia":[{"embeddable":true,"href":"https:\/\/rdnews.al\/index.php\/wp-json\/wp\/v2\/media\/113218"}],"wp:attachment":[{"href":"https:\/\/rdnews.al\/index.php\/wp-json\/wp\/v2\/media?parent=113217"}],"wp:term":[{"taxonomy":"category","embeddable":true,"href":"https:\/\/rdnews.al\/index.php\/wp-json\/wp\/v2\/categories?post=113217"},{"taxonomy":"post_tag","embeddable":true,"href":"https:\/\/rdnews.al\/index.php\/wp-json\/wp\/v2\/tags?post=113217"}],"curies":[{"name":"wp","href":"https:\/\/api.w.org\/{rel}","templated":true}]}}