{"id":113225,"date":"2025-05-07T17:12:53","date_gmt":"2025-05-07T17:12:53","guid":{"rendered":"https:\/\/rdnews.al\/?p=113225"},"modified":"2025-05-07T17:12:53","modified_gmt":"2025-05-07T17:12:53","slug":"berisha-kjo-enderr-e-keqe-qe-solli-edi-rama-me-11-maj-arkivohet-ne-histori","status":"publish","type":"post","link":"https:\/\/rdnews.al\/index.php\/2025\/05\/07\/berisha-kjo-enderr-e-keqe-qe-solli-edi-rama-me-11-maj-arkivohet-ne-histori\/","title":{"rendered":"Berisha: Kjo \u00ebnd\u00ebrr e keqe q\u00eb solli Edi Rama m\u00eb 11 maj arkivohet n\u00eb histori!"},"content":{"rendered":"<p>Kryetari i Partis\u00eb Demokratike, Sali Berisha duke folur para mij\u00ebra qytetar\u00ebve kor\u00e7ar\u00ebve u shpreh se, n\u00eb 11 maj, shqiptar\u00ebt zgjohen nga \u00ebnd\u00ebrra e keqe q\u00eb solli Edi Rama n\u00eb Shqip\u00ebri dhe hapin nj\u00eb kapitull t\u00eb ri p\u00ebr vendin.<\/p>\n<p>Berisha tha se, ne do e sjellim kombin n\u00eb mosh\u00ebn e tij t\u00eb rinis\u00eb, p\u00ebr t\u00eb mbetur p\u00ebrjet\u00eb nj\u00eb komb i ri. Kjo dram\u00eb q\u00eb krijoi Edi Rama, kjo \u00ebnd\u00ebrr e keqe, me 11 maj lihet, arkivohet n\u00eb histori. \u00c7elim s\u00eb bashku nj\u00eb kapitull, nj\u00eb epok\u00eb t\u00eb re p\u00ebr Kor\u00e7\u00ebn, kor\u00e7ar\u00ebt, Shqip\u00ebrin\u00eb, shqiptar\u00ebt.<\/p>\n<p><strong>Berisha: <\/strong>Qytetare dhe qytetar\u00eb t\u00eb men\u00e7ur, shpesh d\u00ebgjoni se, ku gjenden k\u00ebto para?<\/p>\n<p>Ju garantoj se, k\u00ebto para, qindark\u00eb p\u00ebr qindark\u00eb ekzistojn\u00eb, dhe ne nuk b\u00ebjm\u00eb gj\u00eb tjet\u00ebr, vet\u00ebm ua kthejm\u00eb ju parat\u00eb.<\/p>\n<p>Pse?<\/p>\n<p>8 miliard\u00eb euro ishte buxheti i k\u00ebtij viti.<\/p>\n<p>16 milion\u00eb, Edi Rama shpirtkazm\u00eb la p\u00ebr 760 mij\u00eb pensionist\u00eb.<\/p>\n<p>8 miliard\u00eb euro ishte bixheti i k\u00ebtij viti. 32 milion\u00eb euro subvencione la p\u00ebr 380 mij\u00eb fermer\u00eb shqiptar\u00eb.<\/p>\n<p>Mund t\u2019i marrim nj\u00eb e nga nj\u00eb. Po pse kaq?<\/p>\n<p>Sepse t\u00eb tjerat i vjedh, i vjedh, i vjedh me rrug\u00eb q\u00eb nd\u00ebrton me \u00e7mim 10 her\u00eb mbi \u00e7mimin e zakonsh\u00ebm.<\/p>\n<p>Miqt\u00eb e mi, po un\u00eb jam k\u00ebtu n\u00eb nj\u00eb bised\u00eb t\u00eb hapur me ju. Nuk jan\u00eb \u00ebkto m\u00eb t\u00eb v\u00ebshtirat. K\u00ebto jan\u00eb, t\u2019u them ju, 100% t\u00eb realizueshme.<\/p>\n<p>Nj\u00eb tjet\u00ebr kemi m\u00eb t\u00eb v\u00ebshtir\u00eb, nj\u00eb mision tjet\u00ebr kemi, nj\u00eb objektiv tjet\u00ebr kemi, p\u00ebr t\u00eb cilin ne do t\u00eb b\u00ebjm\u00eb \u00e7do sakrific\u00eb dhe kjo \u00ebsht\u00eb, t\u2019i japim kombit mosh\u00ebn e rinis\u00eb. Ta sjellim prap kombin n\u00eb rinin\u00eb e tij.<\/p>\n<p>Dhe un\u00eb u garantoj ju, dhe \u00e7do t\u00eb ri, \u00e7do f\u00ebmij\u00eb, n\u00eb Kor\u00e7\u00eb dhe n\u00eb Shqip\u00ebri, se kjo do t\u00eb jet\u00eb p\u00ebrpar\u00ebsia m\u00eb absolute. Kjo \u00ebsht\u00eb Leva e Arkimedit p\u00ebr t\u00eb shp\u00ebtuar kombin shqiptar.<\/p>\n<p>Ndaj dhe ne, p\u00ebr t\u00eb sjell\u00eb kombin n\u00eb mosh\u00ebn e rinis\u00eb do ta nisim tek lindjet.<\/p>\n<p>P\u00ebr f\u00ebmij\u00ebn e par\u00eb 70 euro. P\u00ebr f\u00ebmij\u00ebn e dyt\u00eb 60 euro. P\u00ebr f\u00ebmij\u00ebn e tret\u00eb, pagesa e plot\u00eb nga lindja gjer n\u00eb 23 vje\u00e7.<\/p>\n<p>Kombi yn\u00eb duhet t\u00eb jet\u00eb komb me t\u00eb ardhura dhe komb me shpres\u00eb. Por, komb pa rini, pa t\u00eb ardhme nuk ka.<\/p>\n<p>P\u00ebr f\u00ebmij\u00ebt, shkolla t\u00eb cilat do t\u00eb modernizohen, digjitalizohen n\u00eb t\u00eb gjith\u00eb veprimtarin\u00eb e tyre. Dyfishimi i buxhetit p\u00ebr arsimin . rrogat e m\u00ebsuesve, minimalja 1500 euro.<\/p>\n<p>20% e f\u00ebmij\u00ebve q\u00eb mbarojn\u00eb 9-vje\u00e7aren nuk ndjekin gjimnazet. Kjo \u00ebsht\u00eb e papranueshme. Do shkojm\u00eb drejt arsimit t\u00eb mes\u00ebm t\u00eb detyruesh\u00ebm. Kombet q\u00eb kan\u00eb patur arsim t\u00eb mes\u00ebm t\u00eb detyruesh\u00ebm jan\u00eb zhvilluar m\u00eb shpejt dhe m\u00eb mir\u00eb.<\/p>\n<p>Ndaj dhe, asnj\u00eb f\u00ebmij\u00eb pa arsim t\u00eb mes\u00ebm nuk do mbetet.<\/p>\n<p>T\u00eb dashur miq, hiqet mesatarja p\u00ebr universitete. Do b\u00ebhet \u00e7do p\u00ebrpjekje q\u00eb, \u00e7do i ri q\u00eb mbaron gjimnazin t\u00eb ndjek\u00eb universitetin. 200 euro burs\u00ebn p\u00ebr t\u00eb gjith\u00eb ata q\u00eb studiojn\u00eb jasht\u00eb rrethit te tyre. Student\u00ebt, 200 euro burs\u00ebn p\u00ebr t\u00eb rinjt\u00eb q\u00eb shkojn\u00eb n\u00eb shkolla profesionale parauniversitare.<\/p>\n<p>Shkolla dhe pun\u00ebsimi do t\u00eb jen\u00eb t\u00eb lidhura n\u00eb binjak\u00ebzim. Do krijohet fondi komb\u00ebtar i praktikave p\u00ebr student\u00ebt dhe t\u00eb rintj\u00eb, \u00e7\u2019ka do t\u00eb thot\u00eb, qeveria do paguaj\u00eb universitetet, do lidhen n\u00eb ortak\u00ebri\u00a0 me sip\u00ebrmarrje publike dhe private dhe qeveria do paguaj\u00eb t\u00eb gjith\u00eb praktik\u00ebn e student\u00ebve n\u00eb k\u00ebto sip\u00ebrmarrje.<\/p>\n<p>Universitetet do t\u00eb ken\u00eb zyrat e karrier\u00ebs, jo vet\u00ebm p\u00ebr t\u00eb orientuar t\u00eb rinjt\u00eb, por p\u00ebr t\u00eb leht\u00ebsuar pun\u00ebsimin e tyre.<\/p>\n<p>Brenda 1 viti, \u00e7do i ri i diplomuar do t\u00eb ket\u00eb nj\u00eb vend pune n\u00eb sektorin publik ose privat.<\/p>\n<p>Vitin e par\u00eb qeveria do t\u00eb shtoj\u00eb 1000 vende pune p\u00ebr universitetin p\u00ebr ekselencat, p\u00ebr student\u00ebt m\u00eb t\u00eb mir\u00eb.<\/p>\n<p>Krijohet fondi komb\u00ebtar i rinis\u00eb. Start up Albania, start up-et e t\u00eb rinjve do marrin 5000 mij\u00eb euro grante falas p\u00ebr bizneset q\u00eb do nisin. Student\u00ebt do marrin grante p\u00ebr biznese apo projekte q\u00eb do t\u00eb b\u00ebjn\u00eb.<\/p>\n<p>Miq, n\u00eb qoft\u00eb se ne, nuk u kthehemi n\u00eb m\u00ebnyr\u00ebn m\u00eb serioze, mendjen dhe syt\u00eb e zemr\u00ebn tek k\u00ebta t\u00eb rinj, q\u00eb po b\u00ebhen \u00e7do dit\u00eb e m\u00eb shum\u00eb si uji i pak\u00ebt, ne i kemi t\u00eb kota p\u00ebrpjekjet.<\/p>\n<p>Ne do p\u00ebrqendrojm\u00eb t\u00eb gjith\u00eb forc\u00ebn ton\u00eb, pik\u00ebrisht tek ata. N\u00eb m\u00ebnryr\u00eb q\u00eb, ata t\u00eb shkollohen, t\u00eb shkojn\u00eb jasht\u00eb dhe t\u00eb kthehen, t\u00eb ken\u00eb sukses, t\u00eb ken\u00eb nj\u00eb \u00e7ati.<\/p>\n<p>\u00c7do \u00e7ift i ri do ket\u00eb 30 mij\u00eb euro grant p\u00ebr t\u00eb paguar interesat e kredis\u00eb dhe p\u00ebr t\u2019u strehuar.<\/p>\n<p>Talenti, \u00ebndrra jan\u00eb mrekullia m\u00eb e madhe e t\u00eb rinjve. Nj\u00eb fond i posa\u00e7\u00ebm p\u00ebr t\u00eb rinjt\u00eb e talentuar, 5 milion\u00eb euro, me t\u00eb cilin do mb\u00ebshtetet \u00e7do projekt i tyre n\u00eb sport, muzik\u00eb, let\u00ebrsi, teknologji dhe \u00e7do fush\u00eb.<\/p>\n<p>Pra, e kemi vendosur dhe jemi dakord, t\u2019i vendosim n\u00eb epiqend\u00ebr, t\u00eb b\u00ebjm\u00eb gjith\u00e7ka q\u00eb energjit\u00eb e tyre, \u00ebndrra e tyre t\u00eb nd\u00ebrtohet n\u00eb Shqip\u00ebri, t\u00eb qendrojn\u00eb n\u00eb Shqip\u00ebri.<\/p>\n<p>Do b\u00ebjm\u00eb \u00e7do gj\u00eb p\u00ebr t\u00eb rikthyer qindra e mij\u00ebra t\u00eb rinj q\u00eb u larguan nga Shqip\u00ebria. Kam besim t\u00eb plot\u00eb se arrihet. E arrit\u00ebm n\u00eb vitet 2009-2013, 180 mij\u00eb familje u kthyen.<\/p>\n<p>Tani, 5 vite pa asnj\u00eb taks\u00eb, kredi t\u00eb buta p\u00ebr strehimin, grante p\u00ebr start up-et p\u00ebr t\u00eb gjith\u00eb t\u00eb rinjt\u00eb q\u00eb, nga emigracioni kthehen p\u00ebr t\u00eb punuar dhe jetuar n\u00eb Shqip\u00ebri.<\/p>\n<p>Fara jon\u00eb nuk do zhduket kurr\u00eb. Ne do e sjellim kombin n\u00eb mosh\u00ebn e tij t\u00eb rinis\u00eb, p\u00ebr t\u00eb mbetur p\u00ebrjet\u00eb nj\u00eb komb i ri. Kjo dram\u00eb q\u00eb krijoi Edi Rama, kjo \u00ebnd\u00ebrr e keqe, me 11 maj lihet, arkivohet n\u00eb histori. \u00c7elim s\u00eb bashku nj\u00eb kapitull, nj\u00eb epok\u00eb t\u00eb re p\u00ebr Kor\u00e7\u00ebn, kor\u00e7ar\u00ebt, Shqip\u00ebrin\u00eb, shqiptar\u00ebt.<\/p>\n<p>Rrofshi ju, rroft\u00eb Kor\u00e7a, rroft\u00eb Shqip\u00ebria!<\/p>\n","protected":false},"excerpt":{"rendered":"<p>Kryetari i Partis\u00eb Demokratike, Sali Berisha duke folur para mij\u00ebra qytetar\u00ebve kor\u00e7ar\u00ebve u shpreh se, n\u00eb 11 maj, shqiptar\u00ebt zgjohen nga \u00ebnd\u00ebrra e keqe q\u00eb solli Edi Rama n\u00eb Shqip\u00ebri dhe hapin nj\u00eb kapitull t\u00eb ri p\u00ebr vendin. Berisha tha se, ne do e sjellim kombin n\u00eb mosh\u00ebn e tij t\u00eb rinis\u00eb, p\u00ebr t\u00eb mbetur &hellip;<\/p>\n","protected":false},"author":4,"featured_media":113226,"comment_status":"closed","ping_status":"closed","sticky":false,"template":"","format":"standard","meta":{"footnotes":""},"categories":[37],"tags":[],"class_list":["post-113225","post","type-post","status-publish","format-standard","has-post-thumbnail","","category-politike"],"_links":{"self":[{"href":"https:\/\/rdnews.al\/index.php\/wp-json\/wp\/v2\/posts\/113225","targetHints":{"allow":["GET"]}}],"collection":[{"href":"https:\/\/rdnews.al\/index.php\/wp-json\/wp\/v2\/posts"}],"about":[{"href":"https:\/\/rdnews.al\/index.php\/wp-json\/wp\/v2\/types\/post"}],"author":[{"embeddable":true,"href":"https:\/\/rdnews.al\/index.php\/wp-json\/wp\/v2\/users\/4"}],"replies":[{"embeddable":true,"href":"https:\/\/rdnews.al\/index.php\/wp-json\/wp\/v2\/comments?post=113225"}],"version-history":[{"count":1,"href":"https:\/\/rdnews.al\/index.php\/wp-json\/wp\/v2\/posts\/113225\/revisions"}],"predecessor-version":[{"id":113227,"href":"https:\/\/rdnews.al\/index.php\/wp-json\/wp\/v2\/posts\/113225\/revisions\/113227"}],"wp:featuredmedia":[{"embeddable":true,"href":"https:\/\/rdnews.al\/index.php\/wp-json\/wp\/v2\/media\/113226"}],"wp:attachment":[{"href":"https:\/\/rdnews.al\/index.php\/wp-json\/wp\/v2\/media?parent=113225"}],"wp:term":[{"taxonomy":"category","embeddable":true,"href":"https:\/\/rdnews.al\/index.php\/wp-json\/wp\/v2\/categories?post=113225"},{"taxonomy":"post_tag","embeddable":true,"href":"https:\/\/rdnews.al\/index.php\/wp-json\/wp\/v2\/tags?post=113225"}],"curies":[{"name":"wp","href":"https:\/\/api.w.org\/{rel}","templated":true}]}}