{"id":113231,"date":"2025-05-07T17:29:59","date_gmt":"2025-05-07T17:29:59","guid":{"rendered":"https:\/\/rdnews.al\/?p=113231"},"modified":"2025-05-07T17:29:59","modified_gmt":"2025-05-07T17:29:59","slug":"berisha-rama-erdhi-ne-korce-si-pazarxhi-donte-te-blinte-ilir-vrenozin-por","status":"publish","type":"post","link":"https:\/\/rdnews.al\/index.php\/2025\/05\/07\/berisha-rama-erdhi-ne-korce-si-pazarxhi-donte-te-blinte-ilir-vrenozin-por\/","title":{"rendered":"Berisha: Rama erdhi n\u00eb Kor\u00e7\u00eb si pazarxhi! Donte t\u00eb blinte Ilir Vrenozin, por\u2026"},"content":{"rendered":"<p>Kryetari i PD, Sali Berisha gjat\u00eb fjal\u00ebs s\u00eb tij n\u00eb mitingun p\u00ebrmbyll\u00ebs s\u00eb fushat\u00ebs n\u00eb Qarkun e Kor\u00e7\u00ebs komentoi edhe vizit\u00ebn e Edi Ram\u00ebs n\u00eb k\u00ebt\u00eb qytet.<\/p>\n<p>Berisha tha se, Edi Rama erdhi n\u00eb Kor\u00e7\u00eb si nj\u00eb pazarxhi, ku bashk\u00eb me Niko Peleshin donin t\u00eb blinin Ilir Vrenozin, pasi nuk duronte dot kritikat e k\u00ebtij t\u00eb fundit dhe shpirtin e tij t\u00eb lir\u00eb.<\/p>\n<p>Lideri demokrat tha se, Rama erdhi n\u00eb pushtet duke l\u00ebviz televizion m\u00eb televizion me pranga n\u00eb duar duke terrorizuar qytetar\u00ebt, teksa u b\u00ebri thirrje kor\u00e7ar\u00ebve dhe gjith\u00eb shqiptar\u00ebve q\u00eb m\u00eb 11 Maj t\u00eb shp\u00ebtojn\u00eb kombin q\u00eb n\u00eb 10 vite ka numrin m\u00eb t\u00eb lart\u00eb t\u00eb emigracionit n\u00eb bot\u00eb dhe numrin m\u00eb t\u00eb ul\u00ebt t\u00eb lindshm\u00ebris\u00eb.<\/p>\n<p><strong>Sali Berisha:<\/strong>\u00a0Miq, kor\u00e7are dhe kor\u00e7ar\u00eb t\u00eb men\u00e7ur, mos harroni kurr\u00eb nj\u00eb moment. Ai q\u00eb erdhi n\u00eb pushtet me vot\u00eb n\u00eb 2013, ai krenarisht kalonte nga nj\u00eb studio televizive n\u00eb nj\u00eb studio televizive tjet\u00ebr me hekura n\u00eb dor\u00eb p\u00ebr t\u00eb terrorizuar qytetar\u00ebt e vet. Mendoi se, n\u00eb k\u00ebt\u00eb m\u00ebnyr\u00eb, ai do t\u00eb domin\u00eb mbi ta, do t\u2019i bullizoj\u00eb ata. N\u00eb k\u00ebt\u00eb m\u00ebnyr\u00eb, ai tregonte n\u00eb t\u00eb v\u00ebrtet\u00eb fytyr\u00ebn e paraardh\u00ebsve t\u00eb tij, t\u00eb cil\u00ebt kishin vendosur varje t\u00eb kund\u00ebrshtar\u00ebve politik\u00eb.<\/p>\n<p>Erdhi n\u00eb Kor\u00e7\u00eb, dhe erdhi si pazarxhi. Mendoi se k\u00ebtu, me Nikon e tij do mund t\u00eb blinte nj\u00eb qytetar t\u00eb thjesht\u00eb t\u00eb Kor\u00e7\u00ebs, nj\u00ebrin prej jush. Do mund ta blinte, sepse nuk i duronte dot kritikat e tij, nuk duronte dot shpirtin e tij t\u00eb lir\u00eb, dhe u b\u00eb gati ta blinte. Mir\u00ebpo, qytetari i Kor\u00e7\u00ebs, t\u00eb cilit i uroj sot dit\u00eblindjen, rastisi nj\u00ebri prej jush, rastisi me karakterin tuaj, me normat tuaja morale, jo t\u00eb sojit t\u00eb tij, as t\u00eb Peleshit t\u00eb tij. Dhe e gjith\u00eb fushata e tij, u p\u00ebrqendrua n\u00eb Kor\u00e7\u00eb tek ky njeri q\u00eb i uroj edhe 120 vite t\u00eb tjera, Ilir Vrenozit.<\/p>\n<p>Un\u00eb sot, b\u00ebj thirrje \u00e7do qyetetari t\u00eb Kor\u00e7\u00ebs, pogradecit, Kolonj\u00ebs, Devollit, m\u00eb 11 maj t\u00eb bashkohemi, sepse, sht\u00ebpia pa f\u00ebmij\u00eb, pa t\u00eb rinj, djepi bosh, klasat pa nx\u00ebn\u00ebs jan\u00eb mjerim, p\u00ebr \u00e7do shqiptar q\u00eb i thot\u00eb vetes shqiptar. Pavar\u00ebsisht nga bindjet e tij, i them \u00e7do qytetari t\u00eb Kor\u00e7\u00ebs dhe Shqip\u00ebris\u00eb, se sht\u00ebpia pa t\u00eb rinj, se djepi bosh, edhe t\u00eb florinjta po t\u2019i ket\u00eb muret p\u00ebrfundojn\u00eb n\u00eb nj\u00eb muze dhe jo n\u00eb nj\u00eb sht\u00ebpi me zot. Dhe ne, sot, nuk jemi kurr\u00eb ata q\u00eb duhet t\u00eb ishim.<\/p>\n<p>Ne sot, jemi njer\u00ebzit q\u00eb kemi braktisur n\u00eb 10 vite, m\u00eb shum\u00eb se \u00e7do komb tjet\u00ebr, Kor\u00e7\u00ebn dhe Shqip\u00ebrin\u00eb. Ne sot, jemi njer\u00ebzit, n\u00eb t\u00eb cil\u00ebt shkollat nx\u00ebn\u00ebs nuk kan\u00eb m\u00eb. Kemi sot si komb, treguesin e lindshm\u00ebris\u00eb m\u00eb t\u00eb ul\u00ebt n\u00eb bot\u00eb p\u00ebr shkak t\u00eb emigracionit. Pra, nj\u00eb siren\u00eb, nj\u00eb klithm\u00eb buron nga shpirti i k\u00ebtij kombi. P\u00ebr \u00e7do korcar, p\u00ebr \u00e7do shqiptar, m\u00eb 11 maj ta shp\u00ebtojm\u00eb. Ju jeni shpresa!<\/p>\n<p>Kor\u00e7a ka shpres\u00eb, Kor\u00e7a ka besim! Ju, q\u00eb keni mbushur sheshet i rikthyet shpres\u00ebn Kor\u00e7\u00ebs, i rikthyet shpres\u00ebn Shqip\u00ebris\u00eb. 100 dit\u00eb na duhen, jo p\u00ebr pushtetin tim, kurr\u00eb. Por 100 dit\u00eb na duhen p\u00ebr t\u00eb firmosur \u00eb bashku nj\u00eb kthes\u00eb vendimtare n\u00eb k\u00ebt\u00eb r\u00ebnie t\u00eb madhe q\u00eb kemi. Na duhen vet\u00ebm 100 dit\u00eb, q\u00eb n\u00ebnat, baballar\u00ebt, gjyshet dhe gjysh\u00ebrit tan\u00eb t\u00eb mos num\u00ebrojn\u00eb m\u00eb kafshat\u00ebn, por t\u00eb shp\u00ebrblehen, t\u00eb marrin nj\u00eb pension minimal, kurr\u00eb m\u00eb t\u00eb ul\u00ebt se 200 euro.<\/p>\n","protected":false},"excerpt":{"rendered":"<p>Kryetari i PD, Sali Berisha gjat\u00eb fjal\u00ebs s\u00eb tij n\u00eb mitingun p\u00ebrmbyll\u00ebs s\u00eb fushat\u00ebs n\u00eb Qarkun e Kor\u00e7\u00ebs komentoi edhe vizit\u00ebn e Edi Ram\u00ebs n\u00eb k\u00ebt\u00eb qytet. Berisha tha se, Edi Rama erdhi n\u00eb Kor\u00e7\u00eb si nj\u00eb pazarxhi, ku bashk\u00eb me Niko Peleshin donin t\u00eb blinin Ilir Vrenozin, pasi nuk duronte dot kritikat e k\u00ebtij &hellip;<\/p>\n","protected":false},"author":4,"featured_media":113232,"comment_status":"closed","ping_status":"closed","sticky":false,"template":"","format":"standard","meta":{"footnotes":""},"categories":[37],"tags":[],"class_list":["post-113231","post","type-post","status-publish","format-standard","has-post-thumbnail","","category-politike"],"_links":{"self":[{"href":"https:\/\/rdnews.al\/index.php\/wp-json\/wp\/v2\/posts\/113231","targetHints":{"allow":["GET"]}}],"collection":[{"href":"https:\/\/rdnews.al\/index.php\/wp-json\/wp\/v2\/posts"}],"about":[{"href":"https:\/\/rdnews.al\/index.php\/wp-json\/wp\/v2\/types\/post"}],"author":[{"embeddable":true,"href":"https:\/\/rdnews.al\/index.php\/wp-json\/wp\/v2\/users\/4"}],"replies":[{"embeddable":true,"href":"https:\/\/rdnews.al\/index.php\/wp-json\/wp\/v2\/comments?post=113231"}],"version-history":[{"count":1,"href":"https:\/\/rdnews.al\/index.php\/wp-json\/wp\/v2\/posts\/113231\/revisions"}],"predecessor-version":[{"id":113233,"href":"https:\/\/rdnews.al\/index.php\/wp-json\/wp\/v2\/posts\/113231\/revisions\/113233"}],"wp:featuredmedia":[{"embeddable":true,"href":"https:\/\/rdnews.al\/index.php\/wp-json\/wp\/v2\/media\/113232"}],"wp:attachment":[{"href":"https:\/\/rdnews.al\/index.php\/wp-json\/wp\/v2\/media?parent=113231"}],"wp:term":[{"taxonomy":"category","embeddable":true,"href":"https:\/\/rdnews.al\/index.php\/wp-json\/wp\/v2\/categories?post=113231"},{"taxonomy":"post_tag","embeddable":true,"href":"https:\/\/rdnews.al\/index.php\/wp-json\/wp\/v2\/tags?post=113231"}],"curies":[{"name":"wp","href":"https:\/\/api.w.org\/{rel}","templated":true}]}}