{"id":113237,"date":"2025-05-07T18:24:24","date_gmt":"2025-05-07T18:24:24","guid":{"rendered":"https:\/\/rdnews.al\/?p=113237"},"modified":"2025-05-07T18:27:07","modified_gmt":"2025-05-07T18:27:07","slug":"elbasani-pritje-madheshtore-berishes-dhjetera-mijera-ne-shesh","status":"publish","type":"post","link":"https:\/\/rdnews.al\/index.php\/2025\/05\/07\/elbasani-pritje-madheshtore-berishes-dhjetera-mijera-ne-shesh\/","title":{"rendered":"Elbasani pritje madh\u00ebshtore Berish\u00ebs, dhjet\u00ebra mij\u00ebra n\u00eb shesh!"},"content":{"rendered":"<p>Me dhjet\u00ebra mij\u00ebra qytetar\u00eb jan\u00eb derdhur n\u00eb sheshin para stadiumit t\u00eb qytetit t\u00eb Elbasanit p\u00ebr t\u00eb pritur liderin e opozit\u00ebs, Sali Berisha, n\u00eb takimin p\u00ebrmbyll\u00ebs p\u00ebr fushat\u00ebn elektorale t\u00eb zgjedhjeve t\u00eb 11 majit.<\/p>\n<p>Kjo pritje entuziaste p\u00ebr kreun e PD, Sali Berisha tregon se Qarku i Elbasanit do i p\u00ebrgjigjet masivisht ftes\u00ebs s\u00eb opozit\u00ebs p\u00ebr nj\u00eb Shqip\u00ebri madh\u00ebshtore, duke d\u00ebnuar keqqeverisjen 12-vje\u00e7are t\u00eb narko-diktatorit Edi Rama.<\/p>\n<p><img loading=\"lazy\" decoding=\"async\" class=\"alignnone size-medium wp-image-113238\" src=\"https:\/\/rdnews.al\/wp-content\/uploads\/2025\/05\/el-2-300x171.jpg\" alt=\"\" width=\"300\" height=\"171\" srcset=\"https:\/\/rdnews.al\/wp-content\/uploads\/2025\/05\/el-2-300x171.jpg 300w, https:\/\/rdnews.al\/wp-content\/uploads\/2025\/05\/el-2-768x437.jpg 768w, https:\/\/rdnews.al\/wp-content\/uploads\/2025\/05\/el-2.jpg 779w\" sizes=\"auto, (max-width: 300px) 100vw, 300px\" \/><\/p>\n","protected":false},"excerpt":{"rendered":"<p>Me dhjet\u00ebra mij\u00ebra qytetar\u00eb jan\u00eb derdhur n\u00eb sheshin para stadiumit t\u00eb qytetit t\u00eb Elbasanit p\u00ebr t\u00eb pritur liderin e opozit\u00ebs, Sali Berisha, n\u00eb takimin p\u00ebrmbyll\u00ebs p\u00ebr fushat\u00ebn elektorale t\u00eb zgjedhjeve t\u00eb 11 majit. Kjo pritje entuziaste p\u00ebr kreun e PD, Sali Berisha tregon se Qarku i Elbasanit do i p\u00ebrgjigjet masivisht ftes\u00ebs s\u00eb opozit\u00ebs p\u00ebr &hellip;<\/p>\n","protected":false},"author":4,"featured_media":113242,"comment_status":"closed","ping_status":"closed","sticky":false,"template":"","format":"standard","meta":{"footnotes":""},"categories":[37],"tags":[],"class_list":["post-113237","post","type-post","status-publish","format-standard","has-post-thumbnail","","category-politike"],"_links":{"self":[{"href":"https:\/\/rdnews.al\/index.php\/wp-json\/wp\/v2\/posts\/113237","targetHints":{"allow":["GET"]}}],"collection":[{"href":"https:\/\/rdnews.al\/index.php\/wp-json\/wp\/v2\/posts"}],"about":[{"href":"https:\/\/rdnews.al\/index.php\/wp-json\/wp\/v2\/types\/post"}],"author":[{"embeddable":true,"href":"https:\/\/rdnews.al\/index.php\/wp-json\/wp\/v2\/users\/4"}],"replies":[{"embeddable":true,"href":"https:\/\/rdnews.al\/index.php\/wp-json\/wp\/v2\/comments?post=113237"}],"version-history":[{"count":2,"href":"https:\/\/rdnews.al\/index.php\/wp-json\/wp\/v2\/posts\/113237\/revisions"}],"predecessor-version":[{"id":113241,"href":"https:\/\/rdnews.al\/index.php\/wp-json\/wp\/v2\/posts\/113237\/revisions\/113241"}],"wp:featuredmedia":[{"embeddable":true,"href":"https:\/\/rdnews.al\/index.php\/wp-json\/wp\/v2\/media\/113242"}],"wp:attachment":[{"href":"https:\/\/rdnews.al\/index.php\/wp-json\/wp\/v2\/media?parent=113237"}],"wp:term":[{"taxonomy":"category","embeddable":true,"href":"https:\/\/rdnews.al\/index.php\/wp-json\/wp\/v2\/categories?post=113237"},{"taxonomy":"post_tag","embeddable":true,"href":"https:\/\/rdnews.al\/index.php\/wp-json\/wp\/v2\/tags?post=113237"}],"curies":[{"name":"wp","href":"https:\/\/api.w.org\/{rel}","templated":true}]}}