{"id":113243,"date":"2025-05-07T18:34:58","date_gmt":"2025-05-07T18:34:58","guid":{"rendered":"https:\/\/rdnews.al\/?p=113243"},"modified":"2025-05-07T18:36:00","modified_gmt":"2025-05-07T18:36:00","slug":"pedagogia-enxhi-turku-me-11-maj-te-votojme-ndryshimin-qe-te-gjithe-e-duam","status":"publish","type":"post","link":"https:\/\/rdnews.al\/index.php\/2025\/05\/07\/pedagogia-enxhi-turku-me-11-maj-te-votojme-ndryshimin-qe-te-gjithe-e-duam\/","title":{"rendered":"Pedagogia Enxhi Turku: M\u00eb 11 maj t\u00eb votojm\u00eb ndryshimin q\u00eb t\u00eb gjith\u00eb e duam!"},"content":{"rendered":"<p>N\u00eb takimin p\u00ebrmbyll\u00ebs t\u00eb fushat\u00ebs elektorale p\u00ebr zgjedhjet e 11 majit, t\u00eb organizuar nga kreu i PD, Sali Berisha, n\u00eb Elbasan, mori fjal\u00ebn edhe pedagogia Enxhi Turku.<\/p>\n<p>Turku u shpreh se nj\u00eb shoq\u00ebri e lir\u00eb dhe demokratike e ka t\u00eb domosdosh\u00ebm rotacionin, dhe p\u00ebr k\u00ebt\u00eb arsye m\u00eb 11 maj duhet t\u00eb votojm\u00eb si njer\u00ebz t\u00eb lir\u00eb p\u00ebr ndryshimin q\u00eb t\u00eb gjith\u00eb e duam.<\/p>\n<p>&#8220;Jam k\u00ebtu p\u00ebrpara jush, sepse kam pasur nj\u00eb nxitje t\u00eb brendshme, q\u00eb \u00ebsht\u00eb forcuar m\u00eb shum\u00eb gjat\u00eb jav\u00ebve t\u00eb fundit. Nuk mendoj q\u00eb ka pasur ndonj\u00ebher\u00eb m\u00eb shum\u00eb gj\u00ebra thelb\u00ebsore q\u00eb nuk shkojn\u00eb n\u00eb realitetin ton\u00eb t\u00eb p\u00ebrditsh\u00ebm. Ka pasur nj\u00eb r\u00ebnie dramatike n\u00eb t\u00eb gjitha fushat e jet\u00ebs, nj\u00eb p\u00ebr\u00e7arje sociale q\u00eb sa vjen e thellohet fal\u00eb praktikave t\u00eb partis\u00eb n\u00eb pushtet.<\/p>\n<p>\u00cbsht\u00eb nj\u00eb shoq\u00ebri ku mediokriteti, n\u00ebnshtrimi dhe patronazhimi nxiten dhe shp\u00ebrblehen, nd\u00ebrsa liria e shprehjes dhe udh\u00ebheqja nga parimi p\u00ebr\u00e7mohen dhe nd\u00ebshkohen. P\u00ebrmbysja e sistemit t\u00eb vlerave po ndodh me nj\u00eb shpejt\u00ebsi alarmante.<\/p>\n<p>Shoq\u00ebri q\u00eb tashm\u00eb nuk prodhon rini. Nj\u00eb shtet ku t\u00eb paditurit drejtojn\u00eb t\u00eb diturit. Patronazhist\u00ebt drejtojn\u00eb t\u00eb aft\u00ebt, dhe ku t\u00eb pamoralshmit drejtojn\u00eb t\u00eb ndershmit. Kjo \u00ebsht\u00eb k\u00ebneta e v\u00ebrtet\u00eb, q\u00eb \u00ebsht\u00eb krijuar gjat\u00eb m\u00eb shum\u00eb se nj\u00eb dekade nga rilindja.<\/p>\n<p>Vendi mbush er\u00eb nga krimi i organizuar dhe korrupsioni. Ky \u00ebsht\u00eb rezultati i pashmangsh\u00ebm i rikthimit n\u00eb modelin parti-shtet, dhe, m\u00eb keq akoma, i krimit t\u00eb organizuar n\u00eb kushtet e ekonomis\u00eb s\u00eb tregut.<\/p>\n<p>Elbasani sot \u00ebsht\u00eb nj\u00eb qytet dhe nj\u00eb trev\u00eb m\u00eb shum\u00eb se e varf\u00ebr. \u00cbsht\u00eb nj\u00eb qytet ku shpirti i tij po vdes. \u00cbsht\u00eb nj\u00eb qytet ku edhe ata q\u00eb nuk vuajn\u00eb nga varf\u00ebria duan t\u00eb largohen, sepse nuk e shohin t\u00eb ardhmen e tyre n\u00eb k\u00ebt\u00eb k\u00ebnet\u00eb. Jo m\u00eb kot, sot Elbasani \u00ebsht\u00eb i famsh\u00ebm si qyteti i incenerator\u00ebve dhe qyteti i bandave.<\/p>\n<p>Nj\u00eb shoq\u00ebri e lir\u00eb dhe demokratike e ka t\u00eb domosdosh\u00ebm rotacionin. P\u00ebrb\u00ebhet nga njer\u00ebz q\u00eb e konceptojn\u00eb veten n\u00eb kontroll t\u00eb veprimeve t\u00eb tyre dhe t\u00eb jet\u00ebs s\u00eb tyre, dhe jo si viktima t\u00eb rrethanave apo pengje t\u00eb t\u00eb tjer\u00ebve.<\/p>\n<p>N\u00ebse pretendojm\u00eb nj\u00eb realitet m\u00eb t\u00eb mir\u00eb, duhet t\u00eb kontribuojm\u00eb p\u00ebr t\u00eb krijuar at\u00eb realitet. Duhet t\u00eb nd\u00ebrmarrim secili nj\u00eb cop\u00ebz p\u00ebrgjegj\u00ebsie. M\u00eb 11 maj kemi vet\u00ebm nj\u00eb detyr\u00eb: T\u00eb paraqitemi masivisht n\u00eb qendrat e votimit. Jemi vet\u00ebm ne dhe fleta e votimit, si njer\u00ebz t\u00eb lir\u00eb q\u00eb duhet t\u00eb votojm\u00eb p\u00ebr ndryshimin q\u00eb t\u00eb gjith\u00eb e duam&#8221;, tha pedagogia Enxhi Turku.<\/p>\n<div class=\"fotogaleri\">\n<div class=\"bx-wrapper\">\n<div class=\"bx-viewport\">\n<ul class=\"read-slider\">\n<li><a href=\"https:\/\/www.syri.net\/fotogaleria\/786277\/nje-shoqeri-demokratike-e-ka-te-domosdoshem-rotacionin-turku-me-11-maj-te-votojme-ndryshimin-qe-te-gjithe-e-duam\/\" target=\"_blank\" rel=\"noopener\"><img decoding=\"async\" src=\"https:\/\/www.syri.net\/uploads\/syri.net\/images\/2025\/May\/07\/auto_WhatsApp_Image_2025-05-07_at_20.15.581746642502.jpeg\" \/><\/a><\/li>\n<\/ul>\n<\/div>\n<\/div>\n<\/div>\n","protected":false},"excerpt":{"rendered":"<p>N\u00eb takimin p\u00ebrmbyll\u00ebs t\u00eb fushat\u00ebs elektorale p\u00ebr zgjedhjet e 11 majit, t\u00eb organizuar nga kreu i PD, Sali Berisha, n\u00eb Elbasan, mori fjal\u00ebn edhe pedagogia Enxhi Turku. Turku u shpreh se nj\u00eb shoq\u00ebri e lir\u00eb dhe demokratike e ka t\u00eb domosdosh\u00ebm rotacionin, dhe p\u00ebr k\u00ebt\u00eb arsye m\u00eb 11 maj duhet t\u00eb votojm\u00eb si njer\u00ebz t\u00eb &hellip;<\/p>\n","protected":false},"author":4,"featured_media":113244,"comment_status":"closed","ping_status":"closed","sticky":false,"template":"","format":"standard","meta":{"footnotes":""},"categories":[37],"tags":[],"class_list":["post-113243","post","type-post","status-publish","format-standard","has-post-thumbnail","","category-politike"],"_links":{"self":[{"href":"https:\/\/rdnews.al\/index.php\/wp-json\/wp\/v2\/posts\/113243","targetHints":{"allow":["GET"]}}],"collection":[{"href":"https:\/\/rdnews.al\/index.php\/wp-json\/wp\/v2\/posts"}],"about":[{"href":"https:\/\/rdnews.al\/index.php\/wp-json\/wp\/v2\/types\/post"}],"author":[{"embeddable":true,"href":"https:\/\/rdnews.al\/index.php\/wp-json\/wp\/v2\/users\/4"}],"replies":[{"embeddable":true,"href":"https:\/\/rdnews.al\/index.php\/wp-json\/wp\/v2\/comments?post=113243"}],"version-history":[{"count":2,"href":"https:\/\/rdnews.al\/index.php\/wp-json\/wp\/v2\/posts\/113243\/revisions"}],"predecessor-version":[{"id":113246,"href":"https:\/\/rdnews.al\/index.php\/wp-json\/wp\/v2\/posts\/113243\/revisions\/113246"}],"wp:featuredmedia":[{"embeddable":true,"href":"https:\/\/rdnews.al\/index.php\/wp-json\/wp\/v2\/media\/113244"}],"wp:attachment":[{"href":"https:\/\/rdnews.al\/index.php\/wp-json\/wp\/v2\/media?parent=113243"}],"wp:term":[{"taxonomy":"category","embeddable":true,"href":"https:\/\/rdnews.al\/index.php\/wp-json\/wp\/v2\/categories?post=113243"},{"taxonomy":"post_tag","embeddable":true,"href":"https:\/\/rdnews.al\/index.php\/wp-json\/wp\/v2\/tags?post=113243"}],"curies":[{"name":"wp","href":"https:\/\/api.w.org\/{rel}","templated":true}]}}