{"id":113257,"date":"2025-05-07T18:54:13","date_gmt":"2025-05-07T18:54:13","guid":{"rendered":"https:\/\/rdnews.al\/?p=113257"},"modified":"2025-05-07T18:54:13","modified_gmt":"2025-05-07T18:54:13","slug":"mediu-rama-nuk-njeh-limite-me-11-maj-do-ti-themi-mjaft","status":"publish","type":"post","link":"https:\/\/rdnews.al\/index.php\/2025\/05\/07\/mediu-rama-nuk-njeh-limite-me-11-maj-do-ti-themi-mjaft\/","title":{"rendered":"Mediu: Rama nuk njeh limite, m\u00eb 11 maj do t\u2019i themi mjaft!"},"content":{"rendered":"<p>N\u00eb mbyllje t\u00eb fushat\u00ebs elektorale n\u00eb Elbasan, kreu i PD-s\u00eb, Sali Berisha, zhvilloi nj\u00eb takim me qytetar\u00ebt, ku mori pjes\u00eb edhe kreu i Partis\u00eb Republikane, Fatmir Mediu. N\u00eb fjal\u00ebn e tij, Mediu theksoi se Shqip\u00ebria \u00ebsht\u00eb madh\u00ebshtore sepse ka njer\u00ebz madh\u00ebshtor\u00eb.<\/p>\n<p>Ai p\u00ebrmendi disa nga z\u00ebrat e rinj t\u00eb fushat\u00ebs si Enxhi Turku dhe Daniela, duke i cil\u00ebsuar frym\u00ebzim p\u00ebr vendin. Mediu akuzoi kryeministrin Edi Rama se p\u00ebrbuz qytetar\u00ebt dhe i sheh ata si numra n\u00eb funksion t\u00eb pushtetit.<\/p>\n<p>&#8220;Shqip\u00ebria \u00ebsht\u00eb madh\u00ebshtore sepse ka njer\u00ebz madh\u00ebshtor\u00eb.<\/p>\n<p>Kur d\u00ebgjoj Enxhi Turkun, mendimin e saj, kur d\u00ebgjoj emocionet e Daniel\u00ebs, por edhe dashurin\u00eb q\u00eb ka Edi p\u00ebr Shqip\u00ebrin\u00eb, kjo \u00ebsht\u00eb Shqip\u00ebria madh\u00ebshtore dhe k\u00ebta njer\u00ebz e b\u00ebjn\u00eb Shqip\u00ebrin\u00eb madh\u00ebshtore.<\/p>\n<p>Shqip\u00ebria sot \u00ebsht\u00eb n\u00eb udh\u00ebkryq, kemi p\u00ebrball\u00eb nj\u00eb njeri i cili nuk njeh asnj\u00eblloj limiti, tallet, fyen dhe p\u00ebrbuz qytetar\u00ebt e vet.<br \/>\nI shikon ato thjesht si numra p\u00ebr interesa t\u00eb pushtetit.<\/p>\n<p>Sot ne kemi p\u00ebrball\u00eb nj\u00eb njeri i cili p\u00ebrbuz dhe tall, prandaj \u00ebsht\u00eb shum\u00eb e r\u00ebnd\u00ebsishme q\u00eb t\u00eb ngrihemi t\u00eb gjith\u00eb s\u00eb bashku si njer\u00ebz q\u00eb Zoti na ka dh\u00ebn\u00eb dinjitet dhe liri.<\/p>\n<p>Nj\u00eb dinjitet, liri dhe mund\u00ebsi p\u00ebr jet\u00ebn q\u00eb nuk ja falim Edi Ram\u00ebs, por e dedikojm\u00eb at\u00eb me respekt dhe dashuri p\u00ebr prind\u00ebrit tan\u00eb dhe sakrificat e tyre, p\u00ebr f\u00ebmij\u00ebt tan\u00eb, p\u00ebr t\u00eb ardhmen e tyre, p\u00ebr Elbasanin dhe p\u00ebr t\u00eb gjith\u00eb Shqip\u00ebrin\u00eb, p\u00ebr ta b\u00ebr\u00eb Shqip\u00ebrin\u00eb madh\u00ebshtore.<\/p>\n<p>Kur Daniela p\u00ebrmendi Zotin, nuk e kisha nd\u00ebrmend ta thoja pjes\u00ebn e fundit t\u00eb himnit t\u00eb flamurit, Daniela faleminderit, himni yn\u00eb komb\u00ebtar thot\u00eb: Se Zoti vet\u00eb e la me goj\u00eb, q\u00eb kombet shum\u00eb p\u00ebrmbi dhe, por Shqip\u00ebria do t\u00eb rroj\u00eb, p\u00ebr Shqip\u00ebrin\u00eb luftojm\u00eb ne.<\/p>\n<p>Fitore, votoni numrin 1, aleanc\u00ebn p\u00ebr Shqip\u00ebrin\u00eb madh\u00ebshtore&#8221;, tha Mediu.<\/p>\n","protected":false},"excerpt":{"rendered":"<p>N\u00eb mbyllje t\u00eb fushat\u00ebs elektorale n\u00eb Elbasan, kreu i PD-s\u00eb, Sali Berisha, zhvilloi nj\u00eb takim me qytetar\u00ebt, ku mori pjes\u00eb edhe kreu i Partis\u00eb Republikane, Fatmir Mediu. N\u00eb fjal\u00ebn e tij, Mediu theksoi se Shqip\u00ebria \u00ebsht\u00eb madh\u00ebshtore sepse ka njer\u00ebz madh\u00ebshtor\u00eb. Ai p\u00ebrmendi disa nga z\u00ebrat e rinj t\u00eb fushat\u00ebs si Enxhi Turku dhe Daniela, &hellip;<\/p>\n","protected":false},"author":4,"featured_media":113258,"comment_status":"closed","ping_status":"closed","sticky":false,"template":"","format":"standard","meta":{"footnotes":""},"categories":[37],"tags":[],"class_list":["post-113257","post","type-post","status-publish","format-standard","has-post-thumbnail","","category-politike"],"_links":{"self":[{"href":"https:\/\/rdnews.al\/index.php\/wp-json\/wp\/v2\/posts\/113257","targetHints":{"allow":["GET"]}}],"collection":[{"href":"https:\/\/rdnews.al\/index.php\/wp-json\/wp\/v2\/posts"}],"about":[{"href":"https:\/\/rdnews.al\/index.php\/wp-json\/wp\/v2\/types\/post"}],"author":[{"embeddable":true,"href":"https:\/\/rdnews.al\/index.php\/wp-json\/wp\/v2\/users\/4"}],"replies":[{"embeddable":true,"href":"https:\/\/rdnews.al\/index.php\/wp-json\/wp\/v2\/comments?post=113257"}],"version-history":[{"count":1,"href":"https:\/\/rdnews.al\/index.php\/wp-json\/wp\/v2\/posts\/113257\/revisions"}],"predecessor-version":[{"id":113259,"href":"https:\/\/rdnews.al\/index.php\/wp-json\/wp\/v2\/posts\/113257\/revisions\/113259"}],"wp:featuredmedia":[{"embeddable":true,"href":"https:\/\/rdnews.al\/index.php\/wp-json\/wp\/v2\/media\/113258"}],"wp:attachment":[{"href":"https:\/\/rdnews.al\/index.php\/wp-json\/wp\/v2\/media?parent=113257"}],"wp:term":[{"taxonomy":"category","embeddable":true,"href":"https:\/\/rdnews.al\/index.php\/wp-json\/wp\/v2\/categories?post=113257"},{"taxonomy":"post_tag","embeddable":true,"href":"https:\/\/rdnews.al\/index.php\/wp-json\/wp\/v2\/tags?post=113257"}],"curies":[{"name":"wp","href":"https:\/\/api.w.org\/{rel}","templated":true}]}}