{"id":113260,"date":"2025-05-07T18:58:59","date_gmt":"2025-05-07T18:58:59","guid":{"rendered":"https:\/\/rdnews.al\/?p=113260"},"modified":"2025-05-07T19:01:32","modified_gmt":"2025-05-07T19:01:32","slug":"alizoti-cuni-i-kristaqit-mbret-i-llumit-ne-11-maj-cohuni-te-gjithe-qe-sic-erdhi-ta-cojme-pa-breke","status":"publish","type":"post","link":"https:\/\/rdnews.al\/index.php\/2025\/05\/07\/alizoti-cuni-i-kristaqit-mbret-i-llumit-ne-11-maj-cohuni-te-gjithe-qe-sic-erdhi-ta-cojme-pa-breke\/","title":{"rendered":"Alizoti: \u00c7uni i Kristaqit, mbret i llumit! N\u00eb 11 maj \u00e7ohuni t\u00eb gjith\u00eb, q\u00eb si\u00e7 erdhi pa brek\u00eb ta p\u00ebzem\u00eb pa brek\u00eb!"},"content":{"rendered":"<p>Drejtuesi politik i PD p\u00ebr Qarkun Elbasan, Tomorr Alizoti ka mbajtur fjal\u00ebn e tij gjat\u00eb takimi p\u00ebrmbyll\u00ebs t\u00eb fushat\u00ebs elektorale p\u00ebr zgjedhjet e 11 majit.<\/p>\n<p>Alizoti iu p\u00ebrgjigj edhe nj\u00ebher\u00eb Edi Ram\u00ebs, duke e quajtur \u2018mbret i llumit\u2019, i cili respekton disnivelin.<\/p>\n<p>Gjithashtu Alizoti i b\u00ebri thirrje demokrat\u00ebve dhe qytetar\u00ebve, q\u00eb n\u00eb 11 maj, t\u00eb \u00e7ohen dhe ta heqin nga pushteti pa brek\u00eb, ashtu si\u00e7 edhe erdhi.<\/p>\n<p><strong>Alizoti:<\/strong>\u00a0V\u00ebllez\u00ebr dhe motra, sa shum\u00eb jemi sa shum\u00eb. Sot niveli i lart\u00eb i t\u00eb gjith\u00eb diskutuesve, niveli i elitar i PD. \u00c7uni i Kristaqit respekton disnivelin. Respektoi q\u00eb je mbret i llumit si\u00e7 ke q\u00ebn\u00eb gjithmon\u00eb.<\/p>\n<p>Nese je vet\u00eb \u00e7yryk, t\u00eb duken t\u00eb gjith\u00eb \u00e7yryk\u00eb.<\/p>\n<p>Dua t\u00eb p\u00ebrsh\u00ebndes v\u00ebllain dhe mikun ton\u00eb q\u00eb \u00e7yryku e burgosi.<\/p>\n<p>K\u00ebto dit\u00eb jan\u00eb vendimtare q\u00eb t\u00eb \u00e7lirohet Elbasani, Shqip\u00ebria por edhe kombi shqiptar.<\/p>\n<p>Mos harroni se ky njeri kur shkonte n\u00eb Beograd dhe u thoshte Vu\u00e7i\u00e7i v\u00ebllai im dhe p\u00ebrqeshte Albin Kurtin.<\/p>\n<p>I biri i Kristaqit, sllavo-komunisti pas nj\u00eb jave nga vrasja e heroit Afrim Bunjaku, tha toka e Mitrovic\u00ebs nuk i p\u00ebrket askujt.<\/p>\n<p>E kuptoni n\u00eb \u00e7\u2019nivel \u00ebsht\u00eb degraduar Shqip\u00ebria. Duke q\u00ebn\u00eb banal, e keqja \u00ebsht\u00eb gjithmon\u00eb e sh\u00ebmtuar dhe banale, liria \u00ebsht\u00eb e bukur.<\/p>\n<p>T\u00eb nderuar demokrat\u00eb \u00e7ohuni t\u00eb gjith\u00eb q\u00eb si\u00e7 erdhi pa brek\u00eb, ta \u00e7ojm\u00eb pa brek\u00eb.<\/p>\n<p>Meq\u00eb ka jetuar gjithmon\u00eb n\u00ebp\u00ebr vila, dje tha dy fjal\u00eb, q\u00eb meq\u00eb jam un\u00eb personi dhe kam qejf t\u00eb kruhem, tha q\u00eb Alizoti po ngat\u00ebrrohet me partin\u00eb e gabuar, n\u00eb vendin e gabuar dhe me njeriun e gabuar.<\/p>\n<p>O \u00e7uni i Kristaqit, po ne e kemi k\u00ebnaq\u00ebsi t\u00eb meremi me ish-partin\u00eb e pun\u00ebs, e kemi k\u00ebnaq\u00ebsi t\u00eb meremi n\u00eb Elbasan me ty, me krimin t\u00ebnd me ordinerll\u00ebkun t\u00ebnd.<\/p>\n<p>Ky do mbetet n\u00eb historin\u00eb e kombit shqiptar si njeriu i vet\u00ebm q\u00eb n\u00eb sheshin e Tiran\u00ebs ka vendosur kok\u00ebn e tij.<\/p>\n<p>Kur t\u00eb vij\u00eb PD, p\u00ebr t\u00eb par\u00eb kok\u00ebn e tij do e b\u00ebjm\u00eb me bilet\u00eb.<\/p>\n<p>I k\u00ebrkoj ndjes\u00eb intelektualit m\u00eb t\u00eb madh q\u00eb ka Shqip\u00ebria, Taulant Balla.<\/p>\n<p>Njer\u00ebzve banal i duhet th\u00ebn\u00eb se kush jan\u00eb dhe si\u00e7 jan\u00eb.<\/p>\n<p>Fitore, fitore, fitore dhe vet\u00ebm fitore!<\/p>\n<p>&nbsp;<\/p>\n","protected":false},"excerpt":{"rendered":"<p>Drejtuesi politik i PD p\u00ebr Qarkun Elbasan, Tomorr Alizoti ka mbajtur fjal\u00ebn e tij gjat\u00eb takimi p\u00ebrmbyll\u00ebs t\u00eb fushat\u00ebs elektorale p\u00ebr zgjedhjet e 11 majit. Alizoti iu p\u00ebrgjigj edhe nj\u00ebher\u00eb Edi Ram\u00ebs, duke e quajtur \u2018mbret i llumit\u2019, i cili respekton disnivelin. Gjithashtu Alizoti i b\u00ebri thirrje demokrat\u00ebve dhe qytetar\u00ebve, q\u00eb n\u00eb 11 maj, t\u00eb &hellip;<\/p>\n","protected":false},"author":4,"featured_media":113261,"comment_status":"closed","ping_status":"closed","sticky":false,"template":"","format":"standard","meta":{"footnotes":""},"categories":[37],"tags":[],"class_list":["post-113260","post","type-post","status-publish","format-standard","has-post-thumbnail","","category-politike"],"_links":{"self":[{"href":"https:\/\/rdnews.al\/index.php\/wp-json\/wp\/v2\/posts\/113260","targetHints":{"allow":["GET"]}}],"collection":[{"href":"https:\/\/rdnews.al\/index.php\/wp-json\/wp\/v2\/posts"}],"about":[{"href":"https:\/\/rdnews.al\/index.php\/wp-json\/wp\/v2\/types\/post"}],"author":[{"embeddable":true,"href":"https:\/\/rdnews.al\/index.php\/wp-json\/wp\/v2\/users\/4"}],"replies":[{"embeddable":true,"href":"https:\/\/rdnews.al\/index.php\/wp-json\/wp\/v2\/comments?post=113260"}],"version-history":[{"count":4,"href":"https:\/\/rdnews.al\/index.php\/wp-json\/wp\/v2\/posts\/113260\/revisions"}],"predecessor-version":[{"id":113265,"href":"https:\/\/rdnews.al\/index.php\/wp-json\/wp\/v2\/posts\/113260\/revisions\/113265"}],"wp:featuredmedia":[{"embeddable":true,"href":"https:\/\/rdnews.al\/index.php\/wp-json\/wp\/v2\/media\/113261"}],"wp:attachment":[{"href":"https:\/\/rdnews.al\/index.php\/wp-json\/wp\/v2\/media?parent=113260"}],"wp:term":[{"taxonomy":"category","embeddable":true,"href":"https:\/\/rdnews.al\/index.php\/wp-json\/wp\/v2\/categories?post=113260"},{"taxonomy":"post_tag","embeddable":true,"href":"https:\/\/rdnews.al\/index.php\/wp-json\/wp\/v2\/tags?post=113260"}],"curies":[{"name":"wp","href":"https:\/\/api.w.org\/{rel}","templated":true}]}}