{"id":113269,"date":"2025-05-07T19:19:22","date_gmt":"2025-05-07T19:19:22","guid":{"rendered":"https:\/\/rdnews.al\/?p=113269"},"modified":"2025-05-07T19:19:22","modified_gmt":"2025-05-07T19:19:22","slug":"berisha-rama-u-premton-te-rinjve-2-kg-fara-kungulli-mandatin-qe-vjen-prandaj-e-quajne-pashiqi-i-shqiperise","status":"publish","type":"post","link":"https:\/\/rdnews.al\/index.php\/2025\/05\/07\/berisha-rama-u-premton-te-rinjve-2-kg-fara-kungulli-mandatin-qe-vjen-prandaj-e-quajne-pashiqi-i-shqiperise\/","title":{"rendered":"Berisha: Rama u premton t\u00eb rinjve 2 kg fara kungulli mandatin q\u00eb vjen! Prandaj e quajn\u00eb Pashiqi i Shqip\u00ebris\u00eb"},"content":{"rendered":"<p>Gjat\u00eb fjal\u00ebs s\u00eb mbajtur n\u00eb Elbasan, kryetari i PD, Sali Berisha ka akuzuar Edi Ram\u00ebn, se u premton t\u00eb rinjve 2 kilogram fara kungulli p\u00ebr mandatin q\u00eb vjen.<\/p>\n<p>Berisha tha, d\u00ebgjoja n\u00eb Tepelen\u00eb, kishte nj\u00eb grup t\u00eb rinjsh p\u00ebrpara, burreci 2 metra i gjat\u00eb, dhe u thoshte se n\u00eb mandatin ton\u00eb t\u00eb kat\u00ebrt, do keni nga dy kg fara kungulli t\u00eb q\u00ebruar n\u00eb muaj. Ky \u00ebsht\u00eb vler\u00ebsimi. E p\u00ebr k\u00ebt\u00eb arsye, sipas liderit t\u00eb PD, quhet edhe si Pashiqi i Shqip\u00ebris\u00eb, p\u00ebr cinizmin e tij.<\/p>\n<p>\u201cMiqt\u00eb e mi, n\u00eb 100 dit\u00eb Shqip\u00ebria do ket\u00eb list\u00ebn e ila\u00e7eve q\u00eb rimburson republika italiane, 100 p\u00ebrqind t\u00eb rimbursueshme.<\/p>\n<p>Zotimi im \u00ebsht\u00eb p\u00ebr fermer\u00ebt e Elbasanit dhe Shqip\u00ebris\u00eb se n\u00eb 100 dit\u00eb do t\u00eb pes\u00ebfishohen subvencionet p\u00ebr \u00e7do fidan, p\u00ebr \u00e7do kok\u00eb bag\u00ebti, p\u00ebr \u00e7do nj\u00ebsi prodhimi.<\/p>\n<p>Se n\u00eb 100 dit\u00eb, taksa armiq\u00ebsore asimetrike do t\u00eb zhduket dhe do vendoset nj\u00eblloj n\u00eb shitje dhe blerje.<\/p>\n<p>Se n\u00eb 100 dit\u00eb, prodhimet e tyre bujq\u00ebsore do mbrohen n\u00eb \u00e7do sezon.<\/p>\n<p>Dhe se do investohet, do dyfishohet buxheti p\u00ebr bujq\u00ebsin\u00eb.<\/p>\n<p>Jam k\u00ebtu p\u00ebr t\u2019u dh\u00ebn\u00eb fjal\u00ebn se n\u00eb 100 dit\u00eb, n\u00eb spitalet tona nuk do mungoj\u00eb asnj\u00eb ila\u00e7 p\u00ebr t\u00eb s\u00ebmur\u00ebt tan\u00eb. Jo dhe jo. Do mjekohen me dinjitet.<\/p>\n<p>Miq, t\u00eb gjitha k\u00ebto japin nj\u00eb frym\u00ebmarrje t\u00eb re p\u00ebr \u00e7do njeri.<\/p>\n<p>T\u00eb gjitha k\u00ebto krijojn\u00eb nj\u00eb mund\u00ebsi t\u00eb re p\u00ebr \u00e7do shqiptar.<\/p>\n<p>Me t\u00eb gjitha k\u00ebto q\u00eb un\u00eb p\u00ebrmenda nuk b\u00ebjm\u00eb asgj\u00eb tjet\u00ebr vet\u00ebm ua kthejm\u00eb parat\u00eb ju, parat\u00eb tuaja, parat\u00eb q\u00eb merren nga taksat tuaja.<\/p>\n<p>Dhe kjo \u00ebsht\u00eb detyr\u00eb morale, ligj, Kushtetut\u00eb p\u00ebr \u00e7do pushtetar.<\/p>\n<p>T\u00eb dashur qytetar\u00eb t\u00eb Elbasanit, k\u00ebto jan\u00eb jetike.<\/p>\n<p>Ne p\u00ebrballemi sot me nj\u00eb rrezik ekzistencial q\u00eb kurr\u00eb ndonj\u00ebher\u00eb asnj\u00ebri prej nesh nuk e kishte p\u00ebrfytyruar.<\/p>\n<p>Cili qytetar nga Elbasani apo shqiptar do mendonte se do vinte nj\u00eb dit\u00eb q\u00eb ne jemi k\u00ebtu, kombi shqiptar t\u00eb ket\u00eb treguesin e lindshm\u00ebris\u00eb m\u00eb t\u00eb ul\u00ebtin n\u00eb bot\u00eb.<\/p>\n<p>Dhe e gjitha kjo p\u00ebr shkak se n\u00eb 10 vite, 620 mij\u00eb t\u00eb reja dhe t\u00eb rinj u larguan nga Shqip\u00ebria.<\/p>\n<p>Kush mund t\u00eb mendonte nga ne se sot do kishim rrethe me 13 lindje n\u00eb nj\u00eb vit.<\/p>\n<p>Do kishim qytete si Erseka me nj\u00eb lindje n\u00eb vit.<\/p>\n<p>A nuk \u00ebsht\u00eb kjo nj\u00eb hata p\u00ebr t\u00eb ardhmen ton\u00eb?<\/p>\n<p>T\u00eb gjitha k\u00ebto erdh\u00ebn me nj\u00eb moto, le t\u00eb ikin se do vijn\u00eb cingalesh\u00eb, bangladeshas, etj.<\/p>\n<p>A ka q\u00ebndrim m\u00eb armiq\u00ebsor se ky?<\/p>\n<p>Miq, nj\u00eb sht\u00ebpi pa t\u00eb rinj \u00ebsht\u00eb sht\u00ebpi pa t\u00eb ardhme.<\/p>\n<p>Nj\u00eb sht\u00ebpi pa djep \u00ebsht\u00eb der\u00eb e mbyllur nes\u00ebr.<\/p>\n<p>E d\u00ebgjoja n\u00eb Tepelen\u00eb, kishte nj\u00eb grup t\u00eb rinjsh p\u00ebrpara, burreci 2 metra i gjat\u00eb, dhe u thoshte se n\u00eb mandatin ton\u00eb t\u00eb kat\u00ebrt, do keni nga dy kg fara kungulli t\u00eb q\u00ebruar n\u00eb muaj.<\/p>\n<p>Ky \u00ebsht\u00eb vler\u00ebsimi.<\/p>\n<p>Un\u00eb u garantoj se edhe pushtuesi m\u00eb i eg\u00ebr joshqiptar po t\u00eb ishte, n\u00eb k\u00ebt\u00eb katastrof\u00eb demografike nuk do guxonte kurr\u00eb t\u2019u thoshte t\u00eb rinjve se do u servirim mandatin e ardhsh\u00ebm dy kile far\u00eb kungulli n\u00eb muaj.<\/p>\n<p>Pra, ky \u00ebsht\u00eb preokupimi.<\/p>\n<p>Duke ardhur k\u00ebtu, nj\u00eb zonj\u00eb te kthesa m\u00eb p\u00ebrsh\u00ebndeti me grusht. E p\u00ebrsh\u00ebndeta me dy gishta.<\/p>\n<p>Tani m\u00eb lejoni t\u2019i them asaj zonje: zonj\u00eb, ne mund t\u00eb kemi mendime t\u00eb ndryshme, por ne kurr\u00eb, as un\u00eb as ti, nuk mund t\u00eb jemi p\u00ebr djepin bosh.<\/p>\n<p>Nuk mund t\u00eb jemi q\u00eb t\u00eb ik\u00eb rinia, \u00ebndrra e Shqip\u00ebris\u00eb dhe t\u00eb mbetemi k\u00ebtu n\u00eb k\u00ebt\u00eb form\u00eb.<\/p>\n<p>Nuk mund t\u00eb jemi t\u2019u ofrojm\u00eb dy kile far\u00eb kungulli n\u00eb muaj.<\/p>\n<p>Nuk mund t\u00eb jemi p\u00ebr cinizma t\u00eb tilla.<\/p>\n<p>Prandaj ata t\u00eb cil\u00ebt nuk jan\u00eb n\u00eb Shqip\u00ebri, nuk jan\u00eb shqiptar\u00eb, Michael Martens nuk \u00ebsht\u00eb shqiptar, \u00ebsht\u00eb publicist gjerman i njohur, pik\u00ebrisht p\u00ebr k\u00ebto i thot\u00eb Edi Ram\u00ebs, ti je kryeministri m\u00eb i mir\u00eb i Serbis\u00eb pas Pashiqit.<\/p>\n<p>Sepse nuk mbrohen m\u00eb mir\u00eb interesat e Serbis\u00eb se sa t\u2019u thuash t\u00eb rinjve se do ken\u00eb dy kile fara kungulli mandatin q\u00eb vjen\u201d, tha Berisha.<\/p>\n","protected":false},"excerpt":{"rendered":"<p>Gjat\u00eb fjal\u00ebs s\u00eb mbajtur n\u00eb Elbasan, kryetari i PD, Sali Berisha ka akuzuar Edi Ram\u00ebn, se u premton t\u00eb rinjve 2 kilogram fara kungulli p\u00ebr mandatin q\u00eb vjen. Berisha tha, d\u00ebgjoja n\u00eb Tepelen\u00eb, kishte nj\u00eb grup t\u00eb rinjsh p\u00ebrpara, burreci 2 metra i gjat\u00eb, dhe u thoshte se n\u00eb mandatin ton\u00eb t\u00eb kat\u00ebrt, do keni &hellip;<\/p>\n","protected":false},"author":4,"featured_media":113270,"comment_status":"closed","ping_status":"closed","sticky":false,"template":"","format":"standard","meta":{"footnotes":""},"categories":[37],"tags":[],"class_list":["post-113269","post","type-post","status-publish","format-standard","has-post-thumbnail","","category-politike"],"_links":{"self":[{"href":"https:\/\/rdnews.al\/index.php\/wp-json\/wp\/v2\/posts\/113269","targetHints":{"allow":["GET"]}}],"collection":[{"href":"https:\/\/rdnews.al\/index.php\/wp-json\/wp\/v2\/posts"}],"about":[{"href":"https:\/\/rdnews.al\/index.php\/wp-json\/wp\/v2\/types\/post"}],"author":[{"embeddable":true,"href":"https:\/\/rdnews.al\/index.php\/wp-json\/wp\/v2\/users\/4"}],"replies":[{"embeddable":true,"href":"https:\/\/rdnews.al\/index.php\/wp-json\/wp\/v2\/comments?post=113269"}],"version-history":[{"count":1,"href":"https:\/\/rdnews.al\/index.php\/wp-json\/wp\/v2\/posts\/113269\/revisions"}],"predecessor-version":[{"id":113271,"href":"https:\/\/rdnews.al\/index.php\/wp-json\/wp\/v2\/posts\/113269\/revisions\/113271"}],"wp:featuredmedia":[{"embeddable":true,"href":"https:\/\/rdnews.al\/index.php\/wp-json\/wp\/v2\/media\/113270"}],"wp:attachment":[{"href":"https:\/\/rdnews.al\/index.php\/wp-json\/wp\/v2\/media?parent=113269"}],"wp:term":[{"taxonomy":"category","embeddable":true,"href":"https:\/\/rdnews.al\/index.php\/wp-json\/wp\/v2\/categories?post=113269"},{"taxonomy":"post_tag","embeddable":true,"href":"https:\/\/rdnews.al\/index.php\/wp-json\/wp\/v2\/tags?post=113269"}],"curies":[{"name":"wp","href":"https:\/\/api.w.org\/{rel}","templated":true}]}}