{"id":113272,"date":"2025-05-07T19:33:16","date_gmt":"2025-05-07T19:33:16","guid":{"rendered":"https:\/\/rdnews.al\/?p=113272"},"modified":"2025-05-07T19:34:03","modified_gmt":"2025-05-07T19:34:03","slug":"premtimi-i-berishes-ne-elbasan-zero-tolerance-ndaj-analfabetizmit","status":"publish","type":"post","link":"https:\/\/rdnews.al\/index.php\/2025\/05\/07\/premtimi-i-berishes-ne-elbasan-zero-tolerance-ndaj-analfabetizmit\/","title":{"rendered":"Premtimi i Berish\u00ebs n\u00eb Elbasan: Zero toleranc\u00eb ndaj analfabetizmit!"},"content":{"rendered":"<p>Lideri i opozit\u00ebs, Sali Berisha, duke folur n\u00eb takimin p\u00ebrmbyll\u00ebs t\u00eb fushat\u00ebs n\u00eb Elbasan, \u00ebsht\u00eb ndalur ve\u00e7an\u00ebrisht tek shkollimi i f\u00ebmij\u00ebve. Kryetari i PD-s\u00eb ka premtuar se, do t\u00eb ket\u00eb zero toleranc\u00eb ndaj analfabetizmit.<\/p>\n<p>Berisha tha, zero toleranc\u00eb ndaj analfabetizmit. Do b\u00ebhet gjith\u00e7ka q\u00eb asnj\u00eb f\u00ebmij\u00eb t\u00eb mos mbetet analfabet.\u00a0Do b\u00ebhet \u00e7do p\u00ebrpjekje q\u00eb f\u00ebmij\u00ebt t\u00eb mbarojn\u00eb shkollat 9-vje\u00e7are dhe t\u00eb gjith\u00eb pa p\u00ebrjashtim shkollat e mesme.<\/p>\n<p>\u201cMiq, u ndala n\u00eb k\u00ebt\u00eb \u00e7\u00ebshtje se kjo \u00ebsht\u00eb nj\u00eb \u00e7\u00ebshtje themelore.<\/p>\n<p>N\u00eb qoft\u00eb se t\u00eb tjerat q\u00eb num\u00ebrova marrin p\u00ebrgjigje flak\u00eb p\u00ebr flak\u00eb n\u00eb 100 dit\u00eb, kjo k\u00ebrkon koh\u00ebn e vet.<\/p>\n<p>Kjo k\u00ebrkon pun\u00eb shum\u00eb serioze, shum\u00eb t\u00eb thell\u00eb.<\/p>\n<p>Kjo k\u00ebrkon q\u00eb ta nisim q\u00eb nga lindja, q\u00eb nga djepi.<\/p>\n<p>Ne nuk e l\u00ebm\u00eb kurr\u00eb kombin n\u00eb k\u00ebt\u00eb rrokullim\u00eb.<\/p>\n<p>Ne do e nisim nga djepi.<\/p>\n<p>Ne do v\u00ebm\u00eb p\u00ebr f\u00ebmij\u00ebn e par\u00eb 70 euro.<\/p>\n<p>P\u00ebr f\u00ebmij\u00ebn e dyt\u00eb, 60 euro.<\/p>\n<p>P\u00ebr f\u00ebmij\u00ebn e tret\u00eb dhe t\u00eb kat\u00ebrt do paguajm\u00eb nga lindja gjer 23 vje\u00e7.<\/p>\n<p>Ka vet\u00ebm nj\u00eb alternativ\u00eb, ose kombi n\u00eb mosh\u00ebn e rinis\u00eb s\u00eb tij, ose kombi n\u00eb katakombet e historis\u00eb.<\/p>\n<p>Por kjo e dyta nuk do ndodh\u00eb kurr\u00eb.<\/p>\n<p>Sot p\u00ebrs\u00ebri do ndalem.<\/p>\n<p>Rritet me shpejt\u00ebsi t\u00eb madhe analfabetizmi.<\/p>\n<p>Zero toleranc\u00eb ndaj analfabetizmit. Do b\u00ebhet gjith\u00e7ka q\u00eb asnj\u00eb f\u00ebmij\u00eb t\u00eb mos mbetet analfabet.<\/p>\n<p>Do b\u00ebhet \u00e7do p\u00ebrpjekje q\u00eb f\u00ebmij\u00ebt t\u00eb mbarojn\u00eb shkollat 9-vje\u00e7are dhe t\u00eb gjith\u00eb pa p\u00ebrjashtim shkollat e mesme.<\/p>\n<p>Ne zotohemi se do konsiderojm\u00eb n\u00eb m\u00ebnyr\u00ebn m\u00eb serioze arsimin e mes\u00ebm t\u00eb detyruesh\u00ebm p\u00ebr t\u00eb gjith\u00eb f\u00ebmij\u00ebt shqiptar\u00eb.<\/p>\n<p>Kombet q\u00eb e kan\u00eb b\u00ebr\u00eb k\u00ebt\u00eb, kan\u00eb njohur zhvillim. Kan\u00eb pasur p\u00ebrparim.<\/p>\n<p>Jo vet\u00ebm kaq, asnj\u00eb penges\u00eb, dyert e hapura p\u00ebr universitetet. Hiqet mesatarja.<\/p>\n<p>Jeta akademike do rigjall\u00ebrohet.<\/p>\n<p>Autonomia dhe liria akademika do rikthehet n\u00eb universitetet tona.<\/p>\n<p>Universiteti dhe shkolla n\u00eb t\u00ebr\u00ebsi do jet\u00eb n\u00eb partneritet t\u00eb plot\u00eb me sip\u00ebrmarrjet.<\/p>\n<p>\u00c7do i ri q\u00eb diplomohet, brenda nj\u00eb viti do ket\u00eb pun\u00eb n\u00eb sektorin publik ose privat. Qeveria do paguaj\u00eb nj\u00eb vit sigurimet shoq\u00ebrore p\u00ebr ta.<\/p>\n<p>Sip\u00ebrmarr\u00ebsit q\u00eb pun\u00ebsojn\u00eb t\u00eb rinj n\u00ebn 30 vje\u00e7, mund t\u00eb p\u00ebrfitojn\u00eb ulje gjer n\u00eb 70 p\u00ebrqind t\u00eb taksave.<\/p>\n<p>Shteti do krijoj\u00eb fondin e sip\u00ebrmarrjes s\u00eb t\u00eb rinjve. 10 milion\u00eb euro n\u00eb vit p\u00ebr startupet e t\u00eb rinjve.<\/p>\n<p>5 mij\u00eb euro grant p\u00ebr \u00e7do t\u00eb ri q\u00eb nis nj\u00eb biznes dhe kredi t\u00eb buta m\u00eb pas p\u00ebr suksesin e tij.<\/p>\n<p>Miq, ose do investojm\u00eb p\u00ebr rinin\u00eb ton\u00eb, \u00ebsht\u00eb investim jetik, vendimtar p\u00ebr ne, p\u00ebrndryshe na pret fati i shum\u00eb kombeve t\u00eb tjera q\u00eb jan\u00eb zhdukur n\u00eb histori.<\/p>\n<p>Por ne nuk zhdukemi kurr\u00eb.<\/p>\n<p>Raca jon\u00eb nuk zhduket kurr\u00eb.<\/p>\n<p>T\u00eb rinjt\u00eb kan\u00eb talente, do mb\u00ebshtesim \u00e7do talent.<\/p>\n<p>Do krijojm\u00eb nj\u00eb fond t\u00eb ve\u00e7ant\u00eb fillimisht 5 milion\u00eb euro p\u00ebr t\u00eb mb\u00ebshtetur secilin t\u00eb ri n\u00eb talentin e tij.<\/p>\n<p>Do b\u00ebjm\u00eb gjith\u00e7ka q\u00eb ata 600 e ca mij\u00eb t\u00eb rinj q\u00eb ik\u00ebn, t\u00eb rikthehen n\u00eb Shqip\u00ebri.<\/p>\n<p>Pes\u00eb vite pa taksa n\u00eb vendin e tyre,.<\/p>\n<p>P\u00ebr t\u00eb gjith\u00eb \u00e7ifte te reja, nj \u00e7ati. Qeveria do garantoj\u00eb nj\u00eb grant 30 mij\u00eb euro q\u00eb t\u00eb paguajn\u00eb interesat e kredis\u00eb.<\/p>\n<p>Edhe p\u00ebr ata q\u00eb kthehen, do u japim grantin, do krijojm\u00eb kushte p\u00ebr strehim.<\/p>\n<p>Rikthimi i kombit n\u00eb rini \u00ebsht\u00eb misioni m\u00eb i shenjt\u00eb q\u00eb mund t\u00eb nd\u00ebrmarrim s\u00eb bashku.<\/p>\n<p>Dhe data 11 maj \u00ebsht\u00eb dat\u00eb p\u00ebrcaktuese p\u00ebr fatin ton\u00eb, p\u00ebr dinjitetin ton\u00eb, p\u00ebr Elbasanin\u201d, u shpreh Berisha.<\/p>\n","protected":false},"excerpt":{"rendered":"<p>Lideri i opozit\u00ebs, Sali Berisha, duke folur n\u00eb takimin p\u00ebrmbyll\u00ebs t\u00eb fushat\u00ebs n\u00eb Elbasan, \u00ebsht\u00eb ndalur ve\u00e7an\u00ebrisht tek shkollimi i f\u00ebmij\u00ebve. Kryetari i PD-s\u00eb ka premtuar se, do t\u00eb ket\u00eb zero toleranc\u00eb ndaj analfabetizmit. Berisha tha, zero toleranc\u00eb ndaj analfabetizmit. Do b\u00ebhet gjith\u00e7ka q\u00eb asnj\u00eb f\u00ebmij\u00eb t\u00eb mos mbetet analfabet.\u00a0Do b\u00ebhet \u00e7do p\u00ebrpjekje q\u00eb f\u00ebmij\u00ebt &hellip;<\/p>\n","protected":false},"author":4,"featured_media":113273,"comment_status":"closed","ping_status":"closed","sticky":false,"template":"","format":"standard","meta":{"footnotes":""},"categories":[37],"tags":[],"class_list":["post-113272","post","type-post","status-publish","format-standard","has-post-thumbnail","","category-politike"],"_links":{"self":[{"href":"https:\/\/rdnews.al\/index.php\/wp-json\/wp\/v2\/posts\/113272","targetHints":{"allow":["GET"]}}],"collection":[{"href":"https:\/\/rdnews.al\/index.php\/wp-json\/wp\/v2\/posts"}],"about":[{"href":"https:\/\/rdnews.al\/index.php\/wp-json\/wp\/v2\/types\/post"}],"author":[{"embeddable":true,"href":"https:\/\/rdnews.al\/index.php\/wp-json\/wp\/v2\/users\/4"}],"replies":[{"embeddable":true,"href":"https:\/\/rdnews.al\/index.php\/wp-json\/wp\/v2\/comments?post=113272"}],"version-history":[{"count":1,"href":"https:\/\/rdnews.al\/index.php\/wp-json\/wp\/v2\/posts\/113272\/revisions"}],"predecessor-version":[{"id":113274,"href":"https:\/\/rdnews.al\/index.php\/wp-json\/wp\/v2\/posts\/113272\/revisions\/113274"}],"wp:featuredmedia":[{"embeddable":true,"href":"https:\/\/rdnews.al\/index.php\/wp-json\/wp\/v2\/media\/113273"}],"wp:attachment":[{"href":"https:\/\/rdnews.al\/index.php\/wp-json\/wp\/v2\/media?parent=113272"}],"wp:term":[{"taxonomy":"category","embeddable":true,"href":"https:\/\/rdnews.al\/index.php\/wp-json\/wp\/v2\/categories?post=113272"},{"taxonomy":"post_tag","embeddable":true,"href":"https:\/\/rdnews.al\/index.php\/wp-json\/wp\/v2\/tags?post=113272"}],"curies":[{"name":"wp","href":"https:\/\/api.w.org\/{rel}","templated":true}]}}