{"id":113275,"date":"2025-05-07T19:40:56","date_gmt":"2025-05-07T19:40:56","guid":{"rendered":"https:\/\/rdnews.al\/?p=113275"},"modified":"2025-05-07T19:41:51","modified_gmt":"2025-05-07T19:41:51","slug":"berisha-paralajmeron-bandat-qeveritare-ne-elbasan-11-maji-shenon-fundin-tuaj-do-trajtoheni-si-terroriste","status":"publish","type":"post","link":"https:\/\/rdnews.al\/index.php\/2025\/05\/07\/berisha-paralajmeron-bandat-qeveritare-ne-elbasan-11-maji-shenon-fundin-tuaj-do-trajtoheni-si-terroriste\/","title":{"rendered":"Berisha paralajm\u00ebron bandat qeveritare n\u00eb Elbasan: 11 Maji sh\u00ebnon fundin tuaj! Do trajtoheni si terrorist\u00eb!"},"content":{"rendered":"<p>Nga Elbasani, kryetari i Partis\u00eb Demokratike, Sali Berisha ka paralajm\u00ebruar bandat qeveritare q\u00eb po tentojn\u00eb t\u00eb ushtrojn\u00eb terror ndaj qytetar\u00ebve.<\/p>\n<p>Berisha tha se, k\u00ebta vijn\u00eb dhe marrin Taulant Ball\u00ebn, nj\u00eb horr- m\u00eb falni p\u00ebr shprehjen- q\u00eb porosit vrasje, q\u00eb b\u00ebn arrestime, q\u00eb nuk ka asgj\u00eb t\u00eb p\u00ebrbashk\u00ebt me fibr\u00ebn qytetare e fisnike t\u00eb k\u00ebtij populli, t\u00eb qytetar\u00ebve t\u00eb Librazhdit, Peqinit, Gramshit, Elbasanit.<\/p>\n<p>Q\u00eb \u00ebsht\u00eb v\u00eblla siamez me Edi Ram\u00ebn, Suel \u00c7el\u00ebn, Altin Hajrin, me Troplinin, me Poj\u00ebn, etj. Po, data 11 sh\u00ebnon fundin tuaj dhe mos tentoni t\u00eb largoheni se kudo q\u00eb t\u00eb shkoni, do t\u2019u gjejm\u00eb, do t\u2019u kapim, do t\u2019u \u00e7ojm\u00eb bashk\u00eb me Taulantin, me Edi Ram\u00ebn atje ku e keni vendin.<\/p>\n<p><strong>Berisha: <\/strong>N\u00eb k\u00ebt\u00eb fjal\u00eb do them edhe dy gj\u00ebra p\u00ebr nj\u00eb \u00e7\u00ebshtje q\u00eb nuk do doja kurr\u00eb t\u00eb ndalesha.<\/p>\n<p>Por ndalem sepse ata, t\u00eb cil\u00ebt t\u00eb mb\u00ebshtetur nga pushteti, dhunojn\u00eb vullnetin tuaj, ata t\u00eb cil\u00ebt u trysnojn\u00eb ju me mb\u00ebshtetjen e qeveritar\u00ebve bandit\u00eb, atyre u them se vrim\u00eb miu, se shpell\u00eb n\u00eb bot\u00eb nuk do gjejn\u00eb kudo q\u00eb t\u00eb jen\u00eb.<\/p>\n<p>Qeveria shqiptare do i trajtoj\u00eb si grupe terroriste, do i godas\u00eb si terrorist\u00eb.<\/p>\n<p>K\u00ebto monstra me qeveritar\u00ebt e tyre shnd\u00ebrrojn\u00eb krimet n\u00eb vot\u00eb, vrasjet n\u00eb vot\u00eb dhe vot\u00ebn n\u00eb vrasje.<\/p>\n<p>Do ken\u00eb p\u00ebrgjigjen m\u00eb t\u00eb eg\u00ebr ligjore q\u00eb mund ta imagjinojn\u00eb.<\/p>\n<p>K\u00ebta jan\u00eb llumi i kriminalitetit njer\u00ebzor.<\/p>\n<p>K\u00ebta vijn\u00eb dhe marrin Taulant Ball\u00ebn, nj\u00eb horr- m\u00eb falni p\u00ebr shprehjen- q\u00eb porosit vrasje, q\u00eb b\u00ebn arrestime, q\u00eb nuk ka asgj\u00eb t\u00eb p\u00ebrbashk\u00ebt me fibr\u00ebn qytetare e fisnike t\u00eb k\u00ebtij populli, t\u00eb qytetar\u00ebve t\u00eb Librazhdit, Peqinit, Gramshit, Elbasanit.<\/p>\n<p>Q\u00eb \u00ebsht\u00eb v\u00eblla siamez me Edi Ram\u00ebn, Suel \u00c7el\u00ebn, Altin Hajrin, me Troplinin, me Poj\u00ebn, etj.<\/p>\n<p>Po, data 11 sh\u00ebnon fundin tuaj dhe mos tentoni t\u00eb largoheni se kudo q\u00eb t\u00eb shkoni, do t\u2019u gjejm\u00eb, do t\u2019u kapim, do t\u2019u \u00e7ojm\u00eb bashk\u00eb me Taulantin, me Edi Ram\u00ebn atje ku e keni vendin.<\/p>\n<p>Tre dit\u00eb jan\u00eb dit\u00ebt e idealeve tuaja.<\/p>\n<p>Jan\u00eb dit\u00ebt e moralit tuaj.<\/p>\n<p>Jan\u00eb dit\u00ebt e besimit tuaj tek Elbasani dhe Shqip\u00ebria.<\/p>\n<p>Jan\u00eb dit\u00ebt e shpres\u00ebs s\u00eb pashuar t\u00eb shqiptar\u00ebve.<\/p>\n<p>Le ta b\u00ebjm\u00eb 11 Majin dit\u00ebn e dyt\u00eb t\u00eb ver\u00ebs p\u00ebr Elbasanin, p\u00ebr Shqip\u00ebrin\u00eb.<\/p>\n<p>Rrofshi ju, rroft\u00eb Elbasani, rroft\u00eb Shqip\u00ebria.<\/p>\n<p>Fitore, fitore, fitore!<\/p>\n","protected":false},"excerpt":{"rendered":"<p>Nga Elbasani, kryetari i Partis\u00eb Demokratike, Sali Berisha ka paralajm\u00ebruar bandat qeveritare q\u00eb po tentojn\u00eb t\u00eb ushtrojn\u00eb terror ndaj qytetar\u00ebve. Berisha tha se, k\u00ebta vijn\u00eb dhe marrin Taulant Ball\u00ebn, nj\u00eb horr- m\u00eb falni p\u00ebr shprehjen- q\u00eb porosit vrasje, q\u00eb b\u00ebn arrestime, q\u00eb nuk ka asgj\u00eb t\u00eb p\u00ebrbashk\u00ebt me fibr\u00ebn qytetare e fisnike t\u00eb k\u00ebtij populli, &hellip;<\/p>\n","protected":false},"author":4,"featured_media":113276,"comment_status":"closed","ping_status":"closed","sticky":false,"template":"","format":"standard","meta":{"footnotes":""},"categories":[37],"tags":[],"class_list":["post-113275","post","type-post","status-publish","format-standard","has-post-thumbnail","","category-politike"],"_links":{"self":[{"href":"https:\/\/rdnews.al\/index.php\/wp-json\/wp\/v2\/posts\/113275","targetHints":{"allow":["GET"]}}],"collection":[{"href":"https:\/\/rdnews.al\/index.php\/wp-json\/wp\/v2\/posts"}],"about":[{"href":"https:\/\/rdnews.al\/index.php\/wp-json\/wp\/v2\/types\/post"}],"author":[{"embeddable":true,"href":"https:\/\/rdnews.al\/index.php\/wp-json\/wp\/v2\/users\/4"}],"replies":[{"embeddable":true,"href":"https:\/\/rdnews.al\/index.php\/wp-json\/wp\/v2\/comments?post=113275"}],"version-history":[{"count":1,"href":"https:\/\/rdnews.al\/index.php\/wp-json\/wp\/v2\/posts\/113275\/revisions"}],"predecessor-version":[{"id":113277,"href":"https:\/\/rdnews.al\/index.php\/wp-json\/wp\/v2\/posts\/113275\/revisions\/113277"}],"wp:featuredmedia":[{"embeddable":true,"href":"https:\/\/rdnews.al\/index.php\/wp-json\/wp\/v2\/media\/113276"}],"wp:attachment":[{"href":"https:\/\/rdnews.al\/index.php\/wp-json\/wp\/v2\/media?parent=113275"}],"wp:term":[{"taxonomy":"category","embeddable":true,"href":"https:\/\/rdnews.al\/index.php\/wp-json\/wp\/v2\/categories?post=113275"},{"taxonomy":"post_tag","embeddable":true,"href":"https:\/\/rdnews.al\/index.php\/wp-json\/wp\/v2\/tags?post=113275"}],"curies":[{"name":"wp","href":"https:\/\/api.w.org\/{rel}","templated":true}]}}