{"id":113278,"date":"2025-05-07T20:24:15","date_gmt":"2025-05-07T20:24:15","guid":{"rendered":"https:\/\/rdnews.al\/?p=113278"},"modified":"2025-05-07T20:24:15","modified_gmt":"2025-05-07T20:24:15","slug":"lacivita-takohet-me-presidentin-trump-dhe-sekretarin-e-shtetit-rubio","status":"publish","type":"post","link":"https:\/\/rdnews.al\/index.php\/2025\/05\/07\/lacivita-takohet-me-presidentin-trump-dhe-sekretarin-e-shtetit-rubio\/","title":{"rendered":"LaCivita takohet me Presidentin Trump dhe Sekretarin e Shtetit, Rubio"},"content":{"rendered":"<p>Kryestrategu i fushat\u00ebs s\u00eb opozit\u00ebs n\u00eb Shqip\u00ebri, Chris LaCivita \u00ebsht\u00eb takuar t\u00eb h\u00ebn\u00ebn me Presidentin amerikan Trump dhe n\u00eb takim ka qen\u00eb i pranish\u00ebm edhe Sekretari amerikan i Shtetit, Marco Rubio.<\/p>\n<p>LaCivita \u00ebsht\u00eb takuar me Presidentin Trump edhe dit\u00ebn e mart\u00eb p\u00ebr t\u00eb vijuar diskutimet e nj\u00eb dite m\u00eb par\u00eb. Lajmi \u00ebsht\u00eb konfrmuar p\u00ebr mediat shqiptare nga Kryetari i PR, Fatmir Mediu, i cili \u00ebsht\u00eb nj\u00eb nga bashk\u00ebpun\u00ebtor\u00ebt m\u00eb t\u00eb af\u00ebrt t\u00eb LaCivita gjat\u00eb k\u00ebsaj fushate elektorale.<\/p>\n<p>Mediu nuk ka dh\u00ebn\u00eb detaje n\u00eb lidhje me bisedimet q\u00eb jan\u00eb zhvilluar, por LaCivita ka paralajm\u00ebruar fitoren e opozit\u00ebs n\u00eb zgjedhjet e s\u00eb diel\u00ebs. Ai ka qen\u00eb mjaft aktiv nga Uashingtoni n\u00eb takimet online me drejtuesit e PD si dhe shtabet eletorale n\u00eb qarqe t\u00eb ndryshme t\u00eb vendit.<\/p>\n<p>Pas takimeve t\u00eb LaCivita me Presidentin Trump dhe Sekretarin e Shtetit, Rubio, Ambasada amerikane ka b\u00ebr\u00eb dy postime n\u00eb lidhje me zgjedhjet e s\u00eb diel\u00ebs. Mesazhi i par\u00eb ka qen\u00eb ai Zv.Presidentit J.D.Vance ku k\u00ebrkonte t\u00eb d\u00ebgjohej z\u00ebri qytetar\u00ebve n\u00eb zgjedhje dhe mesazhi i dyt\u00eb i Ambasad\u00ebs ishte dit\u00ebn e sotme ku i b\u00ebnte thirrje shqiptar\u00ebve \u201ct\u00eb marrin pjes\u00eb n\u00eb votime dhe t\u00eb votojn\u00eb pa frik\u00eb\u201d n\u00eb nj\u00eb koh\u00eb q\u00eb Rama k\u00ebrkon ti frik\u00ebsoj\u00eb me grupet e krimit t\u00eb organizuar.<\/p>\n<p>LaCivita do t\u00eb jet\u00eb i pranish\u00ebm n\u00eb mbylljen e fushat\u00ebs elektorale dhe do t\u00eb p\u00ebrcjell\u00eb mesazhet e fundit.<\/p>\n<p>Kryetari i PR, Mediu ka paralajm\u00ebruar Ram\u00ebn p\u00ebr ofendimet n\u00eb drejtim t\u00eb kryestartegut t\u00eb fushat\u00ebs s\u00eb Presuidentit Trump. \u201cB\u00ebn mir\u00eb q\u00eb e kruan me LaCivita se do ta shohi. LaCiviata \u00ebsht\u00eb nj\u00eb personalitet i Partis\u00eb Republikane amerikane\u201d, u shpreh Mediu.<\/p>\n<p>&nbsp;<\/p>\n","protected":false},"excerpt":{"rendered":"<p>Kryestrategu i fushat\u00ebs s\u00eb opozit\u00ebs n\u00eb Shqip\u00ebri, Chris LaCivita \u00ebsht\u00eb takuar t\u00eb h\u00ebn\u00ebn me Presidentin amerikan Trump dhe n\u00eb takim ka qen\u00eb i pranish\u00ebm edhe Sekretari amerikan i Shtetit, Marco Rubio. LaCivita \u00ebsht\u00eb takuar me Presidentin Trump edhe dit\u00ebn e mart\u00eb p\u00ebr t\u00eb vijuar diskutimet e nj\u00eb dite m\u00eb par\u00eb. Lajmi \u00ebsht\u00eb konfrmuar p\u00ebr mediat &hellip;<\/p>\n","protected":false},"author":3,"featured_media":113279,"comment_status":"closed","ping_status":"closed","sticky":false,"template":"","format":"standard","meta":{"footnotes":""},"categories":[40],"tags":[],"class_list":["post-113278","post","type-post","status-publish","format-standard","has-post-thumbnail","","category-aktualitet"],"_links":{"self":[{"href":"https:\/\/rdnews.al\/index.php\/wp-json\/wp\/v2\/posts\/113278","targetHints":{"allow":["GET"]}}],"collection":[{"href":"https:\/\/rdnews.al\/index.php\/wp-json\/wp\/v2\/posts"}],"about":[{"href":"https:\/\/rdnews.al\/index.php\/wp-json\/wp\/v2\/types\/post"}],"author":[{"embeddable":true,"href":"https:\/\/rdnews.al\/index.php\/wp-json\/wp\/v2\/users\/3"}],"replies":[{"embeddable":true,"href":"https:\/\/rdnews.al\/index.php\/wp-json\/wp\/v2\/comments?post=113278"}],"version-history":[{"count":1,"href":"https:\/\/rdnews.al\/index.php\/wp-json\/wp\/v2\/posts\/113278\/revisions"}],"predecessor-version":[{"id":113280,"href":"https:\/\/rdnews.al\/index.php\/wp-json\/wp\/v2\/posts\/113278\/revisions\/113280"}],"wp:featuredmedia":[{"embeddable":true,"href":"https:\/\/rdnews.al\/index.php\/wp-json\/wp\/v2\/media\/113279"}],"wp:attachment":[{"href":"https:\/\/rdnews.al\/index.php\/wp-json\/wp\/v2\/media?parent=113278"}],"wp:term":[{"taxonomy":"category","embeddable":true,"href":"https:\/\/rdnews.al\/index.php\/wp-json\/wp\/v2\/categories?post=113278"},{"taxonomy":"post_tag","embeddable":true,"href":"https:\/\/rdnews.al\/index.php\/wp-json\/wp\/v2\/tags?post=113278"}],"curies":[{"name":"wp","href":"https:\/\/api.w.org\/{rel}","templated":true}]}}