{"id":113281,"date":"2025-05-07T20:41:17","date_gmt":"2025-05-07T20:41:17","guid":{"rendered":"https:\/\/rdnews.al\/?p=113281"},"modified":"2025-05-07T20:41:17","modified_gmt":"2025-05-07T20:41:17","slug":"deklarata-lacivita-do-te-vije-per-te-festuar-rikthimin-e-sali-berishes","status":"publish","type":"post","link":"https:\/\/rdnews.al\/index.php\/2025\/05\/07\/deklarata-lacivita-do-te-vije-per-te-festuar-rikthimin-e-sali-berishes\/","title":{"rendered":"Deklarata: LaCivita do t\u00eb vij\u00eb p\u00ebr t\u00eb festuar rikthimin e Sali Berish\u00ebs"},"content":{"rendered":"<p>Kryetari i PD, Sali Berisha deklaroi n\u00eb nj\u00eb prononcim p\u00ebr mediat se LaCivita do t\u00eb vij\u00eb n\u00eb Tiran\u00eb p\u00ebrpara mbylljes s\u00eb fushat\u00ebs elektorale p\u00ebr t\u00eb festuar rikthimin e Sali Berish\u00ebs.<\/p>\n<p>LaCivita angazhohet n\u00eb fushat\u00ebn elektorale me takime n\u00eb Shqip\u00ebri, por edhe me takime mjaft t\u00eb r\u00ebnd\u00ebsishme n\u00eb Uashington. Sa her\u00eb LaCivita largohet nga Tirana drejt Uashingtonit, Rama i nd\u00ebrsen mediat me mashtrimet se LaCivita nuk do t\u00eb vij\u00eb m\u00eb.<\/p>\n<p>LaCivita \u00ebsht\u00eb kthyer n\u00eb makthin e Ram\u00ebs. Ai e ka paralajm\u00ebruar se \u201ckukulla e Sorosit do t\u00eb largohet\u201d. \u00a0Kontrata e LaCivita do t\u00eb vazhdoj\u00eb deri n\u00eb fund t\u00eb vitit 2025 p\u00ebr t\u00eb asistuar me k\u00ebshillat e tij edhe qeverin\u00eb e re t\u00eb Berish\u00ebs.<\/p>\n","protected":false},"excerpt":{"rendered":"<p>Kryetari i PD, Sali Berisha deklaroi n\u00eb nj\u00eb prononcim p\u00ebr mediat se LaCivita do t\u00eb vij\u00eb n\u00eb Tiran\u00eb p\u00ebrpara mbylljes s\u00eb fushat\u00ebs elektorale p\u00ebr t\u00eb festuar rikthimin e Sali Berish\u00ebs. LaCivita angazhohet n\u00eb fushat\u00ebn elektorale me takime n\u00eb Shqip\u00ebri, por edhe me takime mjaft t\u00eb r\u00ebnd\u00ebsishme n\u00eb Uashington. Sa her\u00eb LaCivita largohet nga Tirana drejt &hellip;<\/p>\n","protected":false},"author":3,"featured_media":113282,"comment_status":"closed","ping_status":"closed","sticky":false,"template":"","format":"standard","meta":{"footnotes":""},"categories":[37],"tags":[],"class_list":["post-113281","post","type-post","status-publish","format-standard","has-post-thumbnail","","category-politike"],"_links":{"self":[{"href":"https:\/\/rdnews.al\/index.php\/wp-json\/wp\/v2\/posts\/113281","targetHints":{"allow":["GET"]}}],"collection":[{"href":"https:\/\/rdnews.al\/index.php\/wp-json\/wp\/v2\/posts"}],"about":[{"href":"https:\/\/rdnews.al\/index.php\/wp-json\/wp\/v2\/types\/post"}],"author":[{"embeddable":true,"href":"https:\/\/rdnews.al\/index.php\/wp-json\/wp\/v2\/users\/3"}],"replies":[{"embeddable":true,"href":"https:\/\/rdnews.al\/index.php\/wp-json\/wp\/v2\/comments?post=113281"}],"version-history":[{"count":1,"href":"https:\/\/rdnews.al\/index.php\/wp-json\/wp\/v2\/posts\/113281\/revisions"}],"predecessor-version":[{"id":113283,"href":"https:\/\/rdnews.al\/index.php\/wp-json\/wp\/v2\/posts\/113281\/revisions\/113283"}],"wp:featuredmedia":[{"embeddable":true,"href":"https:\/\/rdnews.al\/index.php\/wp-json\/wp\/v2\/media\/113282"}],"wp:attachment":[{"href":"https:\/\/rdnews.al\/index.php\/wp-json\/wp\/v2\/media?parent=113281"}],"wp:term":[{"taxonomy":"category","embeddable":true,"href":"https:\/\/rdnews.al\/index.php\/wp-json\/wp\/v2\/categories?post=113281"},{"taxonomy":"post_tag","embeddable":true,"href":"https:\/\/rdnews.al\/index.php\/wp-json\/wp\/v2\/tags?post=113281"}],"curies":[{"name":"wp","href":"https:\/\/api.w.org\/{rel}","templated":true}]}}