{"id":113304,"date":"2025-05-08T09:01:18","date_gmt":"2025-05-08T09:01:18","guid":{"rendered":"https:\/\/rdnews.al\/?p=113304"},"modified":"2025-05-08T09:01:18","modified_gmt":"2025-05-08T09:01:18","slug":"berisha-ambasada-e-shba-ne-kontakte-non-stop-me-ne","status":"publish","type":"post","link":"https:\/\/rdnews.al\/index.php\/2025\/05\/08\/berisha-ambasada-e-shba-ne-kontakte-non-stop-me-ne\/","title":{"rendered":"Berisha: Ambasada e SHBA, n\u00eb kontakte non stop me ne!"},"content":{"rendered":"<p>Lideri i opozit\u00ebs, Sali Berisha tha se, Partia Demokratike ka pasur kontakte t\u00eb vazhdueshme me Ambasad\u00ebn e SHBA n\u00eb jav\u00ebt e fundit, ku \u00ebsht\u00eb folur ekskluzivisht p\u00ebr zgjedhjet e 11 majit.<\/p>\n<p>\u201cKontaktet e ambasad\u00ebs me opozit\u00ebn, kan\u00eb qen\u00eb non stop, dhe me tem\u00eb zgjedhjet. Ka nj\u00eb interes absolut t\u00eb tyre p\u00ebr nj\u00eb proces t\u00eb rregullt zgjedhor dhe e kan\u00eb p\u00ebrcjell\u00eb n\u00eb takim me p\u00ebrfaq\u00ebsuesit tan\u00eb\u201d, tha Berisha n\u00eb A2 CNN.<\/p>\n<p>I pyetur p\u00ebr mesazhin e fundit t\u00eb publikuar nga llogaria e mbasad\u00ebs n\u00eb rrjetet sociale, Berisha u p\u00ebrgjigj: \u201cKa publikuar nj\u00eb q\u00ebndrim t\u00eb zv.presidentit JD Vance, ku thot\u00eb, \u201cmos kini frik\u00eb nga vota\u201d, si\u00e7 ka Edi Rama\u201d.<\/p>\n","protected":false},"excerpt":{"rendered":"<p>Lideri i opozit\u00ebs, Sali Berisha tha se, Partia Demokratike ka pasur kontakte t\u00eb vazhdueshme me Ambasad\u00ebn e SHBA n\u00eb jav\u00ebt e fundit, ku \u00ebsht\u00eb folur ekskluzivisht p\u00ebr zgjedhjet e 11 majit. \u201cKontaktet e ambasad\u00ebs me opozit\u00ebn, kan\u00eb qen\u00eb non stop, dhe me tem\u00eb zgjedhjet. Ka nj\u00eb interes absolut t\u00eb tyre p\u00ebr nj\u00eb proces t\u00eb rregullt &hellip;<\/p>\n","protected":false},"author":4,"featured_media":113305,"comment_status":"closed","ping_status":"closed","sticky":false,"template":"","format":"standard","meta":{"footnotes":""},"categories":[37],"tags":[],"class_list":["post-113304","post","type-post","status-publish","format-standard","has-post-thumbnail","","category-politike"],"_links":{"self":[{"href":"https:\/\/rdnews.al\/index.php\/wp-json\/wp\/v2\/posts\/113304","targetHints":{"allow":["GET"]}}],"collection":[{"href":"https:\/\/rdnews.al\/index.php\/wp-json\/wp\/v2\/posts"}],"about":[{"href":"https:\/\/rdnews.al\/index.php\/wp-json\/wp\/v2\/types\/post"}],"author":[{"embeddable":true,"href":"https:\/\/rdnews.al\/index.php\/wp-json\/wp\/v2\/users\/4"}],"replies":[{"embeddable":true,"href":"https:\/\/rdnews.al\/index.php\/wp-json\/wp\/v2\/comments?post=113304"}],"version-history":[{"count":1,"href":"https:\/\/rdnews.al\/index.php\/wp-json\/wp\/v2\/posts\/113304\/revisions"}],"predecessor-version":[{"id":113306,"href":"https:\/\/rdnews.al\/index.php\/wp-json\/wp\/v2\/posts\/113304\/revisions\/113306"}],"wp:featuredmedia":[{"embeddable":true,"href":"https:\/\/rdnews.al\/index.php\/wp-json\/wp\/v2\/media\/113305"}],"wp:attachment":[{"href":"https:\/\/rdnews.al\/index.php\/wp-json\/wp\/v2\/media?parent=113304"}],"wp:term":[{"taxonomy":"category","embeddable":true,"href":"https:\/\/rdnews.al\/index.php\/wp-json\/wp\/v2\/categories?post=113304"},{"taxonomy":"post_tag","embeddable":true,"href":"https:\/\/rdnews.al\/index.php\/wp-json\/wp\/v2\/tags?post=113304"}],"curies":[{"name":"wp","href":"https:\/\/api.w.org\/{rel}","templated":true}]}}