{"id":113325,"date":"2025-05-08T14:14:37","date_gmt":"2025-05-08T14:14:37","guid":{"rendered":"https:\/\/rdnews.al\/?p=113325"},"modified":"2025-05-08T14:43:17","modified_gmt":"2025-05-08T14:43:17","slug":"berisha-vendimi-i-administrates-se-presidentit-trump-thirrje-per-cdo-shqiptar-qe-te-dielen-te-votoje-per-pd","status":"publish","type":"post","link":"https:\/\/rdnews.al\/index.php\/2025\/05\/08\/berisha-vendimi-i-administrates-se-presidentit-trump-thirrje-per-cdo-shqiptar-qe-te-dielen-te-votoje-per-pd\/","title":{"rendered":"Berisha: Vendimi i administrat\u00ebs s\u00eb Presidentit Trump, thirrje p\u00ebr \u00e7do shqiptar q\u00eb t\u00eb diel\u00ebn t\u00eb votoj\u00eb p\u00ebr PD"},"content":{"rendered":"<p><strong>Anisa Kadesha, RTSH: A e keni n\u00eb plan t\u00eb udh\u00ebtoni drejt SHBA-s\u00eb, meqen\u00ebse vendimi i DASH \u00ebsht\u00eb q\u00eb ju mund t\u00eb udh\u00ebtoni drejt k\u00ebtij vendi.<\/strong><\/p>\n<p><strong>Sali Berisha:<\/strong>\u00a0Un\u00eb vendimin e mora vesh mbr\u00ebm\u00eb, n\u00eb t\u00eb nj\u00ebjt\u00ebn koh\u00eb q\u00eb e mor\u00ebt vesh dhe ju. Nuk kisha ndonj\u00eb plan p\u00ebr udh\u00ebtim dhe natyrisht nuk mund t\u00eb them se do t\u00eb udh\u00ebtoj\u00eb k\u00ebto 2-3 dit\u00eb sepse jan\u00eb dit\u00ebt e kulmit t\u00eb fushat\u00ebs.<\/p>\n<p>Sigurisht n\u00eb nj\u00eb koh\u00eb m\u00eb t\u00eb p\u00ebrshtatshme do kisha b\u00ebr\u00eb dhe un\u00eb fushat\u00eb, do kisha shkuar, por p\u00ebrs\u00ebri ky vendim nuk humbet vler\u00eb, \u00ebsht\u00eb nj\u00eb vendim jasht\u00ebzakonisht i \u00e7muar.<\/p>\n<p><strong>Andon Kello, AbcNews: Po ju vet\u00eb a e keni pyetur DASH dhe \u00e7far\u00eb p\u00ebrgjigje keni marr\u00eb?<\/strong><\/p>\n<p><strong>Sali Berisha:<\/strong>\u00a0Un\u00eb nuk kam marr\u00eb asnj\u00eb p\u00ebrgjigje nga DASH, as p\u00ebr k\u00ebt\u00eb dhe p\u00ebr asgj\u00eb tjet\u00ebr.<\/p>\n<p><strong>Andon Kello, AbcNews: A ju \u00ebsht\u00eb hequr non grata, z. Berisha?<\/strong><\/p>\n<p><strong>Sali Berisha:<\/strong>\u00a0Pyetja \u00ebsht\u00eb se non grata \u00ebsht\u00eb konsideruar vendim politik, \u00ebsht\u00eb d\u00ebnuar, ky \u00ebsht\u00eb d\u00ebnim i atij vendimi. Se \u00ebsht\u00eb tjet\u00ebr kur shqyrtohet dhe kjo apo ai q\u00ebndrim, por \u00ebsht\u00eb shpallur; vendime t\u00eb politizuara t\u00eb administrat\u00ebs Biden, \u00ebsht\u00eb paekuivok.<\/p>\n<p>Pra \u00ebsht\u00eb e pashpres\u00eb.<\/p>\n<p><strong>Esiona Konomi, ReportTV: Gjat\u00eb k\u00ebsaj periudhe a keni k\u00ebrkuar ndonj\u00ebher\u00eb viz\u00eb p\u00ebr n\u00eb SHBA?<\/strong><\/p>\n<p><strong>Sali Berisha:<\/strong>\u00a0Un\u00eb t\u00eb k\u00ebrkoj viz\u00eb? Jo nuk kam k\u00ebrkuar viz\u00eb. Un\u00eb nuk kam k\u00ebrkuar viz\u00eb, pasi kam l\u00ebn\u00eb detyr\u00ebn e kryeministrit, n\u00eb mos gabohem, asnj\u00ebher\u00eb.<\/p>\n<p><strong>Esiona Konomi, ReportTV: Ju keni deklaruar se ve\u00e7mas kontrat\u00ebs s\u00eb lobimit n\u00eb SHBA, p\u00ebr Chris LaCivita do t\u00eb keni nj\u00eb kontrat\u00eb t\u00eb m\u00ebvetshme q\u00eb e paguan, sipas jush PD. Meq\u00eb jemi 3 dit\u00eb larg zgjedhjeve, a \u00ebsht\u00eb e udh\u00ebs t\u00eb na tregoni p\u00ebr sa para jeni marr\u00eb vesh dhe a jan\u00eb paguara deri m\u00eb tani, parat\u00eb p\u00ebr t\u00eb?<\/strong><\/p>\n<p><strong>Sali Berisha:\u00a0<\/strong>Partia Demokratike ka nj\u00eb kontrat\u00eb me Chris LaCivita, absolutisht jo p\u00ebr lobim. P\u00ebr k\u00ebt\u00eb t\u00eb jeni 100% t\u00eb sigurt\u00eb. Kontrata me Chris LaCivita \u00ebsht\u00eb kontrat\u00eb p\u00ebr konsulenc\u00eb elektorale dhe k\u00ebto jan\u00eb t\u00eb ndryshme n\u00eb ligjin amerikan.<\/p>\n<p>Pra, kjo \u00ebsht\u00eb e v\u00ebrteta.<\/p>\n<p>Por si\u00e7 keni par\u00eb \u00e7\u00ebshtja ime ka t\u00ebrhequr v\u00ebmendjen e dhjet\u00ebra analist\u00ebve nga m\u00eb t\u00eb shquarit. Me dhjet\u00ebra shkrime dhe k\u00ebtu nj\u00eb gazetar p\u00ebrs\u00ebri, q\u00eb un\u00eb nuk e njoh at\u00eb gazetar, m\u00eb thon\u00eb q\u00eb qenka korrespondent n\u00eb Sht\u00ebpin\u00eb e Bardh\u00eb, \u00ebsht\u00eb nj\u00eb gazetar q\u00eb ka drejtuar nj\u00eb pyetje n\u00eb zyr\u00ebn p\u00ebrkat\u00ebse t\u00eb marr\u00ebdh\u00ebnieve publike t\u00eb DASH.<\/p>\n<p><strong>Esiona Konomi, ReportTV: P\u00ebrpara se t\u00eb votojm\u00eb t\u00eb diel\u00ebn, nuk \u00ebsht\u00eb e drejt\u00eb t\u00eb dim\u00eb, se sa kushton sh\u00ebrbimi me LaCivita?<\/strong><\/p>\n<p><strong>Sali Berisha:<\/strong>\u00a0LaCivita nuk ka asnj\u00eb lidhje me k\u00ebt\u00eb \u00e7\u00ebshtje. Do t\u00eb paguhet patjet\u00ebr p\u00ebr konsulenc\u00eb elektorale. Shiko, \u00e7do pages\u00eb, \u00e7do transaksion do t\u00eb depozitohet n\u00eb koh\u00ebn e duhur n\u00eb KQZ, si\u00e7 e k\u00ebrkon ligji.<\/p>\n<p>Por mos harroni, sigurisht LaCivita \u00ebsht\u00eb personaliteti m\u00eb i shquar n\u00eb fush\u00eb domenin elektoral q\u00eb ka shkel\u00eb ndonj\u00ebher\u00eb n\u00eb Shqip\u00ebri.<\/p>\n<p>Un\u00eb e kuptoj kureshtjen normale t\u00eb gazetar\u00ebve. Por k\u00ebtu kompani konsulence ka pasur gjithnj\u00eb dhe mund t\u00eb ket\u00eb 2-3 kompani dhe \u00ebsht\u00eb nj\u00eb standard normal sot, p\u00ebr t\u00eb gjith\u00eb. Kontrata do t\u00eb depozitohet si\u00e7 e k\u00ebrkon ligji.<\/p>\n<p>Ju siguroj se \u00ebsht\u00eb 100 p\u00ebrqind korrekte dhe e past\u00ebr.<\/p>\n<p><strong>Marsi Korreshi, SYRI TV: Ju that\u00eb se nuk keni koh\u00eb t\u00eb mjaftueshme n\u00eb tre dit\u00ebt e mbetura p\u00ebr t\u00eb udh\u00ebtuar drejt SHBA, pasi k\u00ebtij q\u00ebndrimi t\u00eb DASH. Por gjithsesi, mendoni ju q\u00eb ky q\u00ebndrim do t\u00eb ket\u00eb nj\u00eb efekt zgjedhor, nj\u00eb ndikim pozitiv p\u00ebr PD, kur na ndajn\u00eb vet\u00ebm 3 dit\u00eb nga zgjedhjet e 11 majit.<\/strong><\/p>\n<p><strong>Sali Berisha:\u00a0<\/strong>Natyrisht nuk mund t\u00eb them se ky q\u00ebndrim i ri nuk mir\u00ebpritet nga qindra, mij\u00ebra shqiptar\u00eb. Sigurisht q\u00eb mir\u00ebpritet, t\u00eb cil\u00ebt m\u00eb besuan mua, q\u00eb ai ishte nj\u00eb akt politik, korruptiv. Por tani edhe ata pak q\u00eb mund t\u00eb ken\u00eb mbetur, ndaj dhe i ftoj ata un\u00eb q\u00eb t\u00eb gjith\u00eb, t\u00eb cil\u00ebt u shmang\u00ebn p\u00ebr nj\u00eb arsye apo duke patur qoft\u00eb dhe nj\u00eb dyshim t\u00eb vog\u00ebl se kishte di\u00e7ka t\u00eb v\u00ebrtet\u00eb aty, tani besoj se \u00ebsht\u00eb koha t\u00eb bashkohen dhe t\u00eb mos votojn\u00eb asnj\u00eb forc\u00eb tjet\u00ebr p\u00ebrve\u00e7 Partis\u00eb Demokratike.<\/p>\n<p>Partia Demokratike me k\u00ebt\u00eb vendim del se u nd\u00ebshkua p\u00ebr motive politike, u nd\u00ebshkua p\u00ebr motive politike n\u00eb lobimin e zi t\u00eb Edi Ram\u00ebs, Xhorxh Soros dhe t\u00eb tjer\u00eb.<\/p>\n<p>Ky \u00ebsht\u00eb nj\u00eb leht\u00ebsim, \u00ebsht\u00eb nj\u00eb thirrje p\u00ebr \u00e7do demokrate e demokrat, p\u00ebr \u00e7do opozitar, p\u00ebr \u00e7do shqiptar.<\/p>\n<p><strong>Andon Kello, AbcNews: Meqen\u00ebse Rama ka shpallur memorandumin e Ku\u00e7it dhe thot\u00eb se n\u00eb 11 maj do t\u00eb marr\u00eb 78 mandate e pakta, dhe 88 n\u00eb skenarin m\u00eb optimist. Po memorandumi i Sali Berish\u00ebs, sa mandate\u2026<\/strong><\/p>\n<p><strong>Sali Berisha:\u00a0<\/strong>Planet e Edi Ram\u00ebs jan\u00eb plane krejt\u00ebsisht qesharake. Edi Rama \u00ebsht\u00eb n\u00eb dit\u00ebt e fundit n\u00eb at\u00eb zyr\u00eb dhe i them q\u00eb, shqiptar\u00ebt t\u00eb kan\u00eb prer\u00eb bilet\u00ebn.<\/p>\n<p>T\u00eb pret McGonigali, mezi po t\u00eb pret, me t\u00eb cilin je i lidhur si siamez n\u00eb shtyll\u00eb vertebrore me t\u00eb.<\/p>\n","protected":false},"excerpt":{"rendered":"<p>Anisa Kadesha, RTSH: A e keni n\u00eb plan t\u00eb udh\u00ebtoni drejt SHBA-s\u00eb, meqen\u00ebse vendimi i DASH \u00ebsht\u00eb q\u00eb ju mund t\u00eb udh\u00ebtoni drejt k\u00ebtij vendi. Sali Berisha:\u00a0Un\u00eb vendimin e mora vesh mbr\u00ebm\u00eb, n\u00eb t\u00eb nj\u00ebjt\u00ebn koh\u00eb q\u00eb e mor\u00ebt vesh dhe ju. Nuk kisha ndonj\u00eb plan p\u00ebr udh\u00ebtim dhe natyrisht nuk mund t\u00eb them se &hellip;<\/p>\n","protected":false},"author":3,"featured_media":113326,"comment_status":"closed","ping_status":"closed","sticky":false,"template":"","format":"standard","meta":{"footnotes":""},"categories":[40],"tags":[],"class_list":["post-113325","post","type-post","status-publish","format-standard","has-post-thumbnail","","category-aktualitet"],"_links":{"self":[{"href":"https:\/\/rdnews.al\/index.php\/wp-json\/wp\/v2\/posts\/113325","targetHints":{"allow":["GET"]}}],"collection":[{"href":"https:\/\/rdnews.al\/index.php\/wp-json\/wp\/v2\/posts"}],"about":[{"href":"https:\/\/rdnews.al\/index.php\/wp-json\/wp\/v2\/types\/post"}],"author":[{"embeddable":true,"href":"https:\/\/rdnews.al\/index.php\/wp-json\/wp\/v2\/users\/3"}],"replies":[{"embeddable":true,"href":"https:\/\/rdnews.al\/index.php\/wp-json\/wp\/v2\/comments?post=113325"}],"version-history":[{"count":1,"href":"https:\/\/rdnews.al\/index.php\/wp-json\/wp\/v2\/posts\/113325\/revisions"}],"predecessor-version":[{"id":113327,"href":"https:\/\/rdnews.al\/index.php\/wp-json\/wp\/v2\/posts\/113325\/revisions\/113327"}],"wp:featuredmedia":[{"embeddable":true,"href":"https:\/\/rdnews.al\/index.php\/wp-json\/wp\/v2\/media\/113326"}],"wp:attachment":[{"href":"https:\/\/rdnews.al\/index.php\/wp-json\/wp\/v2\/media?parent=113325"}],"wp:term":[{"taxonomy":"category","embeddable":true,"href":"https:\/\/rdnews.al\/index.php\/wp-json\/wp\/v2\/categories?post=113325"},{"taxonomy":"post_tag","embeddable":true,"href":"https:\/\/rdnews.al\/index.php\/wp-json\/wp\/v2\/tags?post=113325"}],"curies":[{"name":"wp","href":"https:\/\/api.w.org\/{rel}","templated":true}]}}