{"id":113335,"date":"2025-05-08T15:58:45","date_gmt":"2025-05-08T15:58:45","guid":{"rendered":"https:\/\/rdnews.al\/?p=113335"},"modified":"2025-05-08T15:58:45","modified_gmt":"2025-05-08T15:58:45","slug":"terroristi-elektoral-tan-lepri-po-blen-vota-me-parate-e-ballukut-dhe-bekimin-e-policise-denoncimi-bardhit","status":"publish","type":"post","link":"https:\/\/rdnews.al\/index.php\/2025\/05\/08\/terroristi-elektoral-tan-lepri-po-blen-vota-me-parate-e-ballukut-dhe-bekimin-e-policise-denoncimi-bardhit\/","title":{"rendered":"Terroristi elektoral &#8216;Tan Lepri&#8217; po blen vota me parat\u00eb e Ballukut dhe bekimin e policis\u00eb! Denoncimi Bardhit"},"content":{"rendered":"<div id=\"rekl-49\">Drejtuesi politik i PD n\u00eb Qarkun e Fierit, Gazment Bardhi, ka ngritur akuza t\u00eb forta p\u00ebr situat\u00ebn zgjedhore n\u00eb k\u00ebt\u00eb qark, vet\u00ebm pak dit\u00eb para mbajtjes s\u00eb votimeve. N\u00eb nj\u00eb postim n\u00eb Facebook, Bardhi ka denoncuar ekzistenc\u00ebn e nj\u00eb personazhi t\u00eb quajtur \u201cTan Lepri\u201d, t\u00eb cilin e cil\u00ebson si terrorist elektoral q\u00eb l\u00ebviz i lir\u00eb n\u00eb Lushnje, Divjak\u00eb dhe Fier, me mb\u00ebshtetjen e ministres Belinda Balluku dhe mbrojtjen e Policis\u00eb s\u00eb Shtetit.<\/div>\n<div class=\"readmore-text-here\">\n<p>Sipas Bardhit, ky individ \u00ebsht\u00eb i p\u00ebrfshir\u00eb n\u00eb aktivitete t\u00eb paligjshme dhe p\u00ebrpiqet t\u00eb blej\u00eb vota\u201cme parat\u00eb e pista t\u00eb p\u00ebrfituara n\u00eb shkelje t\u00eb ligjit nga Belinda Balluku. Ai thekson se nuk do t\u00eb ket\u00eb asnj\u00eb amnisti p\u00ebr ata q\u00eb \u201cn\u00eb vitin 2025 mendojn\u00eb t\u00eb sh\u00ebrbejn\u00eb si kamikaz p\u00ebr t\u00eb hedhur n\u00eb er\u00eb zgjedhjet e lira dhe t\u00eb ndershme\u201d.<\/p>\n<p>Duke kritikuar pasivitetin e institucioneve ligjzbatuese, Bardhi shpreh keqardhjen q\u00eb edhe pse kan\u00eb mbetur vet\u00ebm tre dit\u00eb nga zgjedhjet, Prokuroria e Posa\u00e7me ende nuk ka nd\u00ebrmarr\u00eb veprime p\u00ebr hetimin e krimeve zgjedhore n\u00eb Fier. Ai k\u00ebrkon nd\u00ebrhyrje urgjente dhe nd\u00ebshkim n\u00eb koh\u00eb p\u00ebr t\u00eb gjith\u00eb personat e p\u00ebrfshir\u00eb n\u00eb manipulime zgjedhore, duke e konsideruar k\u00ebt\u00eb nj\u00eb domosdoshm\u00ebri p\u00ebr mbrojtjen e demokracis\u00eb dhe shtetit ligjor.<\/p>\n<p><strong>Postimi i Bardhit<\/strong><\/p>\n<p>Prej shum\u00eb koh\u00ebsh tashm\u00eb, n\u00eb disa zona n\u00eb Lushnje, Divjak\u00eb dhe Fier, l\u00ebviz me bekimin e Belinda Ballukut dhe n\u00ebn mbrojtjen e Policis\u00eb s\u00eb Shtetit, nj\u00eb personazh me emrin \u201cTan Lepri\u201d, q\u00eb mendon se me parat\u00eb e pista t\u00eb p\u00ebrfituara n\u00eb shkelje t\u00eb ligjit nga Belinda, do t\u00eb blej\u00eb dinjitetin e qytetar\u00ebve t\u00eb qarkut Fier.<\/p>\n<p>Ky personazh \u00ebsht\u00eb nj\u00eb terrorist elektoral dhe do t\u00eb trajtohet me gjith\u00eb forc\u00ebn e ligjit si i till\u00eb. Nuk ka p\u00ebr t\u2019u amnistuar askush q\u00eb mendon se n\u00eb vitin 2025 mund t\u00eb sh\u00ebrbej\u00eb si kamikaz p\u00ebr t\u00eb hedhur n\u00eb er\u00eb zgjedhjet e lira dhe t\u00eb ndershme.<\/p>\n<p>Shpreh keqardhjen e plot\u00eb q\u00eb edhe pse vet\u00ebm 3 dit\u00eb nga data e zgjedhjeve SPAK ende nuk ka gjetur koh\u00eb t\u00eb merret me krimet zgjedhore n\u00eb Fier, edhe pse ka nj\u00eb mal me p\u00ebrgjime, materiale e denoncime p\u00ebr secilin prej terrorist\u00ebve elektoral q\u00eb po vepron n\u00eb k\u00ebt\u00eb qark, p\u00ebrfshir\u00eb personazhin n\u00eb fjal\u00eb. \u00cbsht\u00eb urgjente q\u00eb kufinjt\u00eb e ligjit t\u00eb tregohen p\u00ebrpara zgjedhjeve, sepse nd\u00ebshkimi n\u00eb koh\u00eb \u00ebsht\u00eb jetik p\u00ebr demokracin\u00eb dhe shtetin ligjor.<\/p>\n<p><iframe loading=\"lazy\" src=\"https:\/\/www.facebook.com\/plugins\/post.php?href=https%3A%2F%2Fwww.facebook.com%2Fgazmentbardhi.al%2Fposts%2Fpfbid0iRrSoGFcgDFNDjQXNpMSuQgCkJNQvvdWVmZ4c5JFWNZsCzuBxcuuE94YU8ccxG6Yl&amp;show_text=true&amp;width=500\" width=\"500\" height=\"487\" frameborder=\"0\" scrolling=\"no\" allowfullscreen=\"allowfullscreen\" data-mce-fragment=\"1\"><\/iframe><\/p>\n<\/div>\n<div id=\"rekl-45\"><\/div>\n<div id=\"rekl-16\"><\/div>\n<div id=\"rekl-33\"><\/div>\n","protected":false},"excerpt":{"rendered":"<p>Drejtuesi politik i PD n\u00eb Qarkun e Fierit, Gazment Bardhi, ka ngritur akuza t\u00eb forta p\u00ebr situat\u00ebn zgjedhore n\u00eb k\u00ebt\u00eb qark, vet\u00ebm pak dit\u00eb para mbajtjes s\u00eb votimeve. N\u00eb nj\u00eb postim n\u00eb Facebook, Bardhi ka denoncuar ekzistenc\u00ebn e nj\u00eb personazhi t\u00eb quajtur \u201cTan Lepri\u201d, t\u00eb cilin e cil\u00ebson si terrorist elektoral q\u00eb l\u00ebviz i lir\u00eb &hellip;<\/p>\n","protected":false},"author":4,"featured_media":107931,"comment_status":"closed","ping_status":"closed","sticky":false,"template":"","format":"standard","meta":{"footnotes":""},"categories":[37],"tags":[],"class_list":["post-113335","post","type-post","status-publish","format-standard","has-post-thumbnail","","category-politike"],"_links":{"self":[{"href":"https:\/\/rdnews.al\/index.php\/wp-json\/wp\/v2\/posts\/113335","targetHints":{"allow":["GET"]}}],"collection":[{"href":"https:\/\/rdnews.al\/index.php\/wp-json\/wp\/v2\/posts"}],"about":[{"href":"https:\/\/rdnews.al\/index.php\/wp-json\/wp\/v2\/types\/post"}],"author":[{"embeddable":true,"href":"https:\/\/rdnews.al\/index.php\/wp-json\/wp\/v2\/users\/4"}],"replies":[{"embeddable":true,"href":"https:\/\/rdnews.al\/index.php\/wp-json\/wp\/v2\/comments?post=113335"}],"version-history":[{"count":1,"href":"https:\/\/rdnews.al\/index.php\/wp-json\/wp\/v2\/posts\/113335\/revisions"}],"predecessor-version":[{"id":113336,"href":"https:\/\/rdnews.al\/index.php\/wp-json\/wp\/v2\/posts\/113335\/revisions\/113336"}],"wp:featuredmedia":[{"embeddable":true,"href":"https:\/\/rdnews.al\/index.php\/wp-json\/wp\/v2\/media\/107931"}],"wp:attachment":[{"href":"https:\/\/rdnews.al\/index.php\/wp-json\/wp\/v2\/media?parent=113335"}],"wp:term":[{"taxonomy":"category","embeddable":true,"href":"https:\/\/rdnews.al\/index.php\/wp-json\/wp\/v2\/categories?post=113335"},{"taxonomy":"post_tag","embeddable":true,"href":"https:\/\/rdnews.al\/index.php\/wp-json\/wp\/v2\/tags?post=113335"}],"curies":[{"name":"wp","href":"https:\/\/api.w.org\/{rel}","templated":true}]}}