{"id":113338,"date":"2025-05-08T16:07:56","date_gmt":"2025-05-08T16:07:56","guid":{"rendered":"https:\/\/rdnews.al\/?p=113338"},"modified":"2025-05-08T16:19:04","modified_gmt":"2025-05-08T16:19:04","slug":"aeroporti-i-vlores-mund-te-shnderrohet-ne-nje-tragjedi-njerezore","status":"publish","type":"post","link":"https:\/\/rdnews.al\/index.php\/2025\/05\/08\/aeroporti-i-vlores-mund-te-shnderrohet-ne-nje-tragjedi-njerezore\/","title":{"rendered":"Aeroporti i Vlor\u00ebs mund t\u1ebd shnd\u00ebrrohet n\u00eb nj\u00eb tragjedi njer\u00ebzore"},"content":{"rendered":"<p><strong>Nga Beti NJUMA<\/strong><\/p>\n<p>29 dhjetor 2024. Nj\u00eb Boeing 737-800 i kompanis\u00eb low cost Jeju Air, q\u00eb\u00a0 fluturonte nga Bangkoku p\u00ebr n\u00eb Muan t\u00eb Kores\u00eb s\u00eb Jugut, u rr\u00ebzua gjat\u00eb uljes, duke vrar\u00eb 179 persona dhe duke plagosur 2 t\u00eb tjer\u00eb. Ajo q\u00eb n\u00eb fillim ishte vet\u00ebm nj\u00eb hipotez\u00eb p\u00ebr shkaqet e aksidentit nga nj\u00eb \u201cBIRD STRIKE\u201d apo nj\u00eb \u201cgoditjeje zogjsh\u201d, dometh\u00ebn\u00eb p\u00ebrplasja e nj\u00eb tufe shpend\u00ebsh me motor\u00ebt apo pjes\u00eb t\u00eb tjera t\u00eb avionit sot \u00ebsht\u00eb nj\u00eb siguri.<\/p>\n<p>Analizat e ADN-s\u00eb, puplat zogjve, njollat e gjakut dhe mbetjet e gjetura n\u00eb motor\u00ebt e aeroplanit Jeju Air i p\u00ebrkisnin ROS\u00cbS K\u00cbRRE t\u00eb Baikalit, nj\u00eb shpendi shtegtar q\u00eb fluturon n\u00eb dim\u00ebr nga vendet e shumimit n\u00eb Siberi drejt Kores\u00eb.<\/p>\n<p>P\u00ebrplasje katastrofike t\u00eb k\u00ebtij lloji nuk jan\u00eb t\u00eb pazakonta. Por ato kan\u00eb nisur t\u00eb shpeshtohen edhe p\u00ebr faktin se njer\u00ebzit nis\u00ebn t\u00eb pushtojn\u00eb hap\u00ebsira q\u00eb m\u00eb par\u00eb ishin pron\u00eb ekskluzive e zogjve, si n\u00eb rastin e zonave t\u00eb mbrojtura.<\/p>\n<p>Zakonisht t\u00eb tilla aksidente jan\u00eb fatkeq\u00ebsi por n\u00eb disa raste edhe pasoj\u00eb e vendime t\u00eb pap\u00ebrgjegjshme p\u00ebr t\u00eb nd\u00ebrtuar, aty ku natyra thot\u00eb JO! Si n\u00eb rastin e mrekullis\u00eb s\u00eb fundit infrastrukturore t\u00eb Rilindjes, Aeroportit t\u00eb Vlor\u00ebs q\u00eb gjoja u p\u00ebrurua sot. Ky Aeroport i jasht\u00ebligjsh\u00ebm, nd\u00ebrtimi i t\u00eb cilit nisi pa leje dhe meriton t\u00eb hetohet nga SPAK-u, prek zon\u00ebn Vjos\u00eb-Nart\u00eb q\u00eb sipas ligjit 81\/2017 kishte statusin \u201cPeizazh i Mbrojtur\u201d. Por kjo qeveri grabitqare e pronave publike dhe habitateve natyrore,\u00a0m\u00eb 26 n\u00ebntor 2022 vendosi ndryshimin e k\u00ebsaj sip\u00ebrfaqeje dhe krijimi i nj\u00eb zon\u00eb t\u00eb re, t\u00eb quajtur \u201cPeizazh i Mbrojtur Pish\u00eb Poro-Nart\u00eb\u201d, duke hequr nga zona e mbrojtur nj\u00eb territor prej 310 ha.<\/p>\n<p>Ky krim mjedisor q\u00eb tani ngjan bukur n\u00eb let\u00ebr, n\u00eb fjalimet propagandistike t\u00eb pushtetit n\u00eb fushat\u00eb dhe n\u00eb intervistat e banor\u00ebve injorant\u00eb me gjas\u00eb mund t\u1ebd shnd\u00ebrrohet n\u00eb nj\u00eb tragjedi njer\u00ebzore, (ndon\u00ebse nuk do ta uroja kurr\u00eb ), si ajo q\u00eb p\u00ebrmenda m\u00eb lart n\u00eb Koren\u00eb e Jugut. PO, sepse aeroporti i Vlor\u00ebs \u00ebsht\u00eb ngritur jasht\u00eb \u00e7do parametri mjedisor, duke shp\u00ebrfillur t\u00eb gjitha argumentet shkencore dhe z\u00ebrat kund\u00ebr, t\u00eb studiuesve, ornitolog\u00ebve dhe ekspert\u00ebve t\u00eb mjedisit.<\/p>\n<p>Laguna e Nart\u00ebs dhe zonat rreth saj, q\u00eb shtrihen n\u00eb nj\u00eb sip\u00ebrfaqe prej 19 mij\u00eb hektar\u00ebsh, zona m\u00eb t\u00eb madhe dhe e r\u00ebnd\u00ebsishme p\u00ebr ekosistemit e ligatinave jo vet\u00ebm n\u00eb Shqip\u00ebri, por n\u00eb t\u00eb gjith\u00eb zon\u00ebn e Mesdheut, \u00ebsht\u00eb hap\u00ebsira ky\u00e7e e biodiversitetit ku fluturojn\u00eb mbi 200 lloje shpend\u00ebsh, q\u00eb nga pelikani e flamengo dhe deri tek sqepbiza, kalor\u00ebsi apo pul\u00ebbardha\u00a0 e mesdheut. T\u00eb gjith\u00eb k\u00ebta ekspert\u00eb nga sot jan\u00eb SERIOZISHT T\u00cb SHQET\u00cbSUAR p\u00ebr k\u00ebt\u00eb situat\u00eb q\u00eb rrezikon shpend\u00ebt dhe biodiversitetin por mbi t\u00eb gjitha jet\u00ebn e pasagjer\u00ebve q\u00eb do t\u00eb fluturojn\u00eb n\u00eb mes t\u00eb k\u00ebsaj hap\u00ebsire.<\/p>\n<p>Mirjan Topi, ornitolog i njohur i pranish\u00ebm sot n\u00eb zon\u00eb p\u00ebr t\u00eb par\u00eb nga af\u00ebr sjelljen dhe reagimin e shpend\u00ebve gjat\u00eb zbritjes s\u00eb atij q\u00eb ishte nj\u00eb xhet privat dhe jo nj\u00eb avion linje i p\u00ebrmasave t\u00eb m\u00ebdha, m\u00eb tha se zhurmat nga ulja e avionit, edhe pse i p\u00ebrmasave shum\u00eb t\u00eb vogla shkaktuan ngritjen e menj\u00ebhershme dhe t\u00eb \u00e7oroditur n\u00eb aj\u00ebr t\u00eb shpend\u00ebve shtegtar\u00eb dhe rezident\u00eb t\u00eb zon\u00ebs.<\/p>\n<p>Flamingot dhe tufa t\u00eb m\u00ebdha t\u00eb pul\u00ebbardh\u00ebs s\u00eb mesdheut, me rreth 800 individ\u00eb reaguan keq dhe t\u00eb frik\u00ebsuara duke u ngritur n\u00eb fluturim n\u00eb m\u00ebnyr\u00eb t\u00eb \u00e7rregullt af\u00ebr perimetrit t\u00eb aeroportit.<br \/>\nEdhe avioni sipas Topit u rrotullua disa her\u00eb n\u00eb aj\u00ebr para se t\u00eb ulej, sepse nga fluturimet e pakontrolluara t\u00eb shpend\u00ebve\u00a0 ekzistonte dhe rreziku i perplasjes me to.<\/p>\n<p>Sigurisht, tani qeveria dhe kryeministri Edi Rama kan\u00eb nevoja emergjente votash dhe jo largpam\u00ebsin\u00eb p\u00ebr pasojat katastrofike p\u00ebr sigurin\u00eb ajrore apo largqoft\u00eb mbrojtjen e habitatit natyror t\u00eb Lagun\u00ebs dhe shpend\u00ebve t\u00eb saj.<\/p>\n<p>E n\u00ebse Aeroporti i Kuk\u00ebsit falimentoi nga drit\u00ebshkurt\u00ebsia e ideatorit t\u00eb saj, uroj me shpirt q\u00eb ky i Vlor\u00ebs t\u00eb d\u00ebshtoj\u00eb nga p\u00ebrgjegjshm\u00ebria e kompanive ajrore serioze q\u00eb nuk do t\u00eb nd\u00ebrmarrin aventura t\u00eb rrezikshme me kosto njer\u00ebzore n\u00eb habitate t\u00eb shenjta si ai i Nart\u00ebs, ku \u201cpronar\u00ebt\u201d e ajrit dhe tok\u00ebs i cakton natyra dhe jo qeveria me klient\u00ebt e saj!<\/p>\n","protected":false},"excerpt":{"rendered":"<p>Nga Beti NJUMA 29 dhjetor 2024. Nj\u00eb Boeing 737-800 i kompanis\u00eb low cost Jeju Air, q\u00eb\u00a0 fluturonte nga Bangkoku p\u00ebr n\u00eb Muan t\u00eb Kores\u00eb s\u00eb Jugut, u rr\u00ebzua gjat\u00eb uljes, duke vrar\u00eb 179 persona dhe duke plagosur 2 t\u00eb tjer\u00eb. Ajo q\u00eb n\u00eb fillim ishte vet\u00ebm nj\u00eb hipotez\u00eb p\u00ebr shkaqet e aksidentit nga nj\u00eb \u201cBIRD &hellip;<\/p>\n","protected":false},"author":4,"featured_media":113343,"comment_status":"closed","ping_status":"closed","sticky":false,"template":"","format":"standard","meta":{"footnotes":""},"categories":[44],"tags":[],"class_list":["post-113338","post","type-post","status-publish","format-standard","has-post-thumbnail","","category-editorial"],"_links":{"self":[{"href":"https:\/\/rdnews.al\/index.php\/wp-json\/wp\/v2\/posts\/113338","targetHints":{"allow":["GET"]}}],"collection":[{"href":"https:\/\/rdnews.al\/index.php\/wp-json\/wp\/v2\/posts"}],"about":[{"href":"https:\/\/rdnews.al\/index.php\/wp-json\/wp\/v2\/types\/post"}],"author":[{"embeddable":true,"href":"https:\/\/rdnews.al\/index.php\/wp-json\/wp\/v2\/users\/4"}],"replies":[{"embeddable":true,"href":"https:\/\/rdnews.al\/index.php\/wp-json\/wp\/v2\/comments?post=113338"}],"version-history":[{"count":1,"href":"https:\/\/rdnews.al\/index.php\/wp-json\/wp\/v2\/posts\/113338\/revisions"}],"predecessor-version":[{"id":113340,"href":"https:\/\/rdnews.al\/index.php\/wp-json\/wp\/v2\/posts\/113338\/revisions\/113340"}],"wp:featuredmedia":[{"embeddable":true,"href":"https:\/\/rdnews.al\/index.php\/wp-json\/wp\/v2\/media\/113343"}],"wp:attachment":[{"href":"https:\/\/rdnews.al\/index.php\/wp-json\/wp\/v2\/media?parent=113338"}],"wp:term":[{"taxonomy":"category","embeddable":true,"href":"https:\/\/rdnews.al\/index.php\/wp-json\/wp\/v2\/categories?post=113338"},{"taxonomy":"post_tag","embeddable":true,"href":"https:\/\/rdnews.al\/index.php\/wp-json\/wp\/v2\/tags?post=113338"}],"curies":[{"name":"wp","href":"https:\/\/api.w.org\/{rel}","templated":true}]}}