{"id":113354,"date":"2025-05-08T17:44:04","date_gmt":"2025-05-08T17:44:04","guid":{"rendered":"https:\/\/rdnews.al\/?p=113354"},"modified":"2025-05-08T17:44:24","modified_gmt":"2025-05-08T17:44:24","slug":"susan-wiles-feston-ditelindjen-chris-lacivita-dhe-berisha-urojne-nga-shkodra-shefen-e-kabinetit-te-trump","status":"publish","type":"post","link":"https:\/\/rdnews.al\/index.php\/2025\/05\/08\/susan-wiles-feston-ditelindjen-chris-lacivita-dhe-berisha-urojne-nga-shkodra-shefen-e-kabinetit-te-trump\/","title":{"rendered":"Susan Wiles feston dit\u00eblindjen, LaCivita dhe Berisha urojn\u00eb nga Shkodra shefen e kabinetit t\u00eb Trump"},"content":{"rendered":"<p>Gjat\u00eb fjal\u00ebs s\u00eb mbajtur n\u00eb Shkodr\u00eb, kreu i PD, Sali Berisha ka uruar edhe dit\u00eblindjen e Susan Wiles, shefes s\u00eb kabinetit t\u00eb presidentit, Donald Trump.<\/p>\n<p>Berisha tha, le t\u00eb bashkohemi ne me mikun ton\u00eb Chris LaCivita p\u00ebr t\u2019i uruar asaj dhe 120 vjet, si\u00e7 thot\u00eb urimi yn\u00eb tradicional, vite plot sh\u00ebndet dhe suksese.<\/p>\n<p>\u201cPor miq, k\u00ebtu bashk\u00ebkryestrategu i rikthimit m\u00eb t\u00eb madh n\u00eb historin\u00eb e njer\u00ebzimit, rikthimit t\u00eb presidentit Donald Trump n\u00eb Sht\u00ebpin\u00eb e Bardh\u00eb se na njoftoi se bashk\u00ebarkitektja e k\u00ebtij rikthimit t\u00eb jasht\u00ebzakonsh\u00ebm, aktualisht shefe e kabinetit n\u00eb Sht\u00ebpin\u00eb e bardh\u00eb, zonja e nderuar Susan Wiles ka dit\u00ebilindjen.<\/p>\n<p>Le t\u00eb bashkohemi ne,<a href=\"https:\/\/www.syri.net\/politike\/786558\/chris-lacivita-nga-shkodra-shba-te-kane-besim-tek-dr-berisha-tani-ka-ardhur-koha-te-rrezoni-edi-ramen\/\" target=\"_blank\" rel=\"noopener\">\u00a0me mikun ton\u00eb Chris LaCivita p\u00ebr t\u2019i uruar asaj dhe 120 vjet<\/a>, si\u00e7 thot\u00eb urimi yn\u00eb tradicional, vite plot sh\u00ebndet dhe suksese\u201d, tha Berisha.<\/p>\n","protected":false},"excerpt":{"rendered":"<p>Gjat\u00eb fjal\u00ebs s\u00eb mbajtur n\u00eb Shkodr\u00eb, kreu i PD, Sali Berisha ka uruar edhe dit\u00eblindjen e Susan Wiles, shefes s\u00eb kabinetit t\u00eb presidentit, Donald Trump. Berisha tha, le t\u00eb bashkohemi ne me mikun ton\u00eb Chris LaCivita p\u00ebr t\u2019i uruar asaj dhe 120 vjet, si\u00e7 thot\u00eb urimi yn\u00eb tradicional, vite plot sh\u00ebndet dhe suksese. \u201cPor miq, &hellip;<\/p>\n","protected":false},"author":4,"featured_media":113355,"comment_status":"closed","ping_status":"closed","sticky":false,"template":"","format":"standard","meta":{"footnotes":""},"categories":[37],"tags":[],"class_list":["post-113354","post","type-post","status-publish","format-standard","has-post-thumbnail","","category-politike"],"_links":{"self":[{"href":"https:\/\/rdnews.al\/index.php\/wp-json\/wp\/v2\/posts\/113354","targetHints":{"allow":["GET"]}}],"collection":[{"href":"https:\/\/rdnews.al\/index.php\/wp-json\/wp\/v2\/posts"}],"about":[{"href":"https:\/\/rdnews.al\/index.php\/wp-json\/wp\/v2\/types\/post"}],"author":[{"embeddable":true,"href":"https:\/\/rdnews.al\/index.php\/wp-json\/wp\/v2\/users\/4"}],"replies":[{"embeddable":true,"href":"https:\/\/rdnews.al\/index.php\/wp-json\/wp\/v2\/comments?post=113354"}],"version-history":[{"count":2,"href":"https:\/\/rdnews.al\/index.php\/wp-json\/wp\/v2\/posts\/113354\/revisions"}],"predecessor-version":[{"id":113357,"href":"https:\/\/rdnews.al\/index.php\/wp-json\/wp\/v2\/posts\/113354\/revisions\/113357"}],"wp:featuredmedia":[{"embeddable":true,"href":"https:\/\/rdnews.al\/index.php\/wp-json\/wp\/v2\/media\/113355"}],"wp:attachment":[{"href":"https:\/\/rdnews.al\/index.php\/wp-json\/wp\/v2\/media?parent=113354"}],"wp:term":[{"taxonomy":"category","embeddable":true,"href":"https:\/\/rdnews.al\/index.php\/wp-json\/wp\/v2\/categories?post=113354"},{"taxonomy":"post_tag","embeddable":true,"href":"https:\/\/rdnews.al\/index.php\/wp-json\/wp\/v2\/tags?post=113354"}],"curies":[{"name":"wp","href":"https:\/\/api.w.org\/{rel}","templated":true}]}}