{"id":113358,"date":"2025-05-08T17:50:07","date_gmt":"2025-05-08T17:50:07","guid":{"rendered":"https:\/\/rdnews.al\/?p=113358"},"modified":"2025-05-08T17:50:07","modified_gmt":"2025-05-08T17:50:07","slug":"berisha-rama-erdhi-me-nje-thes-me-rrena-dhe-mendoi-se-mund-te-rreje-shkodranet-fyerjet-e-tij-i-perdor-maduro-i-venezueles","status":"publish","type":"post","link":"https:\/\/rdnews.al\/index.php\/2025\/05\/08\/berisha-rama-erdhi-me-nje-thes-me-rrena-dhe-mendoi-se-mund-te-rreje-shkodranet-fyerjet-e-tij-i-perdor-maduro-i-venezueles\/","title":{"rendered":"Berisha: Rama erdhi me nj\u00eb thes me rrena dhe mendoi se mund t\u00eb rrej\u00eb shkodran\u00ebt! Fyerjet e tij i p\u00ebrdor Maduro i Venezuel\u00ebs"},"content":{"rendered":"<p>Kryetari i Partis\u00eb Demokratike, Sali Berisha duke folur para mij\u00ebra shkodran\u00ebve t\u00eb mbledhur n\u00eb sheshin e qytetit, sulmoi Edi Ram\u00ebn p\u00ebr takimin e k\u00ebtij t\u00eb fundit n\u00eb Shkod\u00ebr.<\/p>\n<p>Berisha tha se, Edi Rama erdhi me nj\u00eb thes me rrena dhe mendoi se mund t\u00eb rrej\u00eb shkodran\u00ebt! Fyerjet e tij i p\u00ebrdor Maduro i Venezuel\u00ebs.<\/p>\n<p>\u201cT\u00eb dashur qytetare dhe qytetar\u00eb t\u00eb Shkodr\u00ebs, m\u00eb pak se tre dit\u00eb na ndajn\u00eb nga nj\u00eb dit\u00eb e madhe, nga nj\u00eb dit\u00eb q\u00eb ndan historin\u00eb ton\u00eb.<\/p>\n<p>Nga nj\u00eb dit\u00eb, n\u00eb t\u00eb cil\u00ebn Shkodra, qytetar\u00ebt e saj, do t\u00eb jen\u00eb n\u00eb or\u00ebn m\u00eb t\u00eb bukur t\u00eb jet\u00ebs s\u00eb tyre.<\/p>\n<p>Do t\u00eb jen\u00eb n\u00eb or\u00ebn e liris\u00eb s\u00eb tyre, n\u00eb or\u00ebn e dinjitetit t\u00eb tyre, n\u00eb or\u00ebn e fitores s\u00eb tyre.<\/p>\n<p>Un\u00eb kam bindjen se 11 Maji \u00ebsht\u00eb para s\u00eb gjithash dita e shpirtit liridash\u00ebs t\u00eb k\u00ebtij qyteti t\u00eb mrekulluesh\u00ebm.<\/p>\n<p>\u00cbsht\u00eb dita n\u00eb t\u00eb cil\u00ebn shkodran\u00ebt, q\u00eb kan\u00eb ruajtur m\u00eb shum\u00eb se kushdo tjet\u00ebr, idealin e liris\u00eb, q\u00eb kan\u00eb ruajtur dinjitetin e tyre n\u00eb koh\u00ebrat m\u00eb t\u00eb v\u00ebshtira, m\u00eb 11 Maj do firmosin nj\u00eb kapitull t\u00eb ri n\u00eb historin\u00eb e Shkodr\u00ebs dhe Shqip\u00ebris\u00eb.<\/p>\n<p>Do t\u00eb ndahen me nj\u00eb diktatur\u00eb, t\u00eb cil\u00ebn Europa n\u00eb shekuj dhe mij\u00ebvje\u00e7ar\u00eb nuk e ka njohur.<\/p>\n<p>Europa ka njohur t\u00eb gjitha llojet e diktaturave, por jo kurr\u00eb narkodiktatur\u00ebn.<\/p>\n<p>Narkodiktatura e vendosur k\u00ebto 12 vite ishte form\u00eb mizore, e pashpres\u00eb, form\u00eb e eg\u00ebr si \u00e7do diktatur\u00eb tjet\u00ebr, por kjo zbrazi, boshatisi Shkodr\u00ebn dhe Shqip\u00ebrin\u00eb m\u00eb shum\u00eb se \u00e7do luft\u00eb, m\u00eb shum\u00eb se \u00e7do mynxyr\u00eb, m\u00eb shum\u00eb se \u00e7do epidemi.<\/p>\n<p>Kjo diktatur\u00eb, nj\u00eblloj si ajo tjetra q\u00eb kaluam, vot\u00ebn tuaj, vullnetin e njer\u00ebzve t\u00eb lir\u00eb, e dhunoi dhe e dominoi me krimin, me drog\u00ebn, me parat\u00eb e helmit.<\/p>\n<p>Kjo diktatur\u00eb p\u00ebr 12 vite me radh\u00eb b\u00ebri pensionist\u00ebt shqiptar\u00eb t\u00eb vuajn\u00eb \u00e7do vit e m\u00eb shum\u00eb.<\/p>\n<p>Rrog\u00ebtar\u00ebt shqiptar\u00eb t\u00eb vuajn\u00eb \u00e7do vit e m\u00eb shum\u00eb.<\/p>\n<p>Kjo diktatur\u00eb b\u00ebri q\u00eb mij\u00ebra nd\u00ebrmarrje t\u00eb falimentojn\u00eb, mij\u00ebra ferma t\u00eb falimentojn\u00eb.<\/p>\n<p>B\u00ebri q\u00eb sofra t\u00eb mos ket\u00eb m\u00eb pjata p\u00ebr \u00ebt gjith\u00eb an\u00ebtar\u00ebt e sht\u00ebpis\u00eb dhe q\u00eb t\u00eb detyrohen prind\u00ebrit, gjysh\u00ebrit t\u2019u thon\u00eb t\u00eb rinjve, shkoni, merrni rrug\u00ebt e bot\u00ebs, pa\u00e7i fatin tuaj.<\/p>\n<p>Miq, qytetar\u00eb t\u00eb men\u00e7ur t\u00eb Shkodr\u00ebs, atdhetar\u00eb t\u00eb flakt\u00eb si\u00e7 jeni, imagjinoni nj\u00eb moment ku kemi arritur.<\/p>\n<p>U b\u00ebj thirrje ju, mendoni p\u00ebr nj\u00eb moment ku na \u00e7oi n\u00eb 12 vite ky regjim.<\/p>\n<p>Sot ne jemi kombi me lindshm\u00ebrin\u00eb m\u00eb t\u00eb ul\u00ebt n\u00eb bot\u00eb.<\/p>\n<p>Sot p\u00ebr shkak t\u00eb emigracionit ne jemi vendi me lindshm\u00ebrin\u00eb m\u00eb t\u00eb ul\u00ebt n\u00eb bot\u00eb sepse n\u00eb 10 vite p\u00ebrzuri nga Shkodra dhe Shqip\u00ebria, vet\u00ebm t\u00eb ri 620 mij\u00eb t\u00eb rinj.<\/p>\n<p>Nj\u00eb sht\u00ebpi pa djep, edhe e florinjt\u00eb po t\u00eb jet\u00eb, \u00ebsht\u00eb nj\u00eb sht\u00ebpi q\u00eb mbyllet, nj\u00eb sht\u00ebpi pa zot, nj\u00eb sht\u00ebpi muze dhe asgj\u00eb m\u00eb shum\u00eb.<\/p>\n<p>Qytetar\u00eb dhe qytetare t\u00eb Shkodr\u00ebs, historia na m\u00ebson se kombet edhe t\u00eb fuqishme, se shtete edhe t\u00eb fuqishme, edhe perandori t\u00eb fuqishme jan\u00eb zhdukur.<\/p>\n<p>Ndaj dhe sot jemi para k\u00ebsaj p\u00ebrgjegj\u00ebsie t\u00eb madhe, do t\u00eb l\u00ebm\u00eb ne k\u00ebt\u00eb komb t\u00eb rrokulliset n\u00eb gremin\u00ebn e historis\u00eb apo do t\u2019i dalim zot?<\/p>\n<p>Kurr\u00ebn e kurr\u00ebs nuk mund ta l\u00ebm\u00eb far\u00ebn ton\u00eb t\u00eb shuhet.<\/p>\n<p>Fara jon\u00eb nuk shuhet kurr\u00eb.<\/p>\n<p>A \u00ebsht\u00eb 11 Maji pra nj\u00eb vot\u00eb p\u00ebr t\u00eb ndalur k\u00ebt\u00eb rrokullisje t\u00eb madhe?<\/p>\n<p>A \u00ebsht\u00eb 11 Maji nj\u00eb vot\u00eb p\u00ebr nj\u00eb epok\u00eb t\u00eb re p\u00ebr Shqip\u00ebrin\u00eb?<\/p>\n<p>Miqt\u00eb e mi, u ndala vet\u00ebm n\u00eb k\u00ebt\u00eb aspekt, po \u00e7far\u00eb i shtyn t\u00eb rinjt\u00eb tan\u00eb t\u00eb marrin rrug\u00ebt e dheut n\u00eb nj\u00eb koh\u00eb kur Shkodra \u00ebsht\u00eb vendi i pasurive p\u00ebrrallore?<\/p>\n<p>Shum\u00eb zor t\u00eb gjesh nj\u00eb vend tjet\u00ebr t\u00eb ket\u00eb nj\u00eb det fantastik dhe alpet madh\u00ebshtore n\u00eb nj\u00eb shikim.<\/p>\n<p>Shum\u00eb zor t\u00eb gjesh nj\u00eb qytet me nj\u00eb liqen kaq t\u00eb bukur dhe kaq t\u00eb madh.<\/p>\n<p>Shum\u00eb zor t\u00eb gjesh nj\u00eb tok\u00eb si\u00e7 \u00ebsht\u00eb N\u00ebnshkodra, Misir e kaluar Misirit, tok\u00eb nd\u00ebr m\u00eb pjelloret.<\/p>\n<p>Shum\u00eb zor t\u00eb gjesh kanionet, liqenet e mrekulluesh\u00ebm t\u00eb Vaut t\u00eb Dej\u00ebs dhe Komanit.<\/p>\n<p>Miq, askund nuk mund t\u00eb gjesh njer\u00ebz q\u00eb e njohin, e nd\u00ebrtojn\u00eb dhe e shijojn\u00eb jet\u00ebn m\u00eb bukur se shkodran\u00ebt. Njer\u00ebz pun\u00ebtor\u00eb.<\/p>\n<p>At\u00ebher\u00eb miq, \u00e7far\u00eb kan\u00eb q\u00eb ikin e ikin shkodran\u00ebt?<\/p>\n<p>Ikin e ikin sepse kemi nj\u00eb regjim t\u00eb pashpirt.<\/p>\n<p>Sepse ky regjim pensionist\u00ebt, q\u00eb kishin nj\u00eb pension prej 142 mij\u00eb lek\u00eb n\u00eb vitin 2013, por q\u00eb ishte pensioni m\u00eb i lart\u00eb n\u00eb rajon, i la sot t\u00eb fundit n\u00eb rajon dhe malazezi q\u00eb merrte 138 mij\u00eb lek\u00eb, merr sot 450 mij\u00eb lek\u00eb.<\/p>\n<p>Sepse rumuni q\u00eb merrte 164 euro rrog\u00ebn minimale n\u00eb koh\u00ebn kur shqiptari e kishte 220 euro, sot merr 800 euro.<\/p>\n<p>Po pse k\u00ebto? Sepse \u00e7do qeveri, taksat q\u00eb u merr qytetar\u00ebve, n\u00eb radh\u00eb t\u00eb par\u00eb ua kthen qytetar\u00ebve. Ua kthen n\u00eb pensione, ua kthen n\u00eb rroga, ila\u00e7e, shkolla, asfaltime, uj\u00ebsjell\u00ebsa, kanalizime.<\/p>\n<p>Ku jan\u00eb?<\/p>\n<p>Erdhi k\u00ebtu &#8230; do t\u2019u them nj\u00eb gj\u00eb, sikur 12 vjet pushtim i huaj t\u00eb kishte pasur Shkodra dhe pushtuesi t\u00eb vinte k\u00ebtu, kurr\u00eb nuk do i lejonte vetes t\u00eb thoshte se un\u00eb kam investuar n\u00eb Shkod\u00ebr 1 miliard\u00eb e 300 milion\u00eb euro.<\/p>\n<p>Mashtrues i neveritsh\u00ebm. I turpsh\u00ebm.<\/p>\n<p>Ai n\u00eb Shkod\u00ebr n\u00eb 12 vite asnj\u00eb projekt t\u00eb ri, q\u00eb t\u00eb gjitha vazhdim i projekteve n\u00eb p\u00ebrfundim e sip\u00ebr t\u00eb m\u00ebparshme.<\/p>\n<p>Miq, pra erdhi me nj\u00eb thes me rrena dhe mendoi se mund t\u00eb rrej\u00eb shkodran\u00ebt.<\/p>\n<p>U soll tet\u00eb muaj n\u00eb fushat\u00eb nga takimi n\u00eb takim duke b\u00ebr\u00eb zhonglerin, duke b\u00ebr\u00eb hokatarin, duke b\u00ebr\u00eb analistin dhe t\u00eb vetmen q\u00eb b\u00ebri, nuk dha kurr\u00eb shpjegim se ku shkuan 130 milion\u00eb euro, baras me 812 mij\u00eb pensione t\u00eb djeg\u00ebsit t\u00eb Tiran\u00ebs.<\/p>\n<p>Ku shkuan ato?<\/p>\n<p>Ku shkuan 90 p\u00ebrqind e fondeve q\u00eb p\u00ebrdoren p\u00ebr rrug\u00eb?<\/p>\n<p>Ku shkuan fondet q\u00eb nd\u00ebrtojn\u00eb shkollat me 10-fishin e BE?<\/p>\n<p>Ku shkuan, kush i mori? Miq, k\u00ebto i mori qeveria. Dhe i mori nga pensionet tuaja, nga rrogat tuaja.<\/p>\n<p>Dhe duhet ta dij\u00eb \u00e7do shqiptar se n\u00ebse pensionet mbet\u00ebn ato dhe n\u00eb Mal t\u00eb Zi u trefishuan, k\u00ebtu parat\u00eb e pensioneve u vun\u00eb n\u00eb rrug\u00eb p\u00ebr t\u2019u vjedhur.<\/p>\n<p>Dhe ky njeri, q\u00eb nd\u00ebrton saraje dy her\u00eb m\u00eb t\u00eb m\u00ebdha se Enver Hoxha, me nj\u00eb kopsht 4 her\u00eb m\u00eb t\u00eb madh, ky njeri tani b\u00ebn fjal\u00eb p\u00ebr \u00e7yryk\u00eb, p\u00ebr autik\u00eb, nuk i v\u00eb asnj\u00eb fre goj\u00ebs s\u00eb tij, duke fyer n\u00eb k\u00ebt\u00eb m\u00ebnyr\u00eb f\u00ebmij\u00eb, duke fyer n\u00eb nj\u00eb akt se at\u00eb e ka b\u00ebr\u00eb vet\u00ebm Maduro, diktatori i Venezuel\u00ebs e ka n\u00eb fjalim t\u00eb nj\u00ebjtin term.<\/p>\n<p>Dhe Adolf Hitleri i cili kishte dekretin e eugjenik\u00ebs p\u00ebr f\u00ebmij\u00eb me t\u00eb meta, raca arjane thoshte nuk i priste\u201d, u shpreh Berisha.<\/p>\n","protected":false},"excerpt":{"rendered":"<p>Kryetari i Partis\u00eb Demokratike, Sali Berisha duke folur para mij\u00ebra shkodran\u00ebve t\u00eb mbledhur n\u00eb sheshin e qytetit, sulmoi Edi Ram\u00ebn p\u00ebr takimin e k\u00ebtij t\u00eb fundit n\u00eb Shkod\u00ebr. Berisha tha se, Edi Rama erdhi me nj\u00eb thes me rrena dhe mendoi se mund t\u00eb rrej\u00eb shkodran\u00ebt! Fyerjet e tij i p\u00ebrdor Maduro i Venezuel\u00ebs. \u201cT\u00eb &hellip;<\/p>\n","protected":false},"author":4,"featured_media":113359,"comment_status":"closed","ping_status":"closed","sticky":false,"template":"","format":"standard","meta":{"footnotes":""},"categories":[37],"tags":[],"class_list":["post-113358","post","type-post","status-publish","format-standard","has-post-thumbnail","","category-politike"],"_links":{"self":[{"href":"https:\/\/rdnews.al\/index.php\/wp-json\/wp\/v2\/posts\/113358","targetHints":{"allow":["GET"]}}],"collection":[{"href":"https:\/\/rdnews.al\/index.php\/wp-json\/wp\/v2\/posts"}],"about":[{"href":"https:\/\/rdnews.al\/index.php\/wp-json\/wp\/v2\/types\/post"}],"author":[{"embeddable":true,"href":"https:\/\/rdnews.al\/index.php\/wp-json\/wp\/v2\/users\/4"}],"replies":[{"embeddable":true,"href":"https:\/\/rdnews.al\/index.php\/wp-json\/wp\/v2\/comments?post=113358"}],"version-history":[{"count":1,"href":"https:\/\/rdnews.al\/index.php\/wp-json\/wp\/v2\/posts\/113358\/revisions"}],"predecessor-version":[{"id":113360,"href":"https:\/\/rdnews.al\/index.php\/wp-json\/wp\/v2\/posts\/113358\/revisions\/113360"}],"wp:featuredmedia":[{"embeddable":true,"href":"https:\/\/rdnews.al\/index.php\/wp-json\/wp\/v2\/media\/113359"}],"wp:attachment":[{"href":"https:\/\/rdnews.al\/index.php\/wp-json\/wp\/v2\/media?parent=113358"}],"wp:term":[{"taxonomy":"category","embeddable":true,"href":"https:\/\/rdnews.al\/index.php\/wp-json\/wp\/v2\/categories?post=113358"},{"taxonomy":"post_tag","embeddable":true,"href":"https:\/\/rdnews.al\/index.php\/wp-json\/wp\/v2\/tags?post=113358"}],"curies":[{"name":"wp","href":"https:\/\/api.w.org\/{rel}","templated":true}]}}