{"id":113364,"date":"2025-05-08T18:02:11","date_gmt":"2025-05-08T18:02:11","guid":{"rendered":"https:\/\/rdnews.al\/?p=113364"},"modified":"2025-05-08T18:02:11","modified_gmt":"2025-05-08T18:02:11","slug":"kisha-katolike-e-shkodres-pershendet-emerimin-e-papes-se-ri","status":"publish","type":"post","link":"https:\/\/rdnews.al\/index.php\/2025\/05\/08\/kisha-katolike-e-shkodres-pershendet-emerimin-e-papes-se-ri\/","title":{"rendered":"Kisha Katolike e Shkodr\u00ebs p\u00ebrsh\u00ebndet em\u00ebrimin e Pap\u00ebs s\u00eb Ri"},"content":{"rendered":"<div id=\"rekl-30\">\n<div id=\"__sap-ad-764\" class=\"__sap-ads __sap-image inline tracked\" data-title=\"Jorida Tabaku DESKTOP BL\"><\/div>\n<\/div>\n<div id=\"rekl-49\">Kisha Katolike e Shkodr\u00ebs ka p\u00ebrsh\u00ebndetur em\u00ebrimin e Pap\u00ebs s\u00eb Ri, Leoni i XVI, duke e cil\u00ebsuar at\u00eb si nj\u00eb baritor i denj\u00eb i katolicizmit dhe krisht\u00ebrimit n\u00eb mbar\u00eb bot\u00ebn.<\/div>\n<div class=\"readmore-text-here\">\n<p>N\u00eb nj\u00eb postim n\u00eb Facebook Kisha ka p\u00ebrshkruar rrug\u00ebtimin e tij si misionar n\u00eb Kish\u00ebn Katolike.<\/p>\n<p>\u201cKardinali Robert Francis Prevost, O.S.A., Prefekt i Dikasterit p\u00ebr Ipeshkvijt\u00eb dhe Kryepeshkop-ipeshk\u00ebv emeritus i Chiclayo-s, ka lindur m\u00eb 14 shtator 1955 n\u00eb \u00c7ikago (Illinois, Shtetet e Bashkuara t\u00eb Amerik\u00ebs). N\u00eb vitin 1977 ai hyri n\u00eb noviciatin e Urdhrit t\u00eb Sh\u00ebn Augustinit (O.S.A.) n\u00eb provinc\u00ebn e Zoj\u00ebs s\u00eb K\u00ebshillit t\u00eb Mir\u00eb, n\u00eb Sh\u00ebn Luis. M\u00eb 29 gusht 1981 dha kushtet solemne. Studioi n\u00eb Bashk\u00ebsin\u00eb Teologjike Katolike t\u00eb \u00c7ikagos, ku mori nj\u00eb diplom\u00eb n\u00eb teologji.<\/p>\n<p>N\u00eb mosh\u00ebn 27-vje\u00e7are, Urdhri e d\u00ebrgoi n\u00eb Rom\u00eb p\u00ebr t\u00eb studiuar t\u00eb drejt\u00ebn kanonike n\u00eb Universitetin Papnor t\u00eb Sh\u00ebn Tom\u00ebs s\u00eb Akuinit (Angelicum). U shugurua meshtar m\u00eb 19 qershor 1982. N\u00eb vitin 1984 mori licenc\u00ebn dhe m\u00eb pas u d\u00ebrgua t\u00eb punonte n\u00eb misionin e Chulucanas, n\u00eb Piura t\u00eb Perus\u00eb (1985\u20131986). N\u00eb vitin 1987 fitoi doktoratur\u00ebn me tez\u00ebn: \u201cRoli i priorit vendor n\u00eb Urdhrin e Sh\u00ebn Augustinit\u201d. N\u00eb t\u00eb nj\u00ebjtin vit u zgjodh drejtor p\u00ebr thirrjet dhe drejtor i misioneve t\u00eb provinc\u00ebs augustiniane \u201cN\u00ebna e K\u00ebshillit t\u00eb Mir\u00eb\u201d n\u00eb Olympia Fields, Illinois, SHBA.<\/p>\n<p>N\u00eb vitin 1988 u d\u00ebrgua n\u00eb misionin e Trujillos si drejtor i projektit t\u00eb p\u00ebrbashk\u00ebt t\u00eb formimit p\u00ebr kandidat\u00ebt augustinian\u00eb n\u00eb Vikariatet e Chulucanas, Iquitos dhe Apur\u00edmac. Aty sh\u00ebrbeu si prior komuniteti (1988\u20131992), drejtor i formimit (1988\u20131998) dhe m\u00ebsues i t\u00eb profesuarve (1992\u20131998). N\u00eb kryedioqez\u00ebn e Trujillos sh\u00ebrbeu si vikar gjyq\u00ebsor (1989\u20131998) dhe si profesor i t\u00eb drejt\u00ebs kanonike, patristike dhe morale n\u00eb Seminarin e Madh &#8216;San Carlos e San Marcelo&#8217;. N\u00eb vitin 1999 u zgjodh prior provincial i provinc\u00ebs \u201cN\u00ebna e K\u00ebshillit t\u00eb Mir\u00eb\u201d, \u00c7ikago. Pas dy vjet\u00ebsh e gjysm\u00eb, Kapitulli i p\u00ebrgjithsh\u00ebm ordinar e zgjodhi prior t\u00eb p\u00ebrgjithsh\u00ebm, sh\u00ebrbes\u00eb q\u00eb iu besua s\u00ebrish n\u00eb Kapitullin e p\u00ebrgjithsh\u00ebm ordinar t\u00eb vitit 2007.<\/p>\n<p>N\u00eb tetor 2013 u kthye n\u00eb provinc\u00ebn e tij (\u00c7ikago) p\u00ebr t\u00eb sh\u00ebrbyer si m\u00ebsues i t\u00eb profesuarve dhe vikar provincial, role q\u00eb i mbajti deri m\u00eb 3 n\u00ebntor 2014, kur Papa Fran\u00e7esku e em\u00ebroi administrator apostolik t\u00eb dioqez\u00ebs s\u00eb Chiclayo-s, Peru, duke e ngritur n\u00eb dinjitetin e ipeshkvit dhe duke i dh\u00ebn\u00eb dioqez\u00ebn titullare t\u00eb Sufar. M\u00eb 7 n\u00ebntor mori n\u00eb zot\u00ebrim kanonik dioqez\u00ebn n\u00eb prani t\u00eb nunciut apostolik James Patrick Green; u shugurua ipeshk\u00ebv m\u00eb 12 dhjetor, n\u00eb fest\u00ebn e Zoj\u00ebs s\u00eb Guadalupes, n\u00eb katedralen e dioqez\u00ebs s\u00eb tij. Sh\u00ebrbeu si ipeshk\u00ebv i Chiclayo nga 26 n\u00ebntor 2015. N\u00eb mars 2018 u b\u00eb n\u00ebnkryetar i dyt\u00eb i Konferenc\u00ebs Ipeshkvnore t\u00eb Perus\u00eb.<\/p>\n<p>Papa Fran\u00e7esku e em\u00ebroi an\u00ebtar t\u00eb Kongregat\u00ebs p\u00ebr Klerin n\u00eb vitin 2019 dhe an\u00ebtar t\u00eb Kongregat\u00ebs p\u00ebr Ipeshkvijt\u00eb n\u00eb vitin 2020. M\u00eb 15 prill 2020, Papa e em\u00ebroi administrator apostolik t\u00eb dioqez\u00ebs s\u00eb Callao-s. M\u00eb 30 janar 2023, Papa Fran\u00e7esku e em\u00ebroi Kardinal Prevost si prefekt t\u00eb Dikasterit p\u00ebr Ipeshkvijt\u00eb dhe president t\u00eb Komisionit Papnor p\u00ebr Amerik\u00ebn Latine. U krijua dhe u shpall Kardinal nga Papa Fran\u00e7esku n\u00eb Konsistorin e 30 shtatorit 2023, n\u00eb Diakonin\u00eb e Santa Monica. An\u00ebtar i: Dikastereve p\u00ebr: Ungjill\u00ebzimin, Seksioni p\u00ebr ungjill\u00ebzimin e par\u00eb dhe Kishat e reja t\u00eb ve\u00e7anta; Doktrin\u00ebn e Fes\u00eb; Kishat Lindore; Klerin; Institutet e Jet\u00ebs s\u00eb Kushtuar dhe Shoq\u00ebrit\u00eb e Jet\u00ebs Apostolike; Kultur\u00ebn dhe Arsimin; Tekstet Legjislative; Komisionit Papnor p\u00ebr Shtetin e Qytetit t\u00eb Vatikanit.\u201d shkruhet n\u00eb deklarat\u00eb.<\/p>\n<p><iframe loading=\"lazy\" src=\"https:\/\/www.facebook.com\/plugins\/post.php?href=https%3A%2F%2Fwww.facebook.com%2FArqipeshkviaShkoder%2Fposts%2Fpfbid031H4i6kMv8qipg8VBRRJT4RmJhbxAube9Cf7KA19oY3P3GMGrTzkSLskixHFdi9H2l&amp;show_text=true&amp;width=500\" width=\"500\" height=\"731\" frameborder=\"0\" scrolling=\"no\" allowfullscreen=\"allowfullscreen\" data-mce-fragment=\"1\"><\/iframe><\/p>\n<div id=\"rekl-57\"><\/div>\n<\/div>\n<div id=\"rekl-16\"><\/div>\n<div id=\"rekl-33\"><\/div>\n","protected":false},"excerpt":{"rendered":"<p>Kisha Katolike e Shkodr\u00ebs ka p\u00ebrsh\u00ebndetur em\u00ebrimin e Pap\u00ebs s\u00eb Ri, Leoni i XVI, duke e cil\u00ebsuar at\u00eb si nj\u00eb baritor i denj\u00eb i katolicizmit dhe krisht\u00ebrimit n\u00eb mbar\u00eb bot\u00ebn. N\u00eb nj\u00eb postim n\u00eb Facebook Kisha ka p\u00ebrshkruar rrug\u00ebtimin e tij si misionar n\u00eb Kish\u00ebn Katolike. \u201cKardinali Robert Francis Prevost, O.S.A., Prefekt i Dikasterit p\u00ebr &hellip;<\/p>\n","protected":false},"author":4,"featured_media":113365,"comment_status":"closed","ping_status":"closed","sticky":false,"template":"","format":"standard","meta":{"footnotes":""},"categories":[37],"tags":[],"class_list":["post-113364","post","type-post","status-publish","format-standard","has-post-thumbnail","","category-politike"],"_links":{"self":[{"href":"https:\/\/rdnews.al\/index.php\/wp-json\/wp\/v2\/posts\/113364","targetHints":{"allow":["GET"]}}],"collection":[{"href":"https:\/\/rdnews.al\/index.php\/wp-json\/wp\/v2\/posts"}],"about":[{"href":"https:\/\/rdnews.al\/index.php\/wp-json\/wp\/v2\/types\/post"}],"author":[{"embeddable":true,"href":"https:\/\/rdnews.al\/index.php\/wp-json\/wp\/v2\/users\/4"}],"replies":[{"embeddable":true,"href":"https:\/\/rdnews.al\/index.php\/wp-json\/wp\/v2\/comments?post=113364"}],"version-history":[{"count":1,"href":"https:\/\/rdnews.al\/index.php\/wp-json\/wp\/v2\/posts\/113364\/revisions"}],"predecessor-version":[{"id":113366,"href":"https:\/\/rdnews.al\/index.php\/wp-json\/wp\/v2\/posts\/113364\/revisions\/113366"}],"wp:featuredmedia":[{"embeddable":true,"href":"https:\/\/rdnews.al\/index.php\/wp-json\/wp\/v2\/media\/113365"}],"wp:attachment":[{"href":"https:\/\/rdnews.al\/index.php\/wp-json\/wp\/v2\/media?parent=113364"}],"wp:term":[{"taxonomy":"category","embeddable":true,"href":"https:\/\/rdnews.al\/index.php\/wp-json\/wp\/v2\/categories?post=113364"},{"taxonomy":"post_tag","embeddable":true,"href":"https:\/\/rdnews.al\/index.php\/wp-json\/wp\/v2\/tags?post=113364"}],"curies":[{"name":"wp","href":"https:\/\/api.w.org\/{rel}","templated":true}]}}