{"id":113367,"date":"2025-05-08T18:08:03","date_gmt":"2025-05-08T18:08:03","guid":{"rendered":"https:\/\/rdnews.al\/?p=113367"},"modified":"2025-05-08T18:08:03","modified_gmt":"2025-05-08T18:08:03","slug":"mesuesja-mesazhi-i-te-ardhmes-tone-dhe-i-ndryshimit-do-te-jete-11-maji","status":"publish","type":"post","link":"https:\/\/rdnews.al\/index.php\/2025\/05\/08\/mesuesja-mesazhi-i-te-ardhmes-tone-dhe-i-ndryshimit-do-te-jete-11-maji\/","title":{"rendered":"M\u00ebsuesja: Mesazhi i t\u00eb ardhmes ton\u00eb dhe i ndryshimit do t\u00eb jet\u00eb 11 maji!"},"content":{"rendered":"<p>N\u00eb takimin p\u00ebrmbyll\u00ebs t\u00eb fushat\u00ebs elektorale p\u00ebr zgjedhjet e 11 majit, kreu i PD-s\u00eb ishte n\u00eb Shkod\u00ebr, ku mori fjal\u00ebn edhe m\u00ebsuesja Blerina Kraja.<\/p>\n<p>Kraja u shpreh se si arsimtare ndihet e zhg\u00ebnjyer dhe tha se mesazhi i t\u00eb ardhmes ton\u00eb dhe i ndryshimit do t\u00eb jet\u00eb data 11 maj.<\/p>\n<p>\u201cMir\u00ebmbr\u00ebma t\u00eb gjith\u00ebve! Jam e privilegjuar t\u00eb jem k\u00ebtu para jush! Sot nuk kam emocionet, i kam l\u00ebn\u00eb p\u00ebr dat\u00ebn 11 maj, q\u00eb t\u00eb festojm\u00eb fitoren e madhe t\u00eb PD-s\u00eb! Un\u00eb e di q\u00eb nuk kam nevoj\u00eb p\u00ebr prezantim, jam bij\u00eb e Shkodr\u00ebs. Un\u00eb jam me profesion m\u00ebsuese prej 20 vitesh. E di q\u00eb nj\u00eb pjes\u00eb e juaja k\u00ebtu kan\u00eb qen\u00eb edhe nx\u00ebn\u00ebs t\u00eb mir\u00eb, disa t\u00eb tjer\u00eb jan\u00eb larguar jasht\u00eb p\u00ebr arsye t\u00eb ndryshme.<\/p>\n<p>Arsyeja kryesore \u00ebsht\u00eb arsyeja ekonomike. Kur e kam zgjedhur profesionin tim si m\u00ebsuese, e kam zgjedhur me gjith\u00eb zem\u00ebr, sepse babai im kishte d\u00ebshir\u00eb t\u00eb b\u00ebhem arsimdash\u00ebse. K\u00ebto vitet e fundit jam zhg\u00ebnjyer totalisht nga profesioni im. Punoj n\u00eb nj\u00eb zon\u00eb rurale me klasa m\u00eb t\u00eb vogla, me gjimnazist\u00eb q\u00eb kan\u00eb d\u00ebshir\u00eb t\u00eb largohen nga vendi, ndihen t\u00eb paplot\u00ebsuar.<\/p>\n<p>Ndihem e paplot\u00ebsuar p\u00ebr t\u00eb ardhmen e tyre, prandaj ikin, ikin edhe pa e marr\u00eb matur\u00ebn dhe kjo m\u00eb dhemb m\u00eb shum\u00eb. Megjithat\u00eb, ne jemi sot k\u00ebtu p\u00ebr nj\u00eb vizion t\u00eb ri, p\u00ebr nj\u00eb Shkod\u00ebr madh\u00ebshtore, p\u00ebr nj\u00eb Shqip\u00ebri madh\u00ebshtore.<\/p>\n<p>Si bij\u00eb e Shkodr\u00ebs, kam dal\u00eb disa her\u00eb p\u00ebrpara jush, por sot \u00ebsht\u00eb nj\u00eb emocion i ve\u00e7ant\u00eb. Kemi n\u00eb dor\u00eb fatin e Shqip\u00ebris\u00eb, fatin e Shkodr\u00ebs, kemi n\u00eb dor\u00eb fatin e jet\u00ebs son\u00eb. Ndryshimi duhet t\u00eb b\u00ebhet me dat\u00ebn 11 maj. Na ka dh\u00ebn\u00eb Zoti nj\u00eb aft\u00ebsi t\u00eb madhe, aft\u00ebsin\u00eb e fjal\u00ebs, aft\u00ebsin\u00eb e pasionit, aft\u00ebsin\u00eb e shpirtit dhe ta tej\u00e7ojm\u00eb mesazhin e madh t\u00eb fitores.<\/p>\n<p>Mesazhin e t\u00eb ardhmes ton\u00eb, mesazhin e ndryshimit t\u00eb madh q\u00eb do t\u00eb jet\u00eb data 11 maj. Shkodra ka treguar q\u00eb \u00ebsht\u00eb dhe do t\u00eb jet\u00eb e djatht\u00eb. Mir\u00ebnjoh\u00ebse dhe p\u00ebrulem para jush, jeni ju, jemi ne, \u00ebsht\u00eb PD dhe e ardhmja jon\u00eb!\u201d, tha Blerina Kraja.<\/p>\n","protected":false},"excerpt":{"rendered":"<p>N\u00eb takimin p\u00ebrmbyll\u00ebs t\u00eb fushat\u00ebs elektorale p\u00ebr zgjedhjet e 11 majit, kreu i PD-s\u00eb ishte n\u00eb Shkod\u00ebr, ku mori fjal\u00ebn edhe m\u00ebsuesja Blerina Kraja. Kraja u shpreh se si arsimtare ndihet e zhg\u00ebnjyer dhe tha se mesazhi i t\u00eb ardhmes ton\u00eb dhe i ndryshimit do t\u00eb jet\u00eb data 11 maj. \u201cMir\u00ebmbr\u00ebma t\u00eb gjith\u00ebve! Jam e &hellip;<\/p>\n","protected":false},"author":4,"featured_media":113368,"comment_status":"closed","ping_status":"closed","sticky":false,"template":"","format":"standard","meta":{"footnotes":""},"categories":[37],"tags":[],"class_list":["post-113367","post","type-post","status-publish","format-standard","has-post-thumbnail","","category-politike"],"_links":{"self":[{"href":"https:\/\/rdnews.al\/index.php\/wp-json\/wp\/v2\/posts\/113367","targetHints":{"allow":["GET"]}}],"collection":[{"href":"https:\/\/rdnews.al\/index.php\/wp-json\/wp\/v2\/posts"}],"about":[{"href":"https:\/\/rdnews.al\/index.php\/wp-json\/wp\/v2\/types\/post"}],"author":[{"embeddable":true,"href":"https:\/\/rdnews.al\/index.php\/wp-json\/wp\/v2\/users\/4"}],"replies":[{"embeddable":true,"href":"https:\/\/rdnews.al\/index.php\/wp-json\/wp\/v2\/comments?post=113367"}],"version-history":[{"count":1,"href":"https:\/\/rdnews.al\/index.php\/wp-json\/wp\/v2\/posts\/113367\/revisions"}],"predecessor-version":[{"id":113369,"href":"https:\/\/rdnews.al\/index.php\/wp-json\/wp\/v2\/posts\/113367\/revisions\/113369"}],"wp:featuredmedia":[{"embeddable":true,"href":"https:\/\/rdnews.al\/index.php\/wp-json\/wp\/v2\/media\/113368"}],"wp:attachment":[{"href":"https:\/\/rdnews.al\/index.php\/wp-json\/wp\/v2\/media?parent=113367"}],"wp:term":[{"taxonomy":"category","embeddable":true,"href":"https:\/\/rdnews.al\/index.php\/wp-json\/wp\/v2\/categories?post=113367"},{"taxonomy":"post_tag","embeddable":true,"href":"https:\/\/rdnews.al\/index.php\/wp-json\/wp\/v2\/tags?post=113367"}],"curies":[{"name":"wp","href":"https:\/\/api.w.org\/{rel}","templated":true}]}}