{"id":113445,"date":"2025-05-09T09:48:19","date_gmt":"2025-05-09T09:48:19","guid":{"rendered":"https:\/\/rdnews.al\/?p=113445"},"modified":"2025-05-09T09:55:01","modified_gmt":"2025-05-09T09:55:01","slug":"berisha-chris-lacivita-faktor-madhor-i-kesaj-fushate-fantastike-te-fitores-se-11-majit","status":"publish","type":"post","link":"https:\/\/rdnews.al\/index.php\/2025\/05\/09\/berisha-chris-lacivita-faktor-madhor-i-kesaj-fushate-fantastike-te-fitores-se-11-majit\/","title":{"rendered":"Berisha: Chris LaCivita faktor madhor i k\u00ebsaj fushate fantastike t\u00eb fitores s\u00eb 11 majit!"},"content":{"rendered":"<p>Lideri i opozit\u00ebs, Sali Berisha, n\u00eb nj\u00eb deklarat\u00eb p\u00ebr mediat, theksoi se Chris LaCivita ka qen\u00eb nj\u00eb faktor ky\u00e7 n\u00eb suksesin e fushat\u00ebs s\u00eb Partis\u00eb Demokratike dhe n\u00eb fitoren q\u00eb pritet t\u00eb arrihet m\u00eb 11 maj.<\/p>\n<p>Sipas Berish\u00ebs, LaCivita ka luajtur nj\u00eb rol t\u00eb jasht\u00ebzakonsh\u00ebm n\u00eb organizimin dhe udh\u00ebheqjen e k\u00ebsaj fushate, duke e b\u00ebr\u00eb at\u00eb nj\u00eb nga m\u00eb t\u00eb suksesshmet n\u00eb historin\u00eb e opozit\u00ebs.<\/p>\n<p>Berisha e quajti LaCivita nj\u00eb &#8220;faktor madhor&#8221; t\u00eb fitores, duke theksuar se ai ka qen\u00eb nj\u00eb element esencial n\u00eb forcimin dhe mobilizimin e elektoratit t\u00eb Partis\u00eb Demokratike.<\/p>\n<p>\u201cNga ajo q\u00eb kam par\u00eb, padiskutim. Ai (Chris LaCivita) \u00ebsht\u00eb faktor madhor i k\u00ebsaj fushate fantastike dhe i fitores s\u00eb 11 majit, nuk ka diskutim\u201d, tha Berisha.<\/p>\n","protected":false},"excerpt":{"rendered":"<p>Lideri i opozit\u00ebs, Sali Berisha, n\u00eb nj\u00eb deklarat\u00eb p\u00ebr mediat, theksoi se Chris LaCivita ka qen\u00eb nj\u00eb faktor ky\u00e7 n\u00eb suksesin e fushat\u00ebs s\u00eb Partis\u00eb Demokratike dhe n\u00eb fitoren q\u00eb pritet t\u00eb arrihet m\u00eb 11 maj. Sipas Berish\u00ebs, LaCivita ka luajtur nj\u00eb rol t\u00eb jasht\u00ebzakonsh\u00ebm n\u00eb organizimin dhe udh\u00ebheqjen e k\u00ebsaj fushate, duke e b\u00ebr\u00eb &hellip;<\/p>\n","protected":false},"author":4,"featured_media":113418,"comment_status":"closed","ping_status":"closed","sticky":false,"template":"","format":"standard","meta":{"footnotes":""},"categories":[37],"tags":[],"class_list":["post-113445","post","type-post","status-publish","format-standard","has-post-thumbnail","","category-politike"],"_links":{"self":[{"href":"https:\/\/rdnews.al\/index.php\/wp-json\/wp\/v2\/posts\/113445","targetHints":{"allow":["GET"]}}],"collection":[{"href":"https:\/\/rdnews.al\/index.php\/wp-json\/wp\/v2\/posts"}],"about":[{"href":"https:\/\/rdnews.al\/index.php\/wp-json\/wp\/v2\/types\/post"}],"author":[{"embeddable":true,"href":"https:\/\/rdnews.al\/index.php\/wp-json\/wp\/v2\/users\/4"}],"replies":[{"embeddable":true,"href":"https:\/\/rdnews.al\/index.php\/wp-json\/wp\/v2\/comments?post=113445"}],"version-history":[{"count":1,"href":"https:\/\/rdnews.al\/index.php\/wp-json\/wp\/v2\/posts\/113445\/revisions"}],"predecessor-version":[{"id":113446,"href":"https:\/\/rdnews.al\/index.php\/wp-json\/wp\/v2\/posts\/113445\/revisions\/113446"}],"wp:featuredmedia":[{"embeddable":true,"href":"https:\/\/rdnews.al\/index.php\/wp-json\/wp\/v2\/media\/113418"}],"wp:attachment":[{"href":"https:\/\/rdnews.al\/index.php\/wp-json\/wp\/v2\/media?parent=113445"}],"wp:term":[{"taxonomy":"category","embeddable":true,"href":"https:\/\/rdnews.al\/index.php\/wp-json\/wp\/v2\/categories?post=113445"},{"taxonomy":"post_tag","embeddable":true,"href":"https:\/\/rdnews.al\/index.php\/wp-json\/wp\/v2\/tags?post=113445"}],"curies":[{"name":"wp","href":"https:\/\/api.w.org\/{rel}","templated":true}]}}