{"id":113447,"date":"2025-05-09T09:52:56","date_gmt":"2025-05-09T09:52:56","guid":{"rendered":"https:\/\/rdnews.al\/?p=113447"},"modified":"2025-05-09T09:52:56","modified_gmt":"2025-05-09T09:52:56","slug":"berisha-organizata-me-e-fuqishme-politike-e-europes-e-ka-denoncuar-ramen-per-blerjen-e-votes-me-5-forma","status":"publish","type":"post","link":"https:\/\/rdnews.al\/index.php\/2025\/05\/09\/berisha-organizata-me-e-fuqishme-politike-e-europes-e-ka-denoncuar-ramen-per-blerjen-e-votes-me-5-forma\/","title":{"rendered":"Berisha: Organizata m\u00eb e fuqishme politike e Europ\u00ebs e ka denoncuar Ram\u00ebn p\u00ebr blerjen e vot\u00ebs me 5 forma"},"content":{"rendered":"<p>Blerja e votave nga qeveria e Edi Ram\u00ebs \u00ebsht\u00eb e faktuar nd\u00ebrkomb\u00ebtarisht thot\u00eb lideri i PD-s\u00eb Sali Berisha duke iu referuar rezolut\u00ebs s\u00eb PPE-s\u00eb.<\/p>\n<p>\u201cE kemi t\u00eb verifikuar, t\u00eb v\u00ebrtetuar absolutisht. Dhe si\u00e7 e dini ju, rezoluta e Valencias, e Partis\u00eb Popullore Europiane, q\u00eb \u00ebsht\u00eb organizata m\u00eb e fuqishme politike e Europ\u00ebs, ka denoncuar Edi Ram\u00ebn p\u00ebr k\u00ebto zgjedhje p\u00ebr blerjen e vot\u00ebs me lek\u00eb, me kanabis, me pun\u00ebsime, me prokurime, me banda.<\/p>\n<p>K\u00ebto thot\u00eb rezoluta, jan\u00eb pes\u00eb format me t\u00eb cilat Edi Rama po blen votat\u201d, tha Berisha.<\/p>\n","protected":false},"excerpt":{"rendered":"<p>Blerja e votave nga qeveria e Edi Ram\u00ebs \u00ebsht\u00eb e faktuar nd\u00ebrkomb\u00ebtarisht thot\u00eb lideri i PD-s\u00eb Sali Berisha duke iu referuar rezolut\u00ebs s\u00eb PPE-s\u00eb. \u201cE kemi t\u00eb verifikuar, t\u00eb v\u00ebrtetuar absolutisht. Dhe si\u00e7 e dini ju, rezoluta e Valencias, e Partis\u00eb Popullore Europiane, q\u00eb \u00ebsht\u00eb organizata m\u00eb e fuqishme politike e Europ\u00ebs, ka denoncuar Edi &hellip;<\/p>\n","protected":false},"author":4,"featured_media":111298,"comment_status":"closed","ping_status":"closed","sticky":false,"template":"","format":"standard","meta":{"footnotes":""},"categories":[37],"tags":[],"class_list":["post-113447","post","type-post","status-publish","format-standard","has-post-thumbnail","","category-politike"],"_links":{"self":[{"href":"https:\/\/rdnews.al\/index.php\/wp-json\/wp\/v2\/posts\/113447","targetHints":{"allow":["GET"]}}],"collection":[{"href":"https:\/\/rdnews.al\/index.php\/wp-json\/wp\/v2\/posts"}],"about":[{"href":"https:\/\/rdnews.al\/index.php\/wp-json\/wp\/v2\/types\/post"}],"author":[{"embeddable":true,"href":"https:\/\/rdnews.al\/index.php\/wp-json\/wp\/v2\/users\/4"}],"replies":[{"embeddable":true,"href":"https:\/\/rdnews.al\/index.php\/wp-json\/wp\/v2\/comments?post=113447"}],"version-history":[{"count":1,"href":"https:\/\/rdnews.al\/index.php\/wp-json\/wp\/v2\/posts\/113447\/revisions"}],"predecessor-version":[{"id":113448,"href":"https:\/\/rdnews.al\/index.php\/wp-json\/wp\/v2\/posts\/113447\/revisions\/113448"}],"wp:featuredmedia":[{"embeddable":true,"href":"https:\/\/rdnews.al\/index.php\/wp-json\/wp\/v2\/media\/111298"}],"wp:attachment":[{"href":"https:\/\/rdnews.al\/index.php\/wp-json\/wp\/v2\/media?parent=113447"}],"wp:term":[{"taxonomy":"category","embeddable":true,"href":"https:\/\/rdnews.al\/index.php\/wp-json\/wp\/v2\/categories?post=113447"},{"taxonomy":"post_tag","embeddable":true,"href":"https:\/\/rdnews.al\/index.php\/wp-json\/wp\/v2\/tags?post=113447"}],"curies":[{"name":"wp","href":"https:\/\/api.w.org\/{rel}","templated":true}]}}