{"id":113483,"date":"2025-05-09T17:32:23","date_gmt":"2025-05-09T17:32:23","guid":{"rendered":"https:\/\/rdnews.al\/?p=113483"},"modified":"2025-05-09T17:32:23","modified_gmt":"2025-05-09T17:32:23","slug":"kellici-edi-rama-kthen-autoambulancat-e-spitaleve-ne-nje-karvan-elektoral-duke-shperndare-para-per-te-blere-vota-neper-shqiperi","status":"publish","type":"post","link":"https:\/\/rdnews.al\/index.php\/2025\/05\/09\/kellici-edi-rama-kthen-autoambulancat-e-spitaleve-ne-nje-karvan-elektoral-duke-shperndare-para-per-te-blere-vota-neper-shqiperi\/","title":{"rendered":"K\u00eblli\u00e7i: Edi Rama kthen autoambulancat e spitaleve n\u00eb nj\u00eb karvan elektoral, duke shp\u00ebrndar\u00eb para p\u00ebr t\u00eb bler\u00eb vota n\u00ebp\u00ebr Shqip\u00ebri"},"content":{"rendered":"<p><strong>Deklarata e drejtuesit politik i Tiran\u00ebs, Belind K\u00eblli\u00e7i:<\/strong><\/p>\n<p>T\u00eb nderuar qytetar\u00eb,<\/p>\n<p>Informacione t\u00eb sigurta t\u00eb mb\u00ebrritura n\u00eb adres\u00eb t\u00eb Partis\u00eb Demokratike, konfirmojn\u00eb se rrjeti i ambulancave t\u00eb spitaleve publike t\u00eb Tiran\u00ebs do t\u00eb kthehet sonte n\u00eb karvan elektoral, duke shp\u00ebrndar\u00eb para p\u00ebr blerjen e votave.<\/p>\n<p>Patronazhist\u00ebt e Edi Ram\u00ebs do t\u00eb l\u00ebshohen sonte rrug\u00ebve duke p\u00ebrdorur mjetet e transportit t\u00eb pacient\u00ebve dhe t\u00eb s\u00ebmur\u00ebve si bankomate p\u00ebr blerjen e vullnetit t\u00eb zgjedh\u00ebsve.<\/p>\n<p>I b\u00ebjm\u00eb thirrje SPAK q\u00eb t\u00eb v\u00ebr\u00eb n\u00eb l\u00ebvizje Task Forc\u00ebn e zgjedhjeve. Toma n\u00eb Shkod\u00ebr \u00ebsht\u00eb vet\u00ebm nx\u00ebn\u00ebsi i Edit n\u00eb Tiran\u00eb.<\/p>\n<p>U b\u00ebjm\u00eb thirrje drejtor\u00ebve t\u00eb spitaleve, p\u00ebrgjegj\u00ebsve t\u00eb rrjetit t\u00eb ambulancave, q\u00eb t\u00eb mos p\u00ebrfshihen n\u00eb k\u00ebt\u00eb shkelje t\u00eb hapur t\u00eb ligjit, sepse do t\u00eb listohen si terrorist\u00eb elektoral\u00eb dhe do t\u00eb p\u00ebrgjigjen nj\u00eb m\u00eb nj\u00eb.<\/p>\n<p>Ne p\u00ebrs\u00ebrisim edhe nj\u00ebher\u00eb mesazhin e qart\u00eb t\u00eb Rezolut\u00ebs s\u00eb Partis\u00eb Popullore Europiane se, n\u00ebse makineria shtet\u00ebrore nd\u00ebrhyn n\u00eb zgjedhje, rruga e integrimit t\u00eb Shqip\u00ebris\u00eb ndalet.<\/p>\n<p>Kush vjedh zgjedhjet e ka t\u00eb shkruar qart\u00eb fatin n\u00eb Uashington, Bruksel dhe Berlin!<\/p>\n<p>Ju faleminderit.<\/p>\n","protected":false},"excerpt":{"rendered":"<p>Deklarata e drejtuesit politik i Tiran\u00ebs, Belind K\u00eblli\u00e7i: T\u00eb nderuar qytetar\u00eb, Informacione t\u00eb sigurta t\u00eb mb\u00ebrritura n\u00eb adres\u00eb t\u00eb Partis\u00eb Demokratike, konfirmojn\u00eb se rrjeti i ambulancave t\u00eb spitaleve publike t\u00eb Tiran\u00ebs do t\u00eb kthehet sonte n\u00eb karvan elektoral, duke shp\u00ebrndar\u00eb para p\u00ebr blerjen e votave. Patronazhist\u00ebt e Edi Ram\u00ebs do t\u00eb l\u00ebshohen sonte rrug\u00ebve duke &hellip;<\/p>\n","protected":false},"author":4,"featured_media":113484,"comment_status":"closed","ping_status":"closed","sticky":false,"template":"","format":"standard","meta":{"footnotes":""},"categories":[37],"tags":[],"class_list":["post-113483","post","type-post","status-publish","format-standard","has-post-thumbnail","","category-politike"],"_links":{"self":[{"href":"https:\/\/rdnews.al\/index.php\/wp-json\/wp\/v2\/posts\/113483","targetHints":{"allow":["GET"]}}],"collection":[{"href":"https:\/\/rdnews.al\/index.php\/wp-json\/wp\/v2\/posts"}],"about":[{"href":"https:\/\/rdnews.al\/index.php\/wp-json\/wp\/v2\/types\/post"}],"author":[{"embeddable":true,"href":"https:\/\/rdnews.al\/index.php\/wp-json\/wp\/v2\/users\/4"}],"replies":[{"embeddable":true,"href":"https:\/\/rdnews.al\/index.php\/wp-json\/wp\/v2\/comments?post=113483"}],"version-history":[{"count":1,"href":"https:\/\/rdnews.al\/index.php\/wp-json\/wp\/v2\/posts\/113483\/revisions"}],"predecessor-version":[{"id":113485,"href":"https:\/\/rdnews.al\/index.php\/wp-json\/wp\/v2\/posts\/113483\/revisions\/113485"}],"wp:featuredmedia":[{"embeddable":true,"href":"https:\/\/rdnews.al\/index.php\/wp-json\/wp\/v2\/media\/113484"}],"wp:attachment":[{"href":"https:\/\/rdnews.al\/index.php\/wp-json\/wp\/v2\/media?parent=113483"}],"wp:term":[{"taxonomy":"category","embeddable":true,"href":"https:\/\/rdnews.al\/index.php\/wp-json\/wp\/v2\/categories?post=113483"},{"taxonomy":"post_tag","embeddable":true,"href":"https:\/\/rdnews.al\/index.php\/wp-json\/wp\/v2\/tags?post=113483"}],"curies":[{"name":"wp","href":"https:\/\/api.w.org\/{rel}","templated":true}]}}