{"id":113486,"date":"2025-05-09T17:36:16","date_gmt":"2025-05-09T17:36:16","guid":{"rendered":"https:\/\/rdnews.al\/?p=113486"},"modified":"2025-05-09T17:36:16","modified_gmt":"2025-05-09T17:36:16","slug":"tirana-blu-mijera-e-mijera-ne-shesh-per-takimin-permbylles-te-fushates-se-pd","status":"publish","type":"post","link":"https:\/\/rdnews.al\/index.php\/2025\/05\/09\/tirana-blu-mijera-e-mijera-ne-shesh-per-takimin-permbylles-te-fushates-se-pd\/","title":{"rendered":"Tirana blu! Mij\u00ebra e mij\u00ebra n\u00eb shesh p\u00ebr takimin p\u00ebrmbyll\u00ebs t\u00eb fushat\u00ebs s\u00eb PD"},"content":{"rendered":"<p>Vet\u00ebm pak minuta para nisjes s\u00eb takimit p\u00ebrmbyll\u00ebs t\u00eb fushat\u00ebs s\u00eb Partis\u00eb Demokratike, atmosfera n\u00eb kryeqytet \u00ebsht\u00eb ndezur. Mij\u00ebra qytetar\u00eb jan\u00eb mbledhur n\u00eb Bulevardin e Ri, pran\u00eb ish-Stacionit t\u00eb Trenit, ku gjith\u00e7ka duket gati p\u00ebr eventin final t\u00eb k\u00ebsaj fushate elektorale.<\/p>\n<p>Fotoreporteri i Syri, Felix Bliani, sjell pamje nga vendi, ku nj\u00eb lum\u00eb njer\u00ebzish ka mbushur zon\u00ebn, nd\u00ebrsa flamuj, pankarta dhe thirrje entuziaste e kan\u00eb kthyer sheshin n\u00eb nj\u00eb det blu. Mb\u00ebshtet\u00ebsit e Partis\u00eb Demokratike kan\u00eb ardhur nga t\u00eb gjitha an\u00ebt e vendit p\u00ebr t\u00eb marr\u00eb pjes\u00eb n\u00eb k\u00ebt\u00eb takim q\u00eb pritet t\u00eb kulmoj\u00eb me fjalimet e drejtuesve t\u00eb forc\u00ebs opozitare.<\/p>\n<p>Nd\u00ebrkoh\u00eb, organizator\u00ebt thon\u00eb se \u00e7do gj\u00eb \u00ebsht\u00eb p\u00ebrgatitur n\u00eb detaje.<\/p>\n<p><img loading=\"lazy\" decoding=\"async\" class=\"alignnone size-medium wp-image-113488\" src=\"https:\/\/rdnews.al\/wp-content\/uploads\/2025\/05\/11-2-6-300x194.jpg\" alt=\"\" width=\"300\" height=\"194\" srcset=\"https:\/\/rdnews.al\/wp-content\/uploads\/2025\/05\/11-2-6-300x194.jpg 300w, https:\/\/rdnews.al\/wp-content\/uploads\/2025\/05\/11-2-6.jpg 689w\" sizes=\"auto, (max-width: 300px) 100vw, 300px\" \/><\/p>\n<p><img loading=\"lazy\" decoding=\"async\" class=\"alignnone size-medium wp-image-113489\" src=\"https:\/\/rdnews.al\/wp-content\/uploads\/2025\/05\/tt-2-300x177.jpg\" alt=\"\" width=\"300\" height=\"177\" srcset=\"https:\/\/rdnews.al\/wp-content\/uploads\/2025\/05\/tt-2-300x177.jpg 300w, https:\/\/rdnews.al\/wp-content\/uploads\/2025\/05\/tt-2.jpg 714w\" sizes=\"auto, (max-width: 300px) 100vw, 300px\" \/><\/p>\n<div class=\"fotogaleri\">\n<div class=\"bx-wrapper\">\n<div class=\"bx-viewport\">\n<ul class=\"read-slider\">\n<li><a href=\"https:\/\/www.syri.net\/fotogaleria\/786870\/fotolajm-sheshi-kthehet-ne-nje-det-blu-mijera-shqiptare-mblidhen-ne-takimin-permbylles-se-fushates-se-pd-ne-tirane\/\" target=\"_blank\" rel=\"noopener\"><img decoding=\"async\" src=\"https:\/\/www.syri.net\/uploads\/syri.net\/images\/2025\/May\/09\/auto_6f09bb1d-920f-4a6c-babd-b3707805d15c1746810164.jpg\" \/><\/a><\/li>\n<\/ul>\n<\/div>\n<\/div>\n<\/div>\n","protected":false},"excerpt":{"rendered":"<p>Vet\u00ebm pak minuta para nisjes s\u00eb takimit p\u00ebrmbyll\u00ebs t\u00eb fushat\u00ebs s\u00eb Partis\u00eb Demokratike, atmosfera n\u00eb kryeqytet \u00ebsht\u00eb ndezur. Mij\u00ebra qytetar\u00eb jan\u00eb mbledhur n\u00eb Bulevardin e Ri, pran\u00eb ish-Stacionit t\u00eb Trenit, ku gjith\u00e7ka duket gati p\u00ebr eventin final t\u00eb k\u00ebsaj fushate elektorale. Fotoreporteri i Syri, Felix Bliani, sjell pamje nga vendi, ku nj\u00eb lum\u00eb njer\u00ebzish ka &hellip;<\/p>\n","protected":false},"author":4,"featured_media":113487,"comment_status":"closed","ping_status":"closed","sticky":false,"template":"","format":"standard","meta":{"footnotes":""},"categories":[37],"tags":[],"class_list":["post-113486","post","type-post","status-publish","format-standard","has-post-thumbnail","","category-politike"],"_links":{"self":[{"href":"https:\/\/rdnews.al\/index.php\/wp-json\/wp\/v2\/posts\/113486","targetHints":{"allow":["GET"]}}],"collection":[{"href":"https:\/\/rdnews.al\/index.php\/wp-json\/wp\/v2\/posts"}],"about":[{"href":"https:\/\/rdnews.al\/index.php\/wp-json\/wp\/v2\/types\/post"}],"author":[{"embeddable":true,"href":"https:\/\/rdnews.al\/index.php\/wp-json\/wp\/v2\/users\/4"}],"replies":[{"embeddable":true,"href":"https:\/\/rdnews.al\/index.php\/wp-json\/wp\/v2\/comments?post=113486"}],"version-history":[{"count":1,"href":"https:\/\/rdnews.al\/index.php\/wp-json\/wp\/v2\/posts\/113486\/revisions"}],"predecessor-version":[{"id":113490,"href":"https:\/\/rdnews.al\/index.php\/wp-json\/wp\/v2\/posts\/113486\/revisions\/113490"}],"wp:featuredmedia":[{"embeddable":true,"href":"https:\/\/rdnews.al\/index.php\/wp-json\/wp\/v2\/media\/113487"}],"wp:attachment":[{"href":"https:\/\/rdnews.al\/index.php\/wp-json\/wp\/v2\/media?parent=113486"}],"wp:term":[{"taxonomy":"category","embeddable":true,"href":"https:\/\/rdnews.al\/index.php\/wp-json\/wp\/v2\/categories?post=113486"},{"taxonomy":"post_tag","embeddable":true,"href":"https:\/\/rdnews.al\/index.php\/wp-json\/wp\/v2\/tags?post=113486"}],"curies":[{"name":"wp","href":"https:\/\/api.w.org\/{rel}","templated":true}]}}