{"id":113501,"date":"2025-05-09T18:26:56","date_gmt":"2025-05-09T18:26:56","guid":{"rendered":"https:\/\/rdnews.al\/?p=113501"},"modified":"2025-05-09T18:34:05","modified_gmt":"2025-05-09T18:34:05","slug":"politikani-i-rendesishem-gjerman-pasaporten-europiane-ua-garanton-vetem-politikani-i-madh-sali-berisha","status":"publish","type":"post","link":"https:\/\/rdnews.al\/index.php\/2025\/05\/09\/politikani-i-rendesishem-gjerman-pasaporten-europiane-ua-garanton-vetem-politikani-i-madh-sali-berisha\/","title":{"rendered":"Eurodeputeti gjerman: Pasaport\u00ebn Europiane ua garanton vet\u00ebm politikani i madh, Sali Berisha!"},"content":{"rendered":"<p>Politikani, dhe nj\u00eb figure ky\u00e7e n\u00eb parti dhe qeverisje e Gjermani, deputeti i CDU-s\u00eb Peter Beyer duke folur n\u00eb tubimin madh\u00ebshtor p\u00ebrmbyll\u00ebs t\u00eb Partis\u00eb Demokratike dhe Aleanc\u00ebs p\u00ebr Shqip\u00ebrin\u00eb Madh\u00ebshtore, u shpreh para mij\u00ebra e mij\u00ebra shqiptar\u00ebve, se i vetmi politikan q\u00eb do tu siguroj\u00eb shqiptar\u00ebve pasaport\u00ebn e BE-s\u00eb \u00ebsht\u00eb Sali Berisha.<\/p>\n<p><strong>Fjala e deputetit t\u00eb CDU-s\u00eb, Peter Beyer<\/strong><\/p>\n<p>Miq t\u00eb Shqip\u00ebris\u00eb, sot \u00ebsht\u00eb nj\u00eb dit\u00eb e lumtur p\u00ebr mua, sepse sot un\u00eb jam k\u00ebtu me ju n\u00eb k\u00ebt\u00eb shesh.<\/p>\n<p>M\u00eb vjen shum\u00eb mir\u00eb q\u00eb kthehem n\u00eb k\u00ebt\u00eb vend q\u00eb e dua dhe t\u00eb takoj \u00a0njer\u00ebzit q\u00eb i dua.<\/p>\n<p>Kam nj\u00eb besim t\u00eb fort\u00eb, tek e ardhmja e k\u00ebtij vendi, e k\u00ebtyre njer\u00ebzve, kam nj\u00eb besim t\u00eb fort\u00eb tek t\u00eb gjith\u00eb ju.<\/p>\n<p>\u00cbsht\u00eb nj\u00eb njeri i madh n\u00eb k\u00ebt\u00eb vend, \u00ebsht\u00eb nj\u00eb lider i madh n\u00eb k\u00ebt\u00eb vend, ky njeri i madh, ky lider i madh \u00ebsht\u00eb Doktor Sali Berisha q\u00eb \u00ebsht\u00eb ulur n\u00eb rreshtin e par\u00eb.<\/p>\n<p>Ai \u00ebsht\u00eb nj\u00eb lider i cili para pak koh\u00ebsh edhe gjithmon\u00eb e ka treguar se, mund ta orientoj\u00eb k\u00ebt\u00eb vend dhe ta prij\u00eb at\u00eb drejt liris\u00eb.<\/p>\n<p>Sali Berisha \u00ebsht\u00eb garantuesi i vet\u00ebm i liris\u00eb dhe i an\u00ebtar\u00ebsimit n\u00eb BE.<\/p>\n<p>Kush do t\u00eb jet\u00eb n\u00eb Bashkimin e Europ\u00ebs, kush do t\u00eb shikoj\u00eb Shqip\u00ebrin\u00eb vend an\u00ebtar t\u00eb BE-s\u00eb n\u00eb t\u00eb ardhmen e af\u00ebrt.<\/p>\n<p>Kam k\u00ebtu di\u00e7ka p\u00ebr ju.<\/p>\n<p>Kjo \u00ebsht\u00eb nj\u00eb pasaport\u00eb, \u00ebsht\u00eb pasaporta ime, \u00ebsht\u00eb nj\u00eb pasaport\u00eb e Bashkimit Europian dhe ju garantoj se Sali Berisha \u00ebsht\u00eb i vetmi lider i k\u00ebtij vendi i cili do t\u00eb garantoj secilit prej jush nj\u00eb pasaport\u00eb Europiane.<\/p>\n<p>Sali Berisha \u00ebsht\u00eb i vetmi garantues q\u00eb mund t\u00eb ju siguroj\u00eb t\u00eb rinjve q\u00eb jan\u00eb k\u00ebtu pas meje nj\u00eb prespektiv\u00eb drejt t\u00eb ardhmen.<\/p>\n<p>Kur shikon p\u00ebrreth, shoh shum\u00eb njer\u00ebz, me shum\u00eb shpres\u00eb, shoh shum\u00eb njer\u00ebz me shpres\u00eb, po te ky komb dhe po te e ardhmja e t\u00eb rinjve, dhe gjithashtu jam i bindur se n\u00eb t\u00eb ardhmen e af\u00ebrt n\u00eb Bashkimin Europian dhe do t\u00eb takohemi po k\u00ebtu n\u00eb k\u00ebt\u00eb shesh, ku do t\u00eb festojm\u00eb shpres\u00ebn e re.<\/p>\n<p>Po e mbyll me nj\u00eb fal\u00ebnderim t\u00eb madh p\u00ebr Doktor Sali Berish\u00ebn, i cili \u00ebsht\u00eb ati i k\u00ebtij kombi.<\/p>\n","protected":false},"excerpt":{"rendered":"<p>Politikani, dhe nj\u00eb figure ky\u00e7e n\u00eb parti dhe qeverisje e Gjermani, deputeti i CDU-s\u00eb Peter Beyer duke folur n\u00eb tubimin madh\u00ebshtor p\u00ebrmbyll\u00ebs t\u00eb Partis\u00eb Demokratike dhe Aleanc\u00ebs p\u00ebr Shqip\u00ebrin\u00eb Madh\u00ebshtore, u shpreh para mij\u00ebra e mij\u00ebra shqiptar\u00ebve, se i vetmi politikan q\u00eb do tu siguroj\u00eb shqiptar\u00ebve pasaport\u00ebn e BE-s\u00eb \u00ebsht\u00eb Sali Berisha. Fjala e deputetit &hellip;<\/p>\n","protected":false},"author":4,"featured_media":113502,"comment_status":"closed","ping_status":"closed","sticky":false,"template":"","format":"standard","meta":{"footnotes":""},"categories":[37],"tags":[],"class_list":["post-113501","post","type-post","status-publish","format-standard","has-post-thumbnail","","category-politike"],"_links":{"self":[{"href":"https:\/\/rdnews.al\/index.php\/wp-json\/wp\/v2\/posts\/113501","targetHints":{"allow":["GET"]}}],"collection":[{"href":"https:\/\/rdnews.al\/index.php\/wp-json\/wp\/v2\/posts"}],"about":[{"href":"https:\/\/rdnews.al\/index.php\/wp-json\/wp\/v2\/types\/post"}],"author":[{"embeddable":true,"href":"https:\/\/rdnews.al\/index.php\/wp-json\/wp\/v2\/users\/4"}],"replies":[{"embeddable":true,"href":"https:\/\/rdnews.al\/index.php\/wp-json\/wp\/v2\/comments?post=113501"}],"version-history":[{"count":3,"href":"https:\/\/rdnews.al\/index.php\/wp-json\/wp\/v2\/posts\/113501\/revisions"}],"predecessor-version":[{"id":113507,"href":"https:\/\/rdnews.al\/index.php\/wp-json\/wp\/v2\/posts\/113501\/revisions\/113507"}],"wp:featuredmedia":[{"embeddable":true,"href":"https:\/\/rdnews.al\/index.php\/wp-json\/wp\/v2\/media\/113502"}],"wp:attachment":[{"href":"https:\/\/rdnews.al\/index.php\/wp-json\/wp\/v2\/media?parent=113501"}],"wp:term":[{"taxonomy":"category","embeddable":true,"href":"https:\/\/rdnews.al\/index.php\/wp-json\/wp\/v2\/categories?post=113501"},{"taxonomy":"post_tag","embeddable":true,"href":"https:\/\/rdnews.al\/index.php\/wp-json\/wp\/v2\/tags?post=113501"}],"curies":[{"name":"wp","href":"https:\/\/api.w.org\/{rel}","templated":true}]}}