{"id":113519,"date":"2025-05-09T18:54:33","date_gmt":"2025-05-09T18:54:33","guid":{"rendered":"https:\/\/rdnews.al\/?p=113519"},"modified":"2025-05-09T18:54:33","modified_gmt":"2025-05-09T18:54:33","slug":"aktorja-e-njohur-shansi-i-vetem-eshte-me-date-11-maj-qe-te-behemi-pjese-e-historise","status":"publish","type":"post","link":"https:\/\/rdnews.al\/index.php\/2025\/05\/09\/aktorja-e-njohur-shansi-i-vetem-eshte-me-date-11-maj-qe-te-behemi-pjese-e-historise\/","title":{"rendered":"Aktorja e njohur: Shansi i vet\u00ebm \u00ebsht\u00eb m\u00eb dat\u00eb 11 maj, q\u00eb t\u00eb b\u00ebhemi pjes\u00eb e historis\u00eb!"},"content":{"rendered":"<p>Aktorja Juli Emiri, e pranishme n\u00eb takimin p\u00ebrmbyll\u00ebs t\u00eb fushat\u00ebs s\u00eb PD-ASHM, theksoi se t\u00eb gjith\u00eb ata q\u00eb jan\u00eb n\u00eb an\u00ebn e kund\u00ebrt e kan\u00eb zili forc\u00ebn dhe betej\u00ebn q\u00eb ka b\u00ebr\u00eb ky koalicion, nd\u00ebrsa i b\u00ebri thirrje qytetar\u00ebve q\u00eb shansin e vet\u00ebm p\u00ebr t\u00eb qen\u00eb n\u00eb an\u00ebn e duhur t\u00eb historis\u00eb ta kapin m\u00eb 11 maj. Ajo theksoi se data e diel\u00eb do t\u00eb jet\u00eb momenti q\u00eb do t\u00eb ndryshoj\u00eb Shqip\u00ebrin\u00eb dhe do t\u00eb vendos\u00eb nj\u00eb rrug\u00eb t\u00eb re p\u00ebr t\u00eb ardhmen e vendit.<\/p>\n<p><strong>Juli Emiri<\/strong><\/p>\n<p>\u201cMir\u00ebmbr\u00ebma 1-sha! Numri 1 \u00ebsht\u00eb m\u00eb shum\u00eb se thjesht nj\u00eb num\u00ebr n\u00eb flet\u00ebn e PD. Disa mund ta shohin si nj\u00eb rast\u00ebsi, por p\u00ebr mua nuk \u00ebsht\u00eb nj\u00eb short i rast\u00ebsish\u00ebm. P\u00ebr mua \u00ebsht\u00eb nj\u00eb sinjal q\u00eb vjen pik\u00ebrisht sot, pik\u00ebrisht n\u00eb k\u00ebt\u00eb vit. Ishte e destinuar q\u00eb PD t\u00eb kishte k\u00ebt\u00eb vit numrin 1. T\u00eb gjitha kushtet duhet t\u00eb piqeshin dhe PD ta fitonte tani, sepse kur punon shum\u00eb fort p\u00ebr di\u00e7ka, universi punon p\u00ebr ty.<\/p>\n<p>Kjo betej\u00eb dhe kjo luft\u00eb q\u00eb kemi b\u00ebr\u00eb po kthehet n\u00eb favorin ton\u00eb. Ky num\u00ebr q\u00eb kemi fituar \u00ebsht\u00eb m\u00eb shum\u00eb se thjesht nj\u00eb num\u00ebr, \u00ebsht\u00eb nj\u00eb shenj\u00eb q\u00eb na vjen si dhurat\u00eb. Ne e kemi fituar k\u00ebt\u00eb num\u00ebr p\u00ebrpara se ta fitojm\u00eb t\u00eb diel\u00ebn. Ishte e shkruar q\u00eb PD dhe Shqip\u00ebria t\u00eb shkundeshin nga themelet dhe t\u00eb rithemeloheshin p\u00ebr t\u2019u ngritur m\u00eb t\u00eb forta dhe m\u00eb t\u00eb pushtetshme se kurr\u00eb.<\/p>\n<p>Tani jemi m\u00eb t\u00eb fort\u00eb dhe m\u00eb t\u00eb bashkuar se kurr\u00eb. Beteja jon\u00eb ka qen\u00eb e gjat\u00eb dhe e v\u00ebshtir\u00eb, por kur fiton nj\u00eb betej\u00eb t\u00eb till\u00eb, nuk mund t\u00eb shkoj\u00eb ndryshe. Ata q\u00eb kan\u00eb heshtur dhe jan\u00eb n\u00eb an\u00ebn e kund\u00ebrt t\u00eb historis\u00eb na kan\u00eb zili p\u00ebr luft\u00ebn q\u00eb kemi b\u00ebr\u00eb, p\u00ebr emocionet q\u00eb ndjejm\u00eb, p\u00ebr lot\u00ebt e humbjes dhe qeshjet e fitoreve, p\u00ebr guximin dhe lirin\u00eb q\u00eb kemi, sepse ata nuk e kan\u00eb k\u00ebt\u00eb.<\/p>\n<p>Ata q\u00eb jan\u00eb n\u00eb an\u00ebn e kund\u00ebrt kan\u00eb pyetur veten gjat\u00eb gjith\u00eb k\u00ebsaj kohe, \u2018po sikur t\u00eb isha un\u00eb n\u00eb an\u00ebn e duhur t\u00eb historis\u00eb?\u2019 Un\u00eb ju them q\u00eb keni nj\u00eb mund\u00ebsi t\u00eb fundit p\u00ebr t\u00eb qen\u00eb n\u00eb an\u00ebn e duhur t\u00eb historis\u00eb. T\u00eb dielen, m\u00eb 11 maj, kur t\u00eb shkoni p\u00ebrpara flet\u00ebs s\u00eb votimit, harroni t\u00eb gjitha llogarit\u00eb dhe njer\u00ebzit q\u00eb keni p\u00ebrreth, dhe q\u00ebndroni p\u00ebrpara nd\u00ebrgjegjes tuaj. Ai kryq q\u00eb do t\u00eb vini n\u00eb flet\u00ebn e votimit \u00ebsht\u00eb emri juaj, \u00ebsht\u00eb jeta juaj, \u00ebsht\u00eb e ardhmja q\u00eb do t\u2019i lini f\u00ebmij\u00ebve tuaj. Mos e harroni k\u00ebt\u00eb!\u201d<\/p>\n","protected":false},"excerpt":{"rendered":"<p>Aktorja Juli Emiri, e pranishme n\u00eb takimin p\u00ebrmbyll\u00ebs t\u00eb fushat\u00ebs s\u00eb PD-ASHM, theksoi se t\u00eb gjith\u00eb ata q\u00eb jan\u00eb n\u00eb an\u00ebn e kund\u00ebrt e kan\u00eb zili forc\u00ebn dhe betej\u00ebn q\u00eb ka b\u00ebr\u00eb ky koalicion, nd\u00ebrsa i b\u00ebri thirrje qytetar\u00ebve q\u00eb shansin e vet\u00ebm p\u00ebr t\u00eb qen\u00eb n\u00eb an\u00ebn e duhur t\u00eb historis\u00eb ta kapin m\u00eb &hellip;<\/p>\n","protected":false},"author":4,"featured_media":113520,"comment_status":"closed","ping_status":"closed","sticky":false,"template":"","format":"standard","meta":{"footnotes":""},"categories":[37],"tags":[],"class_list":["post-113519","post","type-post","status-publish","format-standard","has-post-thumbnail","","category-politike"],"_links":{"self":[{"href":"https:\/\/rdnews.al\/index.php\/wp-json\/wp\/v2\/posts\/113519","targetHints":{"allow":["GET"]}}],"collection":[{"href":"https:\/\/rdnews.al\/index.php\/wp-json\/wp\/v2\/posts"}],"about":[{"href":"https:\/\/rdnews.al\/index.php\/wp-json\/wp\/v2\/types\/post"}],"author":[{"embeddable":true,"href":"https:\/\/rdnews.al\/index.php\/wp-json\/wp\/v2\/users\/4"}],"replies":[{"embeddable":true,"href":"https:\/\/rdnews.al\/index.php\/wp-json\/wp\/v2\/comments?post=113519"}],"version-history":[{"count":1,"href":"https:\/\/rdnews.al\/index.php\/wp-json\/wp\/v2\/posts\/113519\/revisions"}],"predecessor-version":[{"id":113521,"href":"https:\/\/rdnews.al\/index.php\/wp-json\/wp\/v2\/posts\/113519\/revisions\/113521"}],"wp:featuredmedia":[{"embeddable":true,"href":"https:\/\/rdnews.al\/index.php\/wp-json\/wp\/v2\/media\/113520"}],"wp:attachment":[{"href":"https:\/\/rdnews.al\/index.php\/wp-json\/wp\/v2\/media?parent=113519"}],"wp:term":[{"taxonomy":"category","embeddable":true,"href":"https:\/\/rdnews.al\/index.php\/wp-json\/wp\/v2\/categories?post=113519"},{"taxonomy":"post_tag","embeddable":true,"href":"https:\/\/rdnews.al\/index.php\/wp-json\/wp\/v2\/tags?post=113519"}],"curies":[{"name":"wp","href":"https:\/\/api.w.org\/{rel}","templated":true}]}}