{"id":113523,"date":"2025-05-09T19:02:58","date_gmt":"2025-05-09T19:02:58","guid":{"rendered":"https:\/\/rdnews.al\/?p=113523"},"modified":"2025-05-09T19:02:58","modified_gmt":"2025-05-09T19:02:58","slug":"berisha-neser-ne-pushtet-do-kemi-bashkepunim-te-ngushte-me-presidentin-trump-dhe-kancelarin-merz","status":"publish","type":"post","link":"https:\/\/rdnews.al\/index.php\/2025\/05\/09\/berisha-neser-ne-pushtet-do-kemi-bashkepunim-te-ngushte-me-presidentin-trump-dhe-kancelarin-merz\/","title":{"rendered":"Berisha: Nes\u00ebr n\u00eb pushtet do kemi bashk\u00ebpunim t\u00eb ngusht\u00eb me presidentin Trump dhe kancelarin Merz!"},"content":{"rendered":"<p>Para mij\u00ebra e mij\u00ebra shqiptar\u00ebve, n\u00eb mitingun madh\u00ebshtor t\u00eb Partis\u00eb Demokratike dhe Aleanc\u00ebs p\u00ebr Shqip\u00ebrin\u00eb Madh\u00ebshtore, lideri i opozit\u00ebs Sali Berisha ka premtuar se, nes\u00ebr n\u00eb pushtet Shqip\u00ebria do t\u00eb ket\u00eb bashk\u00ebpunim t\u00eb ngusht\u00eb me presidentin e SHBA, Donald Trump dhe Kancelarin e Gjermanis\u00eb, Friedrich Merz.<\/p>\n<p>K\u00ebto deklarata kryetari i PD-s\u00eb Sali Berisha i b\u00ebri gjat\u00eb fal\u00ebnderimeve p\u00ebr eurodeputetin gjerman, Peter Beyer, Lordin Britanik Stuart Jackson dhe arkitektin e fitores, Chris LaCivita.<\/p>\n<p>\u201cT\u00eb dashur qytetare dhe qytetar\u00eb t\u00eb Tiran\u00ebs dhe mbar\u00eb Shqip\u00ebris\u00eb.<\/p>\n<p>V\u00ebllez\u00ebr dhe motra, zonja dhe zot\u00ebrinj.<\/p>\n<p>P\u00ebrsh\u00ebndetjet e mia m\u00eb t\u00eb p\u00ebrzem\u00ebrta ju q\u00eb keni mbushur k\u00ebt\u00eb bulevard, qytetar\u00ebve t\u00eb Tiran\u00ebs dhe mbar\u00eb Shqip\u00ebris\u00eb, v\u00ebllez\u00ebrve dhe motrave tona n\u00eb diaspor\u00eb kudo q\u00eb ndodhen donte, mir\u00ebnjohjen m\u00eb t\u00eb pakufishme.<\/p>\n<p>T\u00eb dashur miq t\u00eb nderuar dhe t\u00eb \u00e7muar tan\u00eb, t\u00eb pranish\u00ebm n\u00eb k\u00ebt\u00eb mbyllje madh\u00ebshtore t\u00eb fushat\u00ebs ton\u00eb.<\/p>\n<p>N\u00eb em\u00ebr tuaj, un\u00eb do i p\u00ebrcjell p\u00ebrsh\u00ebndetjet m\u00eb t\u00eb p\u00ebrzem\u00ebrta deputetit t\u00eb Bundestagut gjerman, mikut t\u00eb dit\u00ebve m\u00eb t\u00eb v\u00ebshtira t\u00eb PD, opozit\u00ebs shqiptare, Peter Beyer, i cili vjen sot k\u00ebtu p\u00ebr t\u00eb mb\u00ebshtetur fitoren e opozit\u00ebs shqiptare dhe PD-n\u00eb.<\/p>\n<p>I nderuar zoti Beyer, mbetemi p\u00ebrjet\u00eb mir\u00ebnjoh\u00ebs ndaj mb\u00ebshtetjes tuaj, por un\u00eb shfryt\u00ebzoj rastin tim nga kjo tribun\u00eb t\u2019i p\u00ebrcjell p\u00ebrsh\u00ebndetjet m\u00eb t\u00eb p\u00ebrzem\u00ebrta kancelarit Friedrich Merz, t\u00eb cilin pata rastin ta p\u00ebrsh\u00ebndes n\u00eb Valencia, dhe ta siguroj se p\u00ebr PD-n\u00eb dhe opozit\u00ebn shqiptare, fitorja e CDU-s\u00eb, zgjedhja e kancelarit Merz n\u00eb krye t\u00eb ekzekutivit gjerman, n\u00eb udh\u00ebheqje t\u00eb Gjermanis\u00eb dhe Europ\u00ebs, konsiderohet nj\u00eb fat i madh, nj\u00eb vendim historik p\u00ebr Gjermanin\u00eb dhe Europ\u00ebn.<\/p>\n<p>Siguroj se PD n\u00eb qeveri do vendos\u00eb bashk\u00ebpunimin m\u00eb t\u00eb ngusht\u00eb me qeverin\u00eb e kancelarit Merz p\u00ebr rivendosjen e shtetit ligjor, ligjit, funksionimin e ekonomis\u00eb s\u00eb tregut, p\u00ebr shnd\u00ebrrimin e Shqip\u00ebris\u00eb n\u00eb nj\u00eb eksportues t\u00eb mirash materiale, mallrash Made in Albania n\u00eb Gjermani dhe Europ\u00eb, dhe jo krim e refugjat\u00eb, si\u00e7 \u00ebsht\u00eb sot.<\/p>\n<p>I dashur Lord Jackson, jemi jasht\u00ebzakonisht t\u00eb nderuar me pranin\u00eb tuaj k\u00ebtu. Ardhja juaj n\u00eb mb\u00ebshtetje t\u00eb opozit\u00ebs shqiptare dhe PD, \u00ebsht\u00eb nj\u00eb ndihm\u00eb e \u00e7muar, por \u00ebsht\u00eb gjithashtu i nj\u00eb tradite t\u00eb kahershme t\u00eb bashk\u00ebpunimit t\u00eb shk\u00eblqyer t\u00eb PD q\u00eb n\u00eb themelimin e saj dhe Partis\u00eb Konservatore t\u00eb Britanis\u00eb s\u00eb Madhe.<\/p>\n<p>U siguroj se PD n\u00eb pushtet do t\u00eb konsolidoj\u00eb gjithnj\u00eb e m\u00eb shum\u00eb lidhjet dhe bashk\u00ebpunimin me Partin\u00eb Konservatore dhe vendin tuaj mik.<\/p>\n<p>I dashur zoti Chris LaCivita, arkitekt i rikthimit m\u00eb t\u00eb madh n\u00eb historin\u00eb e njer\u00ebzimit me vot\u00ebn e lir\u00eb, rikthimit t\u00eb presidentit Donald Trump n\u00eb Sht\u00ebpin\u00eb e Bardh\u00eb, mir\u00ebnjohjen m\u00eb t\u00eb pakufishme ju p\u00ebr vendimin q\u00eb mor\u00ebt t\u00eb angazhoheni me t\u00eb gjith\u00eb potencialin tuaj p\u00ebr rikthimin e PD-s\u00eb dhe Sali Berish\u00ebs n\u00eb pushtet.<\/p>\n<p>Emri juaj, ekspertiza juaj, u shnd\u00ebrrua me shpejt\u00ebsi n\u00eb eliksirin e k\u00ebsaj fushate, n\u00eb shpirtin e fitores s\u00eb saj.<\/p>\n<p>Dit\u00ebn e par\u00eb, me konferenc\u00ebn e par\u00eb t\u00eb shtypit, e shkallmove Edi Ram\u00ebn duke i r\u00ebn\u00eb tavolin\u00ebs me grushta.<\/p>\n<p>Do garantoj se nes\u00ebr n\u00eb m\u00ebngjes do i bjer\u00eb me kok\u00eb tavolin\u00ebs.<\/p>\n<p>Por i meriton t\u00eb gjitha, ne jemi mir\u00ebnjoh\u00ebs pafund\u00ebsisht p\u00ebr vendimin q\u00eb more p\u00ebr t\u00eb na ndihmuar n\u00eb nj\u00eb moment kritik p\u00ebr opozit\u00ebn dhe Shqip\u00ebrin\u00eb.<\/p>\n<p>Dhe u garantojm\u00eb se PD n\u00eb pushtet do t\u00eb vendos\u00eb marr\u00ebdh\u00ebniet m\u00eb miq\u00ebsore, bashk\u00ebpunimin m\u00eb t\u00eb ngusht\u00eb me administrat\u00ebn e presidentit Donald Trump n\u00eb t\u00eb gjitha fushat\u201d, u shpreh Berisha.<\/p>\n","protected":false},"excerpt":{"rendered":"<p>Para mij\u00ebra e mij\u00ebra shqiptar\u00ebve, n\u00eb mitingun madh\u00ebshtor t\u00eb Partis\u00eb Demokratike dhe Aleanc\u00ebs p\u00ebr Shqip\u00ebrin\u00eb Madh\u00ebshtore, lideri i opozit\u00ebs Sali Berisha ka premtuar se, nes\u00ebr n\u00eb pushtet Shqip\u00ebria do t\u00eb ket\u00eb bashk\u00ebpunim t\u00eb ngusht\u00eb me presidentin e SHBA, Donald Trump dhe Kancelarin e Gjermanis\u00eb, Friedrich Merz. K\u00ebto deklarata kryetari i PD-s\u00eb Sali Berisha i b\u00ebri &hellip;<\/p>\n","protected":false},"author":4,"featured_media":113524,"comment_status":"closed","ping_status":"closed","sticky":false,"template":"","format":"standard","meta":{"footnotes":""},"categories":[37],"tags":[],"class_list":["post-113523","post","type-post","status-publish","format-standard","has-post-thumbnail","","category-politike"],"_links":{"self":[{"href":"https:\/\/rdnews.al\/index.php\/wp-json\/wp\/v2\/posts\/113523","targetHints":{"allow":["GET"]}}],"collection":[{"href":"https:\/\/rdnews.al\/index.php\/wp-json\/wp\/v2\/posts"}],"about":[{"href":"https:\/\/rdnews.al\/index.php\/wp-json\/wp\/v2\/types\/post"}],"author":[{"embeddable":true,"href":"https:\/\/rdnews.al\/index.php\/wp-json\/wp\/v2\/users\/4"}],"replies":[{"embeddable":true,"href":"https:\/\/rdnews.al\/index.php\/wp-json\/wp\/v2\/comments?post=113523"}],"version-history":[{"count":1,"href":"https:\/\/rdnews.al\/index.php\/wp-json\/wp\/v2\/posts\/113523\/revisions"}],"predecessor-version":[{"id":113525,"href":"https:\/\/rdnews.al\/index.php\/wp-json\/wp\/v2\/posts\/113523\/revisions\/113525"}],"wp:featuredmedia":[{"embeddable":true,"href":"https:\/\/rdnews.al\/index.php\/wp-json\/wp\/v2\/media\/113524"}],"wp:attachment":[{"href":"https:\/\/rdnews.al\/index.php\/wp-json\/wp\/v2\/media?parent=113523"}],"wp:term":[{"taxonomy":"category","embeddable":true,"href":"https:\/\/rdnews.al\/index.php\/wp-json\/wp\/v2\/categories?post=113523"},{"taxonomy":"post_tag","embeddable":true,"href":"https:\/\/rdnews.al\/index.php\/wp-json\/wp\/v2\/tags?post=113523"}],"curies":[{"name":"wp","href":"https:\/\/api.w.org\/{rel}","templated":true}]}}