{"id":113532,"date":"2025-05-09T19:35:10","date_gmt":"2025-05-09T19:35:10","guid":{"rendered":"https:\/\/rdnews.al\/?p=113532"},"modified":"2025-05-09T19:35:10","modified_gmt":"2025-05-09T19:35:10","slug":"berisha-brenda-nje-mandati-do-shlyejme-borxhin-per-ish-pronaret-dhe-ish-te-perndjekurit-do-anulojme-cdo-ligj-te-rames-per-grabitjen-e-pronave","status":"publish","type":"post","link":"https:\/\/rdnews.al\/index.php\/2025\/05\/09\/berisha-brenda-nje-mandati-do-shlyejme-borxhin-per-ish-pronaret-dhe-ish-te-perndjekurit-do-anulojme-cdo-ligj-te-rames-per-grabitjen-e-pronave\/","title":{"rendered":"Berisha: Brenda nj\u00eb mandati do shlyejm\u00eb borxhin p\u00ebr ish-pronar\u00ebt dhe ish-t\u00eb p\u00ebrndjekurit! Do anulojm\u00eb \u00e7do ligj t\u00eb Ram\u00ebs p\u00ebr grabitjen e pronave"},"content":{"rendered":"<p>Kryetari i Partis\u00eb Demokratike, Sali Berisha u ka premtuar ish-pronar\u00ebve dhe ish-t\u00eb p\u00ebrndjekurve se, brenda nj\u00eb mandati do t\u00eb shlyej\u00eb borxhin.<\/p>\n<p>Lideri i opozit\u00ebs u shpreh gjithashtu se, do t\u00eb anulohet dhe \u00e7do ligj t\u00eb Edi Ram\u00ebs p\u00ebr grabitjen e pronave.<\/p>\n<p>\u201cNj\u00eb mesazh kam p\u00ebr ish-pronar\u00ebt dhe ish-t\u00eb p\u00ebrndjekurit politik\u00eb.<\/p>\n<p>Duke u shprehur nderimin m\u00eb t\u00eb madh, por edhe ndjes\u00eb p\u00ebr gabimet q\u00eb kjo parti ka b\u00ebr\u00eb n\u00eb ligje t\u00eb caktuara, u jap fjal\u00ebn e nderit se detyrimin q\u00eb shoq\u00ebria shqiptare ndaj tyre, Sali Berisha e k\u00ebrkon borxhin e nderit t\u00eb tij.<\/p>\n<p>Dhe ai borxh do shlyhet brenda nj\u00eb mandati.<\/p>\n<p>Ai \u00ebsht\u00eb borxh dhe vet\u00ebm borxh.<\/p>\n<p>Dhe shoq\u00ebria nuk do u rrij\u00eb m\u00eb asnj\u00eb dit\u00eb m\u00eb shum\u00eb se mandatin e par\u00eb.<\/p>\n<p>Do i japim p\u00ebrgjigjen p\u00ebrfundimtare pron\u00ebs.<\/p>\n<p>Do anulojm\u00eb t\u00eb gjith\u00eb ligjet e sotme t\u00eb Edi Ram\u00ebs q\u00eb grabit, pla\u00e7kit pronat si n\u00eb vitin 1946.<\/p>\n<p>Paralajm\u00ebroj ministrat strategjik\u00eb, a e mor\u00ebt vesh o miq, se pas Xha\u00e7k\u00ebs strategjike, doli Ibrahimi strategjike.<\/p>\n<p>K\u00ebta nj\u00eb dhe dy, b\u00ebjn\u00eb burrat strategjik\u00eb.<\/p>\n<p>Do ua marrim t\u00eb gjitha ato prona dhe do u jepen pronar\u00ebve.<\/p>\n<p>Mos guxoni t\u00eb prekni pronat e shqiptar\u00ebve\u201d, tha Berisha.<\/p>\n","protected":false},"excerpt":{"rendered":"<p>Kryetari i Partis\u00eb Demokratike, Sali Berisha u ka premtuar ish-pronar\u00ebve dhe ish-t\u00eb p\u00ebrndjekurve se, brenda nj\u00eb mandati do t\u00eb shlyej\u00eb borxhin. Lideri i opozit\u00ebs u shpreh gjithashtu se, do t\u00eb anulohet dhe \u00e7do ligj t\u00eb Edi Ram\u00ebs p\u00ebr grabitjen e pronave. \u201cNj\u00eb mesazh kam p\u00ebr ish-pronar\u00ebt dhe ish-t\u00eb p\u00ebrndjekurit politik\u00eb. Duke u shprehur nderimin m\u00eb &hellip;<\/p>\n","protected":false},"author":4,"featured_media":113533,"comment_status":"closed","ping_status":"closed","sticky":false,"template":"","format":"standard","meta":{"footnotes":""},"categories":[37],"tags":[],"class_list":["post-113532","post","type-post","status-publish","format-standard","has-post-thumbnail","","category-politike"],"_links":{"self":[{"href":"https:\/\/rdnews.al\/index.php\/wp-json\/wp\/v2\/posts\/113532","targetHints":{"allow":["GET"]}}],"collection":[{"href":"https:\/\/rdnews.al\/index.php\/wp-json\/wp\/v2\/posts"}],"about":[{"href":"https:\/\/rdnews.al\/index.php\/wp-json\/wp\/v2\/types\/post"}],"author":[{"embeddable":true,"href":"https:\/\/rdnews.al\/index.php\/wp-json\/wp\/v2\/users\/4"}],"replies":[{"embeddable":true,"href":"https:\/\/rdnews.al\/index.php\/wp-json\/wp\/v2\/comments?post=113532"}],"version-history":[{"count":1,"href":"https:\/\/rdnews.al\/index.php\/wp-json\/wp\/v2\/posts\/113532\/revisions"}],"predecessor-version":[{"id":113534,"href":"https:\/\/rdnews.al\/index.php\/wp-json\/wp\/v2\/posts\/113532\/revisions\/113534"}],"wp:featuredmedia":[{"embeddable":true,"href":"https:\/\/rdnews.al\/index.php\/wp-json\/wp\/v2\/media\/113533"}],"wp:attachment":[{"href":"https:\/\/rdnews.al\/index.php\/wp-json\/wp\/v2\/media?parent=113532"}],"wp:term":[{"taxonomy":"category","embeddable":true,"href":"https:\/\/rdnews.al\/index.php\/wp-json\/wp\/v2\/categories?post=113532"},{"taxonomy":"post_tag","embeddable":true,"href":"https:\/\/rdnews.al\/index.php\/wp-json\/wp\/v2\/tags?post=113532"}],"curies":[{"name":"wp","href":"https:\/\/api.w.org\/{rel}","templated":true}]}}