{"id":113535,"date":"2025-05-09T19:40:45","date_gmt":"2025-05-09T19:40:45","guid":{"rendered":"https:\/\/rdnews.al\/?p=113535"},"modified":"2025-05-09T19:55:39","modified_gmt":"2025-05-09T19:55:39","slug":"berisha-ne-qe-permbysim-dikur-nje-diktature-do-permbysim-kete-diktature","status":"publish","type":"post","link":"https:\/\/rdnews.al\/index.php\/2025\/05\/09\/berisha-ne-qe-permbysim-dikur-nje-diktature-do-permbysim-kete-diktature\/","title":{"rendered":"Berisha: Ne q\u00eb an\u00ebtar\u00ebsuam Shqip\u00ebrin\u00eb n\u00eb NATO, do an\u00ebtar\u00ebsojm\u00eb Shqip\u00ebrin\u00eb n\u00eb BE"},"content":{"rendered":"<p>N\u00eb fund t\u00eb fjal\u00ebs s\u00eb tij n\u00eb tubimin madh\u00ebshtor n\u00eb Bulevardin e ri t\u00eb Aleanc\u00ebs p\u00ebr Shqip\u00ebrin\u00eb Madh\u00ebshtore, kryetari i Partis\u00eb Demokratike Sali Berisha u shpreh se, kjo forc\u00eb politike do e an\u00ebtar\u00ebsoj\u00eb Shqip\u00ebrin\u00eb n\u00eb BE.<\/p>\n<p>Berisha tha se, ne q\u00eb p\u00ebrmbysim dikur nj\u00eb diktatur\u00eb, ne do p\u00ebrmbysim k\u00ebt\u00eb diktatur\u00eb. Ne q\u00eb an\u00ebtar\u00ebsuam Shqip\u00ebrin\u00eb n\u00eb NATO, do an\u00ebtar\u00ebsojm\u00eb Shqip\u00ebrin\u00eb n\u00eb BE.<\/p>\n<p><strong>Berisha: <\/strong>Pra miq, 11 Maji n\u00eb t\u00eb v\u00ebrtet\u00eb \u00ebsht\u00eb dit\u00eb e \u00e7do shqiptari.<\/p>\n<p>\u00cbsht\u00eb ora e \u00e7do shqiptari.<\/p>\n<p>\u00cbsht\u00eb ora e Shqip\u00ebris\u00eb.<\/p>\n<p>\u00cbsht\u00eb ora e atdhetaris\u00eb s\u00eb shqiptar\u00ebve.<\/p>\n<p>A e shihni ju ku kemi r\u00ebn\u00eb?<\/p>\n<p>Kemi r\u00ebn\u00eb n\u00eb kombin q\u00eb kemi sot treguesin e lindshm\u00ebris\u00eb m\u00eb t\u00eb ul\u00ebt n\u00eb bot\u00eb.<\/p>\n<p>Kemi r\u00ebn\u00eb n\u00eb kombin q\u00eb sot kemi treguesin e jetes\u00ebs m\u00eb t\u00eb keqin n\u00eb Europ\u00eb.<\/p>\n<p>Kemi r\u00ebn\u00eb n\u00eb kombin e vet\u00ebm q\u00eb ka nj\u00eb vend q\u00eb quhet kanabistan apo Kolumbi e Europ\u00ebs.<\/p>\n<p>Miq, m\u00eb 11 Maj firmosim s\u00eb bashku p\u00ebr nj\u00eb Shqip\u00ebri krenare, p\u00ebr nj\u00eb Shqip\u00ebri tjet\u00ebr.<\/p>\n<p>Ne q\u00eb p\u00ebrmbysim dikur nj\u00eb diktatur\u00eb, ne do p\u00ebrmbysim k\u00ebt\u00eb diktatur\u00eb.<\/p>\n<p>Ne q\u00eb an\u00ebtar\u00ebsuam Shqip\u00ebrin\u00eb n\u00eb NATO, do an\u00ebtar\u00ebsojm\u00eb Shqip\u00ebrin\u00eb n\u00eb BE.<\/p>\n<p>Ne q\u00eb dol\u00ebm nga honet e mjerimit n\u00eb grupin e vendeve me t\u00eb ardhura t\u00eb mesme t\u00eb larta, do ecim drejt mir\u00ebqenies, pun\u00ebsimit, rrogave t\u00eb larta, drejt shkollimit.<\/p>\n<p>Ndaj dhe k\u00ebto or\u00eb q\u00eb na ndajn\u00eb, le ta b\u00ebjm\u00eb nat\u00ebn dit\u00eb, t\u00eb vazhdojm\u00eb komunikimi, kontaktet, bisedat me \u00e7do t\u00eb njohur kudo q\u00eb \u00ebsht\u00eb.<\/p>\n<p>T\u2019i ftojm\u00eb t\u00eb bashkohen.<\/p>\n<p>Nuk \u00ebsht\u00eb \u00e7\u00ebshtja p\u00ebr partit\u00eb, nuk \u00ebsht\u00eb \u00e7\u00ebshtja p\u00ebr pushtetin e Sali Berish\u00ebs.<\/p>\n<p>Absolutisht jo.<\/p>\n<p>Por \u00ebsht\u00eb \u00e7\u00ebshtja p\u00ebr t\u00eb ardhmen e Shqip\u00ebris\u00eb dhe shqiptar\u00ebve.<\/p>\n<p>P\u00ebr mir\u00ebqenien.<\/p>\n<p>P\u00ebr begatin\u00eb.<\/p>\n<p>P\u00ebr pun\u00ebsimin.<\/p>\n<p>P\u00ebr rroga t\u00eb larta.<\/p>\n<p>P\u00ebr pensione t\u00eb larta.<\/p>\n<p>P\u00ebr shkollimin e t\u00eb rinjve.<\/p>\n<p>P\u00ebr \u00ebndrr\u00ebn e t\u00eb rinjve n\u00eb Shqip\u00ebri.<\/p>\n<p>\u00cbsht\u00eb \u00e7\u00ebshtja p\u00ebr rinin\u00eb n\u00eb Europ\u00eb.<\/p>\n<p>\u00cbsht\u00eb \u00e7\u00ebshtja p\u00ebr Shqip\u00ebrin\u00eb zonj\u00eb.<\/p>\n<p>Rroft\u00eb Shqip\u00ebria, fitore, fitore, fitore!<\/p>\n","protected":false},"excerpt":{"rendered":"<p>N\u00eb fund t\u00eb fjal\u00ebs s\u00eb tij n\u00eb tubimin madh\u00ebshtor n\u00eb Bulevardin e ri t\u00eb Aleanc\u00ebs p\u00ebr Shqip\u00ebrin\u00eb Madh\u00ebshtore, kryetari i Partis\u00eb Demokratike Sali Berisha u shpreh se, kjo forc\u00eb politike do e an\u00ebtar\u00ebsoj\u00eb Shqip\u00ebrin\u00eb n\u00eb BE. Berisha tha se, ne q\u00eb p\u00ebrmbysim dikur nj\u00eb diktatur\u00eb, ne do p\u00ebrmbysim k\u00ebt\u00eb diktatur\u00eb. Ne q\u00eb an\u00ebtar\u00ebsuam Shqip\u00ebrin\u00eb n\u00eb &hellip;<\/p>\n","protected":false},"author":4,"featured_media":113539,"comment_status":"closed","ping_status":"closed","sticky":false,"template":"","format":"standard","meta":{"footnotes":""},"categories":[37],"tags":[],"class_list":["post-113535","post","type-post","status-publish","format-standard","has-post-thumbnail","","category-politike"],"_links":{"self":[{"href":"https:\/\/rdnews.al\/index.php\/wp-json\/wp\/v2\/posts\/113535","targetHints":{"allow":["GET"]}}],"collection":[{"href":"https:\/\/rdnews.al\/index.php\/wp-json\/wp\/v2\/posts"}],"about":[{"href":"https:\/\/rdnews.al\/index.php\/wp-json\/wp\/v2\/types\/post"}],"author":[{"embeddable":true,"href":"https:\/\/rdnews.al\/index.php\/wp-json\/wp\/v2\/users\/4"}],"replies":[{"embeddable":true,"href":"https:\/\/rdnews.al\/index.php\/wp-json\/wp\/v2\/comments?post=113535"}],"version-history":[{"count":3,"href":"https:\/\/rdnews.al\/index.php\/wp-json\/wp\/v2\/posts\/113535\/revisions"}],"predecessor-version":[{"id":113542,"href":"https:\/\/rdnews.al\/index.php\/wp-json\/wp\/v2\/posts\/113535\/revisions\/113542"}],"wp:featuredmedia":[{"embeddable":true,"href":"https:\/\/rdnews.al\/index.php\/wp-json\/wp\/v2\/media\/113539"}],"wp:attachment":[{"href":"https:\/\/rdnews.al\/index.php\/wp-json\/wp\/v2\/media?parent=113535"}],"wp:term":[{"taxonomy":"category","embeddable":true,"href":"https:\/\/rdnews.al\/index.php\/wp-json\/wp\/v2\/categories?post=113535"},{"taxonomy":"post_tag","embeddable":true,"href":"https:\/\/rdnews.al\/index.php\/wp-json\/wp\/v2\/tags?post=113535"}],"curies":[{"name":"wp","href":"https:\/\/api.w.org\/{rel}","templated":true}]}}