{"id":113549,"date":"2025-05-09T21:48:00","date_gmt":"2025-05-09T21:48:00","guid":{"rendered":"https:\/\/rdnews.al\/?p=113549"},"modified":"2025-05-09T21:48:12","modified_gmt":"2025-05-09T21:48:12","slug":"tom-doshi-rama-eshte-peng-i-krimit-te-organizuar-dhe-korrupsionit-po-been-krime-zgjedhore","status":"publish","type":"post","link":"https:\/\/rdnews.al\/index.php\/2025\/05\/09\/tom-doshi-rama-eshte-peng-i-krimit-te-organizuar-dhe-korrupsionit-po-been-krime-zgjedhore\/","title":{"rendered":"Tom Doshi: Rama, peng i krimit t\u00eb organizuar dhe korrupsionit, po b\u00ebn krime zgjedhore"},"content":{"rendered":"<div class=\"xdj266r x11i5rnm xat24cr x1mh8g0r x1vvkbs x126k92a\">\n<div dir=\"auto\">Kreu i Partis\u00eb Social Demokrate, Tom Doshi, ka hedhur akuza t\u00eb forta ndaj kryeministrit Edi Rama n\u00eb mbyllje t\u00eb fushat\u00ebs elektorale, duke e akuzuar k\u00ebt\u00eb t\u00eb fundit si t\u00eb kapur nga korrupsioni dhe krimi i organizuar.<\/div>\n<\/div>\n<div class=\"x11i5rnm xat24cr x1mh8g0r x1vvkbs xtlvy1s x126k92a\">\n<div dir=\"auto\">\u201cM\u00eb vjen keq p\u00ebr Edi Ram\u00ebn q\u00eb e ka marr\u00eb peng korrupsioni dhe krimi i organizuar, sepse kur erdhi n\u00eb 2013 kisha shum\u00eb besim te ai q\u00eb s&#8217;do t\u00eb p\u00ebrfundonte ku ka p\u00ebrfunduar sot\u201d, u shpreh Doshi n\u00eb fjal\u00ebn e tij.<\/div>\n<\/div>\n<div class=\"x11i5rnm xat24cr x1mh8g0r x1vvkbs xtlvy1s x126k92a\">\n<div dir=\"auto\">Ai theksoi se sot n\u00eb Shqip\u00ebri po b\u00ebhen krime zgjedhore dhe se qytetar\u00ebt po i n\u00ebnshtrohen presioneve p\u00ebr t\u00eb votuar Partin\u00eb Socialiste.<\/div>\n<\/div>\n<div class=\"x11i5rnm xat24cr x1mh8g0r x1vvkbs xtlvy1s x126k92a\">\n<div dir=\"auto\">\u201cKemi gjysm\u00ebn e qeveris\u00eb n\u00eb burg. Po b\u00ebhen krime zgjedhore. Po i marrin lirin\u00eb njer\u00ebzve si e si t\u00eb votojn\u00eb Partin\u00eb Socialiste. Pse keni frik\u00eb? N\u00ebse ju keni punuar mir\u00eb, populli t\u00eb voton vet\u00eb. Ju keni ardhur vet\u00eb k\u00ebtu sot. Sot kemi t\u00eb b\u00ebjm\u00eb me dy qeveri t\u00eb korruptuara. Nj\u00eb e Sali Berish\u00ebs q\u00eb ishte dhe tjetra e Edi Ram\u00ebs\u201d, vijoi ai.<\/div>\n<\/div>\n<div class=\"x11i5rnm xat24cr x1mh8g0r x1vvkbs xtlvy1s x126k92a\">\n<div dir=\"auto\">Ai foli gjithashtu p\u00ebr nd\u00ebrhyrjen e shtetit n\u00eb zgjedhje, p\u00ebrpjekjet p\u00ebr blerjen e vot\u00ebs, dhe p\u00ebr lidhjet e policis\u00eb me krimin e organizuar.<\/div>\n<\/div>\n<div class=\"x11i5rnm xat24cr x1mh8g0r x1vvkbs xtlvy1s x126k92a\">\n<div dir=\"auto\">\u201cShkon dhe shkruan n\u00ebp\u00ebr letra do t\u00eb marr 88 mandate. Po meq\u00eb i merr 88 mandate, pse hiqni njer\u00ebz prej pune? Pse i b\u00ebni presion njer\u00ebzve? Po e \u00e7ojn\u00eb vendin n\u00eb kolaps q\u00eb nd\u00ebrkomb\u00ebtar\u00ebt jo t\u00eb japin pasaport\u00eb europiane, po mos t\u00eb njihen zgjedhjet prej krimit zgjedhor q\u00eb po b\u00ebhet n\u00eb Shqip\u00ebri. \u00cbsht\u00eb \u00e7uar i madh dhe i vog\u00ebl p\u00ebr t\u00eb bler\u00eb vota. Policia e lidhur me krimin e organizuar.\u201d<\/div>\n<\/div>\n<div class=\"x11i5rnm xat24cr x1mh8g0r x1vvkbs xtlvy1s x126k92a\">\n<div dir=\"auto\">N\u00eb p\u00ebrfundim, Tom Doshi theksoi realitetin e v\u00ebshtir\u00eb t\u00eb qytetar\u00ebve shqiptar\u00eb, q\u00eb sipas tij po vuajn\u00eb p\u00ebr nevoja bazike nd\u00ebrsa qeveria flet p\u00ebr projekte infrastrukturore.<\/div>\n<\/div>\n<div class=\"x11i5rnm xat24cr x1mh8g0r x1vvkbs xtlvy1s x126k92a\">\n<div dir=\"auto\">\u201cJan\u00eb 1 milion\u00eb shqiptar\u00eb q\u00eb vuajn\u00eb, vuajn\u00eb p\u00ebr ushqim, vuajn\u00eb p\u00ebr ila\u00e7e. Diskutohen k\u00ebtu aeroporte, porte. Akoma festohet se b\u00ebhet nj\u00eb rrug\u00eb.\u201d<\/div>\n<\/div>\n","protected":false},"excerpt":{"rendered":"<p>Kreu i Partis\u00eb Social Demokrate, Tom Doshi, ka hedhur akuza t\u00eb forta ndaj kryeministrit Edi Rama n\u00eb mbyllje t\u00eb fushat\u00ebs elektorale, duke e akuzuar k\u00ebt\u00eb t\u00eb fundit si t\u00eb kapur nga korrupsioni dhe krimi i organizuar. \u201cM\u00eb vjen keq p\u00ebr Edi Ram\u00ebn q\u00eb e ka marr\u00eb peng korrupsioni dhe krimi i organizuar, sepse kur erdhi &hellip;<\/p>\n","protected":false},"author":3,"featured_media":113550,"comment_status":"closed","ping_status":"closed","sticky":false,"template":"","format":"standard","meta":{"footnotes":""},"categories":[37],"tags":[],"class_list":["post-113549","post","type-post","status-publish","format-standard","has-post-thumbnail","","category-politike"],"_links":{"self":[{"href":"https:\/\/rdnews.al\/index.php\/wp-json\/wp\/v2\/posts\/113549","targetHints":{"allow":["GET"]}}],"collection":[{"href":"https:\/\/rdnews.al\/index.php\/wp-json\/wp\/v2\/posts"}],"about":[{"href":"https:\/\/rdnews.al\/index.php\/wp-json\/wp\/v2\/types\/post"}],"author":[{"embeddable":true,"href":"https:\/\/rdnews.al\/index.php\/wp-json\/wp\/v2\/users\/3"}],"replies":[{"embeddable":true,"href":"https:\/\/rdnews.al\/index.php\/wp-json\/wp\/v2\/comments?post=113549"}],"version-history":[{"count":2,"href":"https:\/\/rdnews.al\/index.php\/wp-json\/wp\/v2\/posts\/113549\/revisions"}],"predecessor-version":[{"id":113552,"href":"https:\/\/rdnews.al\/index.php\/wp-json\/wp\/v2\/posts\/113549\/revisions\/113552"}],"wp:featuredmedia":[{"embeddable":true,"href":"https:\/\/rdnews.al\/index.php\/wp-json\/wp\/v2\/media\/113550"}],"wp:attachment":[{"href":"https:\/\/rdnews.al\/index.php\/wp-json\/wp\/v2\/media?parent=113549"}],"wp:term":[{"taxonomy":"category","embeddable":true,"href":"https:\/\/rdnews.al\/index.php\/wp-json\/wp\/v2\/categories?post=113549"},{"taxonomy":"post_tag","embeddable":true,"href":"https:\/\/rdnews.al\/index.php\/wp-json\/wp\/v2\/tags?post=113549"}],"curies":[{"name":"wp","href":"https:\/\/api.w.org\/{rel}","templated":true}]}}