{"id":113556,"date":"2025-05-09T21:58:08","date_gmt":"2025-05-09T21:58:08","guid":{"rendered":"https:\/\/rdnews.al\/?p=113556"},"modified":"2025-05-09T22:05:37","modified_gmt":"2025-05-09T22:05:37","slug":"deklarata-e-forte-e-lacivita-soros-dhe-rama-destabilizuan-shqiperine","status":"publish","type":"post","link":"https:\/\/rdnews.al\/index.php\/2025\/05\/09\/deklarata-e-forte-e-lacivita-soros-dhe-rama-destabilizuan-shqiperine\/","title":{"rendered":"Deklarata e fort\u00eb e LaCivita: Soros dhe Rama destabilizuan Shqip\u00ebrin\u00eb, armiq q\u00eb duhen luftuar"},"content":{"rendered":"<p><strong>Pjes\u00eb nga intervista:<\/strong><\/p>\n<p><strong>\u00c7im Peka:<\/strong>\u00a0Nuk e di para se t\u00eb vinit n\u00eb Shqip\u00ebri p\u00ebr t\u00eb ndihmuar Sali Berish\u00ebn dhe PD p\u00ebr fushat\u00ebn, kishit d\u00ebgjuar ndonj\u00ebher\u00eb p\u00ebr Shqip\u00ebrin\u00eb. Besoj se jo. Por pasi keni ardhur, keni m\u00ebsuar faktin se streha kryesore pas Uashingtonit e Xhorxh Soros \u00ebsht\u00eb Tirana. \u00a0A ju ka b\u00ebr\u00eb p\u00ebrshtypje ky vend kaq periferik n\u00eb raport me Uashingtonin?! \u00c7far\u00eb e lidh kaq shum\u00eb, at\u00eb q\u00eb n\u00eb nj\u00eb far\u00eb forme ka qen\u00eb kund\u00ebrshtari kryesor i konservator\u00ebve n\u00eb Amerik\u00eb dhe Donald Trumpit. Si mund t\u00eb lidhet nj\u00eb kryeminist\u00ebr i nj\u00eb vendi me nj\u00eb GDP t\u00eb pap\u00ebrfillshme me Aleks Soros kaq shum\u00eb?! Madje ka dhe personazhe t\u00eb tjer\u00eb q\u00eb kan\u00eb ardhur n\u00eb Shqip\u00ebri dhe Rama i pret si n\u00eb sht\u00ebpin\u00eb e tij. \u00c7far\u00eb r\u00ebnd\u00ebsie ka Shqip\u00ebria p\u00ebr gjith\u00eb k\u00ebto personazhe?!<\/p>\n<p><strong>Chris\u00a0LaCivita:\u00a0<\/strong>Pse esht\u00eb Shqip\u00ebria kaq e r\u00ebnd\u00ebsishme?! Nj\u00eb prej gj\u00ebrave q\u00eb ne i dime n\u00eb SHBA, \u00ebsht\u00eb se familja Soros \u00ebsht\u00eb aktive n\u00eb politik\u00ebn n\u00eb bot\u00eb dhe s\u2019jan\u00eb politika t\u00eb rregullta, por kan\u00eb t\u00eb b\u00ebjn\u00eb me politika destabilizuese, dhe ato jan\u00eb fushata destabilizuese dhe lul\u00ebzojn\u00eb n\u00eb mjedise ku qeverit\u00eb jan\u00eb t\u00eb pasigurta dhe ata kan\u00eb gjetur sht\u00ebpin\u00eb e duhur n\u00eb Shqip\u00ebri, fatkeq\u00ebsisht dhe kryeministrin Rama sa i p\u00ebrket destabilizimit. Shqip\u00ebria ishte kthyer n\u00eb k\u00ebt\u00eb pik\u00ebn e nxeht\u00eb t\u00eb veprimtarive t\u00eb Soros dhe q\u00eb un\u00eb merrem n\u00eb SHBA, \u00ebsht\u00eb e r\u00ebnd\u00ebsishme ta nxjerrim n\u00eb pah k\u00ebt\u00eb dhe kjo ka ndikim n\u00eb Shqip\u00ebri. Kur ju mir\u00ebprisnit nj\u00eb faktor destabilizues ju i jepni nj\u00eb qasje tjet\u00ebr, dhje kjo i shkon p\u00ebr shtat, pasi vet\u00eb Rama \u00ebsht\u00eb i paq\u00ebndruesh\u00ebm dhe kjo i shkon p\u00ebr shtat familjes Soros. D\u00ebshira m\u00eb e madhe e shqiptar\u00ebve \u00ebsht\u00eb t\u00eb ken\u00eb nj\u00eb t\u00eb ardhme, dhe \u00e7do her\u00eb q\u00eb ka individ\u00eb apo organizat\u00eb q\u00eb duan ta b\u00ebjn\u00eb t\u00eb v\u00ebshtir\u00ebsojn\u00eb k\u00ebt\u00eb, p\u00ebr mua k\u00ebto jan\u00eb armiq t\u00eb v\u00ebrtet\u00eb dhe p\u00ebr mua jan\u00eb ato t\u00eb cil\u00ebt duhet t\u00eb luftojm\u00eb gjat\u00eb fushatave tona.<\/p>\n","protected":false},"excerpt":{"rendered":"<p>Pjes\u00eb nga intervista: \u00c7im Peka:\u00a0Nuk e di para se t\u00eb vinit n\u00eb Shqip\u00ebri p\u00ebr t\u00eb ndihmuar Sali Berish\u00ebn dhe PD p\u00ebr fushat\u00ebn, kishit d\u00ebgjuar ndonj\u00ebher\u00eb p\u00ebr Shqip\u00ebrin\u00eb. Besoj se jo. Por pasi keni ardhur, keni m\u00ebsuar faktin se streha kryesore pas Uashingtonit e Xhorxh Soros \u00ebsht\u00eb Tirana. \u00a0A ju ka b\u00ebr\u00eb p\u00ebrshtypje ky vend kaq &hellip;<\/p>\n","protected":false},"author":3,"featured_media":113557,"comment_status":"closed","ping_status":"closed","sticky":false,"template":"","format":"standard","meta":{"footnotes":""},"categories":[37],"tags":[],"class_list":["post-113556","post","type-post","status-publish","format-standard","has-post-thumbnail","","category-politike"],"_links":{"self":[{"href":"https:\/\/rdnews.al\/index.php\/wp-json\/wp\/v2\/posts\/113556","targetHints":{"allow":["GET"]}}],"collection":[{"href":"https:\/\/rdnews.al\/index.php\/wp-json\/wp\/v2\/posts"}],"about":[{"href":"https:\/\/rdnews.al\/index.php\/wp-json\/wp\/v2\/types\/post"}],"author":[{"embeddable":true,"href":"https:\/\/rdnews.al\/index.php\/wp-json\/wp\/v2\/users\/3"}],"replies":[{"embeddable":true,"href":"https:\/\/rdnews.al\/index.php\/wp-json\/wp\/v2\/comments?post=113556"}],"version-history":[{"count":3,"href":"https:\/\/rdnews.al\/index.php\/wp-json\/wp\/v2\/posts\/113556\/revisions"}],"predecessor-version":[{"id":113560,"href":"https:\/\/rdnews.al\/index.php\/wp-json\/wp\/v2\/posts\/113556\/revisions\/113560"}],"wp:featuredmedia":[{"embeddable":true,"href":"https:\/\/rdnews.al\/index.php\/wp-json\/wp\/v2\/media\/113557"}],"wp:attachment":[{"href":"https:\/\/rdnews.al\/index.php\/wp-json\/wp\/v2\/media?parent=113556"}],"wp:term":[{"taxonomy":"category","embeddable":true,"href":"https:\/\/rdnews.al\/index.php\/wp-json\/wp\/v2\/categories?post=113556"},{"taxonomy":"post_tag","embeddable":true,"href":"https:\/\/rdnews.al\/index.php\/wp-json\/wp\/v2\/tags?post=113556"}],"curies":[{"name":"wp","href":"https:\/\/api.w.org\/{rel}","templated":true}]}}